{"id":20260,"date":"2022-12-15T12:51:10","date_gmt":"2022-12-15T11:51:10","guid":{"rendered":"https:\/\/semmelweis.hu\/emk\/?p=20260"},"modified":"2022-12-15T12:51:30","modified_gmt":"2022-12-15T11:51:30","slug":"2022-december-20-an-nyit-a-felvi-hu-rendszere","status":"publish","type":"post","link":"https:\/\/semmelweis.hu\/emk\/2022\/12\/15\/2022-december-20-an-nyit-a-felvi-hu-rendszere\/","title":{"rendered":"2022. december 20-\u00e1n nyit a Felvi.hu rendszere"},"content":{"rendered":"<div>2023-ban is v\u00e1rjuk\u00a0<strong>eg\u00e9szs\u00e9g\u00fcgyi menedzser mesterk\u00e9pz\u00e9s\u00fcnk<\/strong>re\u00a0azokat az eg\u00e9szs\u00e9g\u00fcgyi vezet\u0151ket, vagy vezet\u0151nek k\u00e9sz\u00fcl\u0151ket, akik professzion\u00e1lis szint\u0171 tud\u00e1shoz szeretn\u00e9nek jutni a szervezetek ir\u00e1ny\u00edt\u00e1s\u00e1nak t\u00e9mak\u00f6r\u00e9ben \u00e9s elk\u00f6telezettek a magyar eg\u00e9szs\u00e9g\u00fcgy folyamatos fejleszt\u00e9se ir\u00e1nt.<\/div>\n<div>\u00a0<\/div>\n<div>\n<div>\n<p>2022. december 20-\u00e1n ism\u00e9t megny\u00edlik a tov\u00e1bbtanulni v\u00e1gy\u00f3k el\u0151tt a Felvi.hu rendszere, az E-felv\u00e9teli. Ahogy minden \u00e9vben, id\u00e9n is csak ezen a fel\u00fcleten kereszt\u00fcl lehet az MSc k\u00e9pz\u00e9sre jelentkezni. Az E-felv\u00e9teli haszn\u00e1lat\u00e1hoz els\u0151 l\u00e9p\u00e9sk\u00e9nt regisztr\u00e1lni kell a\u00a0<a href=\"https:\/\/2mteu.r.a.d.sendibm1.com\/mk\/cl\/f\/LfR85YHYiaMnDQDrPw4cKbn7N5-MPKVOjuSiNulZu6xynzDT4TmuQfD6jC1wN6zRsVC70Zy2W27PUa9cO6GhH71tsO54EensbLkCvbVIRGghIobMDjyPqoJ_SEKoDn3ewXDlZ9IJZUsXwtMMj9rZq8iZP-twSZANYyGn6097izjJBrkVpHnTZScUeUo\" target=\"_blank\" rel=\"noopener\"><strong>Felvi.hu<\/strong><\/a>\u00a0oldalon.<\/p>\n<p><strong>A felv\u00e9teli jelentkez\u00e9s hat\u00e1rideje: 2023. febru\u00e1r 15.<\/strong><\/p>\n<\/div>\n<div>\n<div>A 120 kredites <a href=\"https:\/\/semmelweis.hu\/emk\/oktatas\/mesterkepzes\/msc-kepzes-felveteli-informaciok\/\">eg\u00e9szs\u00e9g\u00fcgyi menedzser mesterk\u00e9pz\u00e9s\u00fcnket<\/a> 2021. \u0151sz\u00e9n\u00a0<strong>nappali \u00e9s levelez\u0151 munkarendben is<\/strong>\u00a0elind\u00edtottuk.<\/div>\n<div>\u00a0<\/div>\n<div>K\u00e9pz\u00e9s\u00fcnkre t\u00f6bbsz\u00f6r\u00f6s t\u00faljelentkez\u00e9s van, \u00e9s a k\u00e9t tagozat munkatapasztalat szempontj\u00e1b\u00f3l elt\u00e9r\u0151 \u00f6sszet\u00e9tele miatt fontos sz\u00e1munkra, hogy a legjobb fejl\u0151d\u00e9si lehet\u0151s\u00e9get ny\u00fajtsuk a hozz\u00e1nk jelentkez\u0151knek. Ez\u00e9rt felh\u00edvjuk a figyelmet, hogy egy jelentkez\u0151 a felv\u00e9teli elj\u00e1r\u00e1s sor\u00e1n a nappali \u00e9s a levelez\u0151 munkarend\u0171 k\u00e9pz\u00e9sre egyar\u00e1nt jelentkezhet. Ez a felv\u00e9teli d\u00f6nt\u00e9sn\u00e9l nagyobb rugalmass\u00e1got adhat a legink\u00e1bb megfelel\u0151 k\u00e9pz\u00e9si forma kiv\u00e1laszt\u00e1s\u00e1ban, vagyis ez n\u00f6veli az \u00e9lethelyzetnek, szakmai tapasztalatnak megfelel\u0151 form\u00e1tum\u00fa programba val\u00f3 beker\u00fcl\u00e9s lehet\u0151s\u00e9g\u00e9t.<\/div>\n<div>\u00a0<\/div>\n<\/div>\n<div><a href=\"https:\/\/semmelweis.hu\/emk\/files\/2022\/12\/Felvi_MSc-scaled.jpg\"><img loading=\"lazy\" decoding=\"async\" class=\"alignnone wp-image-20262 size-full\" src=\"https:\/\/semmelweis.hu\/emk\/files\/2022\/12\/Felvi_MSc-scaled.jpg\" alt=\"\" width=\"2560\" height=\"1351\" srcset=\"https:\/\/semmelweis.hu\/emk\/files\/2022\/12\/Felvi_MSc-scaled.jpg 2560w, https:\/\/semmelweis.hu\/emk\/files\/2022\/12\/Felvi_MSc-400x211.jpg 400w, https:\/\/semmelweis.hu\/emk\/files\/2022\/12\/Felvi_MSc-1024x541.jpg 1024w, https:\/\/semmelweis.hu\/emk\/files\/2022\/12\/Felvi_MSc-768x405.jpg 768w, https:\/\/semmelweis.hu\/emk\/files\/2022\/12\/Felvi_MSc-1536x811.jpg 1536w, https:\/\/semmelweis.hu\/emk\/files\/2022\/12\/Felvi_MSc-2048x1081.jpg 2048w, https:\/\/semmelweis.hu\/emk\/files\/2022\/12\/Felvi_MSc-753x397.jpg 753w\" sizes=\"auto, (max-width: 2560px) 100vw, 2560px\" \/><\/a><\/div>\n<\/div>\n","protected":false},"excerpt":{"rendered":"<p>2023-ban is v\u00e1rjuk\u00a0eg\u00e9szs\u00e9g\u00fcgyi menedzser mesterk\u00e9pz\u00e9s\u00fcnkre\u00a0azokat az eg\u00e9szs\u00e9g\u00fcgyi vezet\u0151ket, vagy vezet\u0151nek k\u00e9sz\u00fcl\u0151ket, akik professzion\u00e1lis szint\u0171 tud\u00e1shoz szeretn\u00e9nek jutni a szervezetek ir\u00e1ny\u00edt\u00e1s\u00e1nak t\u00e9mak\u00f6r\u00e9ben \u00e9s elk\u00f6telezettek a magyar eg\u00e9szs\u00e9g\u00fcgy folyamatos fejleszt\u00e9se ir\u00e1nt. \u00a0 2022. december 20-\u00e1n ism\u00e9t megny\u00edlik a tov\u00e1bbtanulni v\u00e1gy\u00f3k el\u0151tt a Felvi.hu rendszere, az E-felv\u00e9teli. Ahogy minden \u00e9vben, id\u00e9n is csak ezen a fel\u00fcleten kereszt\u00fcl lehet &hellip;<\/p>\n","protected":false},"author":101539,"featured_media":20262,"comment_status":"closed","ping_status":"closed","sticky":false,"template":"","format":"standard","meta":{"_acf_changed":false,"footnotes":""},"categories":[6],"tags":[],"class_list":["post-20260","post","type-post","status-publish","format-standard","has-post-thumbnail","hentry","category-hirek"],"acf":[],"_links":{"self":[{"href":"https:\/\/semmelweis.hu\/emk\/wp-json\/wp\/v2\/posts\/20260","targetHints":{"allow":["GET"]}}],"collection":[{"href":"https:\/\/semmelweis.hu\/emk\/wp-json\/wp\/v2\/posts"}],"about":[{"href":"https:\/\/semmelweis.hu\/emk\/wp-json\/wp\/v2\/types\/post"}],"author":[{"embeddable":true,"href":"https:\/\/semmelweis.hu\/emk\/wp-json\/wp\/v2\/users\/101539"}],"replies":[{"embeddable":true,"href":"https:\/\/semmelweis.hu\/emk\/wp-json\/wp\/v2\/comments?post=20260"}],"version-history":[{"count":3,"href":"https:\/\/semmelweis.hu\/emk\/wp-json\/wp\/v2\/posts\/20260\/revisions"}],"predecessor-version":[{"id":20264,"href":"https:\/\/semmelweis.hu\/emk\/wp-json\/wp\/v2\/posts\/20260\/revisions\/20264"}],"wp:featuredmedia":[{"embeddable":true,"href":"https:\/\/semmelweis.hu\/emk\/wp-json\/wp\/v2\/media\/20262"}],"wp:attachment":[{"href":"https:\/\/semmelweis.hu\/emk\/wp-json\/wp\/v2\/media?parent=20260"}],"wp:term":[{"taxonomy":"category","embeddable":true,"href":"https:\/\/semmelweis.hu\/emk\/wp-json\/wp\/v2\/categories?post=20260"},{"taxonomy":"post_tag","embeddable":true,"href":"https:\/\/semmelweis.hu\/emk\/wp-json\/wp\/v2\/tags?post=20260"}],"curies":[{"name":"wp","href":"https:\/\/api.w.org\/{rel}","templated":true}]}}