{"id":20176,"date":"2022-11-03T10:50:08","date_gmt":"2022-11-03T09:50:08","guid":{"rendered":"https:\/\/semmelweis.hu\/emk\/?p=20176"},"modified":"2022-11-03T10:50:08","modified_gmt":"2022-11-03T09:50:08","slug":"megoldasi-lehetosegek-az-ellatashianyos-teruletek-nehezsegeinek-enyhitesere","status":"publish","type":"post","link":"https:\/\/semmelweis.hu\/emk\/2022\/11\/03\/megoldasi-lehetosegek-az-ellatashianyos-teruletek-nehezsegeinek-enyhitesere\/","title":{"rendered":"Megold\u00e1si lehet\u0151s\u00e9gek az ell\u00e1t\u00e1shi\u00e1nyos ter\u00fcletek neh\u00e9zs\u00e9geinek enyh\u00edt\u00e9s\u00e9re"},"content":{"rendered":"<div>Mindenkit szeretettel v\u00e1runk\u00a0<strong>2022. november 15-\u00e9n 14:00-15:00<\/strong> \u00f3ra k\u00f6z\u00f6tt az Eg\u00e9szs\u00e9g\u00fcgyi Menedzserk\u00e9pz\u0151 K\u00f6zpont akt\u00edv r\u00e9szv\u00e9tel\u00e9vel zajl\u00f3 <strong><a href=\"https:\/\/oasesproject.eu\/\">OASES projekt<\/a> m\u00e1sodik webin\u00e1rium\u00e1ra.<\/strong><\/div>\n<div>\u00a0<\/div>\n<div>A webin\u00e1rium t\u00e9m\u00e1ja: Megold\u00e1si lehet\u0151s\u00e9gek az ell\u00e1t\u00e1shi\u00e1nyos ter\u00fcletek (medical deserts) neh\u00e9zs\u00e9geinek enyh\u00edt\u00e9s\u00e9re<\/div>\n<div>\u00a0<\/div>\n<div>Az esem\u00e9nyen bemutat\u00e1sra ker\u00fclnek a t\u00e9ma problematik\u00e1j\u00e1t \u00e9s lehets\u00e9ges megold\u00e1sait vizsg\u00e1l\u00f3 kutat\u00e1sok eredm\u00e9nyei. Ezt k\u00f6vet\u0151en olasz \u00e9s francia esettanulm\u00e1nyok besz\u00e1mol\u00f3i k\u00f6vetkeznek, melyek \u00e9rintik a digit\u00e1lis megold\u00e1sok haszn\u00e1lat\u00e1t \u00e9s az alapell\u00e1t\u00e1sban rejl\u0151 lehet\u0151s\u00e9geket az eg\u00e9szs\u00e9g\u00fcgyi munkaer\u0151 megtart\u00e1s\u00e1ra.<\/div>\n<div>\u00a0<\/div>\n<div>A rendezv\u00e9nyen a r\u00e9szv\u00e9tel ingyenes, de regisztr\u00e1ci\u00f3hoz k\u00f6t\u00f6tt.<\/div>\n<div>\u00a0<\/div>\n<div>Az esem\u00e9ny programja \u00e9s a regisztr\u00e1ci\u00f3s link az al\u00e1bbi oldalon tal\u00e1lhat\u00f3:<br \/>\n<a href=\"https:\/\/2mteu.r.a.d.sendibm1.com\/mk\/cl\/f\/mPh60vPiax5yCm7_FQH00I-HT2CGMioPK7bOZ05LIfYVkMFubG_ssJkiFCeNKGId6N4S15t5OtSg058C2dvQWSyDx_Mqw12FdF2VYbCYZ2KeIXEuyH_v6NxxK7oznfvfYIGRG-ZjhkgkUK9izcp3QfnUeiJBTt0E8c6jIBPzlD0wNIQFhDDJ8UD_yyPeQSn-a5jPhgCgIoD4xzsbBFAzSdzR_pcMxQODJ3gm4gkTycSfM9nKwFonYVZpjFzVD8b_6VCK0oPhnTjrzpNCvcO3CdA\" target=\"_blank\" rel=\"noopener\">https:\/\/oasesproject.eu\/wp-content\/uploads\/2022\/10\/Second-OASES-webinar_Agenda.pdf<\/a><\/div>\n<div>\u00a0<\/div>\n<div><a href=\"https:\/\/semmelweis.hu\/emk\/files\/2022\/02\/OASES_logo06-1.png\"><img loading=\"lazy\" decoding=\"async\" class=\"alignnone wp-image-19567 size-full\" src=\"https:\/\/semmelweis.hu\/emk\/files\/2022\/02\/OASES_logo06-1.png\" alt=\"\" width=\"2245\" height=\"479\" srcset=\"https:\/\/semmelweis.hu\/emk\/files\/2022\/02\/OASES_logo06-1.png 2245w, https:\/\/semmelweis.hu\/emk\/files\/2022\/02\/OASES_logo06-1-400x85.png 400w, https:\/\/semmelweis.hu\/emk\/files\/2022\/02\/OASES_logo06-1-1024x218.png 1024w, https:\/\/semmelweis.hu\/emk\/files\/2022\/02\/OASES_logo06-1-768x164.png 768w, https:\/\/semmelweis.hu\/emk\/files\/2022\/02\/OASES_logo06-1-1536x328.png 1536w, https:\/\/semmelweis.hu\/emk\/files\/2022\/02\/OASES_logo06-1-2048x437.png 2048w, https:\/\/semmelweis.hu\/emk\/files\/2022\/02\/OASES_logo06-1-753x161.png 753w\" sizes=\"auto, (max-width: 2245px) 100vw, 2245px\" \/><\/a><\/div>\n","protected":false},"excerpt":{"rendered":"<p>Mindenkit szeretettel v\u00e1runk\u00a02022. november 15-\u00e9n 14:00-15:00 \u00f3ra k\u00f6z\u00f6tt az Eg\u00e9szs\u00e9g\u00fcgyi Menedzserk\u00e9pz\u0151 K\u00f6zpont akt\u00edv r\u00e9szv\u00e9tel\u00e9vel zajl\u00f3 <a href=\"https:\/\/oasesproject.eu\/\">OASES projekt<\/a> m\u00e1sodik webin\u00e1rium\u00e1ra. \u00a0 A webin\u00e1rium t\u00e9m\u00e1ja: Megold\u00e1si lehet\u0151s\u00e9gek az ell\u00e1t\u00e1shi\u00e1nyos ter\u00fcletek (medical deserts) neh\u00e9zs\u00e9geinek enyh\u00edt\u00e9s\u00e9re \u00a0 Az esem\u00e9nyen bemutat\u00e1sra ker\u00fclnek a t\u00e9ma problematik\u00e1j\u00e1t \u00e9s lehets\u00e9ges megold\u00e1sait vizsg\u00e1l\u00f3 kutat\u00e1sok eredm\u00e9nyei. Ezt k\u00f6vet\u0151en olasz \u00e9s francia esettanulm\u00e1nyok besz\u00e1mol\u00f3i k\u00f6vetkeznek, melyek \u00e9rintik a &hellip;<\/p>\n","protected":false},"author":101539,"featured_media":18806,"comment_status":"closed","ping_status":"closed","sticky":false,"template":"","format":"standard","meta":{"_acf_changed":false,"footnotes":""},"categories":[6],"tags":[],"class_list":["post-20176","post","type-post","status-publish","format-standard","has-post-thumbnail","hentry","category-hirek"],"acf":[],"_links":{"self":[{"href":"https:\/\/semmelweis.hu\/emk\/wp-json\/wp\/v2\/posts\/20176","targetHints":{"allow":["GET"]}}],"collection":[{"href":"https:\/\/semmelweis.hu\/emk\/wp-json\/wp\/v2\/posts"}],"about":[{"href":"https:\/\/semmelweis.hu\/emk\/wp-json\/wp\/v2\/types\/post"}],"author":[{"embeddable":true,"href":"https:\/\/semmelweis.hu\/emk\/wp-json\/wp\/v2\/users\/101539"}],"replies":[{"embeddable":true,"href":"https:\/\/semmelweis.hu\/emk\/wp-json\/wp\/v2\/comments?post=20176"}],"version-history":[{"count":3,"href":"https:\/\/semmelweis.hu\/emk\/wp-json\/wp\/v2\/posts\/20176\/revisions"}],"predecessor-version":[{"id":20179,"href":"https:\/\/semmelweis.hu\/emk\/wp-json\/wp\/v2\/posts\/20176\/revisions\/20179"}],"wp:featuredmedia":[{"embeddable":true,"href":"https:\/\/semmelweis.hu\/emk\/wp-json\/wp\/v2\/media\/18806"}],"wp:attachment":[{"href":"https:\/\/semmelweis.hu\/emk\/wp-json\/wp\/v2\/media?parent=20176"}],"wp:term":[{"taxonomy":"category","embeddable":true,"href":"https:\/\/semmelweis.hu\/emk\/wp-json\/wp\/v2\/categories?post=20176"},{"taxonomy":"post_tag","embeddable":true,"href":"https:\/\/semmelweis.hu\/emk\/wp-json\/wp\/v2\/tags?post=20176"}],"curies":[{"name":"wp","href":"https:\/\/api.w.org\/{rel}","templated":true}]}}