{"id":20084,"date":"2022-09-23T15:30:46","date_gmt":"2022-09-23T13:30:46","guid":{"rendered":"https:\/\/semmelweis.hu\/emk\/?p=20084"},"modified":"2022-09-26T15:45:08","modified_gmt":"2022-09-26T13:45:08","slug":"ev-medikusa-dij-2022","status":"publish","type":"post","link":"https:\/\/semmelweis.hu\/emk\/2022\/09\/23\/ev-medikusa-dij-2022\/","title":{"rendered":"\u00c9v Medikusa D\u00edj 2022"},"content":{"rendered":"<p><span style=\"font-weight: 400\">A 45. Medicina konferenci\u00e1hoz kapcsol\u00f3dva a Magyar Eg\u00e9szs\u00e9g\u00fcgyi Menedzsment T\u00e1rsas\u00e1g ism\u00e9t meghirdeti az \u00c9v Medikusa d\u00edjat. A 400.000 forintos p\u00e9nzjutalommal j\u00e1r\u00f3 d\u00edj c\u00e9lja elismerni a sikeres egyetemi tanulm\u00e1nyaik mellett kiemelked\u0151 k\u00f6z\u00e9leti teljes\u00edtm\u00e9nyt ny\u00fajt\u00f3 orvostanhallgat\u00f3kat, akik legt\u00f6bbet tesznek az emberek\u00e9rt, a k\u00f6z\u00f6ss\u00e9g\u00e9rt.\u00a0<\/span><\/p>\n<p><span style=\"font-weight: 400\">A be\u00e9rkezett p\u00e1ly\u00e1zatokat a Medicina F\u00f3rum zs\u0171rije, a Magyar K\u00f3rh\u00e1zsz\u00f6vets\u00e9g, az Orvos Szakmai Koll\u00e9gium, a Magyar Eg\u00e9szs\u00e9g\u00fcgyi Menedzsment T\u00e1rsas\u00e1g \u00e9s a Magyar Orvostanhallgat\u00f3k Sz\u00f6vets\u00e9ge b\u00edr\u00e1lja el.<\/span><\/p>\n<p><span style=\"font-weight: 400\">Olyan orvostanhallgat\u00f3k jelentkez\u00e9s\u00e9t v\u00e1rjuk, akik jelenleg tanulm\u00e1nyaikat folyatj\u00e1k valamelyik orvosegyetemen \u00e9s legal\u00e1bb 2 lez\u00e1rt f\u00e9l\u00e9vvel rendelkeznek.<\/span><\/p>\n<p><span style=\"font-weight: 400\">A legjobb p\u00e1lyamunka beny\u00fajt\u00f3ja r\u00e9szt vehet a 2022. november 17-\u00e9n megrendez\u00e9sre ker\u00fcl\u0151 Medicina konferenci\u00e1n \u00e9s a d\u00edj\u00e1tad\u00f3 G\u00e1laesten.<\/span><\/p>\n<p><strong>Jelentkez\u00e9si hat\u00e1rid\u0151: 2022. 10. 09.<\/strong><\/p>\n<p>Jelentkezni a <a href=\"https:\/\/memt.hu\/ev-medikusa-dij-2022\/\">memt.hu oldalon<\/a> lehet.<\/p>\n<p><a href=\"https:\/\/semmelweis.hu\/emk\/files\/2022\/09\/Ev-Medikusa-Dij-2022_memt.jpg\"><img loading=\"lazy\" decoding=\"async\" class=\"alignnone wp-image-20083 size-full\" src=\"https:\/\/semmelweis.hu\/emk\/files\/2022\/09\/Ev-Medikusa-Dij-2022_memt.jpg\" alt=\"\" width=\"2048\" height=\"1254\" srcset=\"https:\/\/semmelweis.hu\/emk\/files\/2022\/09\/Ev-Medikusa-Dij-2022_memt.jpg 2048w, https:\/\/semmelweis.hu\/emk\/files\/2022\/09\/Ev-Medikusa-Dij-2022_memt-400x245.jpg 400w, https:\/\/semmelweis.hu\/emk\/files\/2022\/09\/Ev-Medikusa-Dij-2022_memt-1024x627.jpg 1024w, https:\/\/semmelweis.hu\/emk\/files\/2022\/09\/Ev-Medikusa-Dij-2022_memt-768x470.jpg 768w, https:\/\/semmelweis.hu\/emk\/files\/2022\/09\/Ev-Medikusa-Dij-2022_memt-1536x941.jpg 1536w, https:\/\/semmelweis.hu\/emk\/files\/2022\/09\/Ev-Medikusa-Dij-2022_memt-753x461.jpg 753w, https:\/\/semmelweis.hu\/emk\/files\/2022\/09\/Ev-Medikusa-Dij-2022_memt-620x380.jpg 620w\" sizes=\"auto, (max-width: 2048px) 100vw, 2048px\" \/><\/a><\/p>\n","protected":false},"excerpt":{"rendered":"<p>A 45. Medicina konferenci\u00e1hoz kapcsol\u00f3dva a Magyar Eg\u00e9szs\u00e9g\u00fcgyi Menedzsment T\u00e1rsas\u00e1g ism\u00e9t meghirdeti az \u00c9v Medikusa d\u00edjat. A 400.000 forintos p\u00e9nzjutalommal j\u00e1r\u00f3 d\u00edj c\u00e9lja elismerni a sikeres egyetemi tanulm\u00e1nyaik mellett kiemelked\u0151 k\u00f6z\u00e9leti teljes\u00edtm\u00e9nyt ny\u00fajt\u00f3 orvostanhallgat\u00f3kat, akik legt\u00f6bbet tesznek az emberek\u00e9rt, a k\u00f6z\u00f6ss\u00e9g\u00e9rt.\u00a0 A be\u00e9rkezett p\u00e1ly\u00e1zatokat a Medicina F\u00f3rum zs\u0171rije, a Magyar K\u00f3rh\u00e1zsz\u00f6vets\u00e9g, az Orvos Szakmai Koll\u00e9gium, &hellip;<\/p>\n","protected":false},"author":101539,"featured_media":20083,"comment_status":"closed","ping_status":"closed","sticky":false,"template":"","format":"standard","meta":{"_acf_changed":false,"footnotes":""},"categories":[6],"tags":[],"class_list":["post-20084","post","type-post","status-publish","format-standard","has-post-thumbnail","hentry","category-hirek"],"acf":[],"_links":{"self":[{"href":"https:\/\/semmelweis.hu\/emk\/wp-json\/wp\/v2\/posts\/20084","targetHints":{"allow":["GET"]}}],"collection":[{"href":"https:\/\/semmelweis.hu\/emk\/wp-json\/wp\/v2\/posts"}],"about":[{"href":"https:\/\/semmelweis.hu\/emk\/wp-json\/wp\/v2\/types\/post"}],"author":[{"embeddable":true,"href":"https:\/\/semmelweis.hu\/emk\/wp-json\/wp\/v2\/users\/101539"}],"replies":[{"embeddable":true,"href":"https:\/\/semmelweis.hu\/emk\/wp-json\/wp\/v2\/comments?post=20084"}],"version-history":[{"count":3,"href":"https:\/\/semmelweis.hu\/emk\/wp-json\/wp\/v2\/posts\/20084\/revisions"}],"predecessor-version":[{"id":20087,"href":"https:\/\/semmelweis.hu\/emk\/wp-json\/wp\/v2\/posts\/20084\/revisions\/20087"}],"wp:featuredmedia":[{"embeddable":true,"href":"https:\/\/semmelweis.hu\/emk\/wp-json\/wp\/v2\/media\/20083"}],"wp:attachment":[{"href":"https:\/\/semmelweis.hu\/emk\/wp-json\/wp\/v2\/media?parent=20084"}],"wp:term":[{"taxonomy":"category","embeddable":true,"href":"https:\/\/semmelweis.hu\/emk\/wp-json\/wp\/v2\/categories?post=20084"},{"taxonomy":"post_tag","embeddable":true,"href":"https:\/\/semmelweis.hu\/emk\/wp-json\/wp\/v2\/tags?post=20084"}],"curies":[{"name":"wp","href":"https:\/\/api.w.org\/{rel}","templated":true}]}}