{"id":20044,"date":"2022-09-06T15:57:09","date_gmt":"2022-09-06T13:57:09","guid":{"rendered":"https:\/\/semmelweis.hu\/emk\/?p=20044"},"modified":"2022-09-06T15:59:16","modified_gmt":"2022-09-06T13:59:16","slug":"oktoberben-ismet-kiberbiztonsagi-jatsszma","status":"publish","type":"post","link":"https:\/\/semmelweis.hu\/emk\/2022\/09\/06\/oktoberben-ismet-kiberbiztonsagi-jatsszma\/","title":{"rendered":"Okt\u00f3berben ism\u00e9t Kiberbiztons\u00e1gi J\u00e1ts(s)zMa"},"content":{"rendered":"<p style=\"font-weight: 400\">A Bel\u00fcgyi Tudom\u00e1nyos Tan\u00e1cs, a Nemzetbiztons\u00e1gi Szakszolg\u00e1lat Nemzeti Kiberv\u00e9delmi Int\u00e9zet \u00e9s a Magyar Eg\u00e9szs\u00e9g\u00fcgyi Menedzsment T\u00e1rsas\u00e1g k\u00f6z\u00f6s szervez\u00e9s\u00e9ben <strong>2022. okt\u00f3ber 18-\u00e1n \u00e9s 19-\u00e9n<\/strong> \u00f6t\u00f6dik alkalommal ker\u00fcl megrendez\u00e9sre a\u00a0<strong>Kiberbiztons\u00e1gi J\u00e1ts(s)zMa<em>\u00a0<\/em><\/strong>elnevez\u00e9s\u0171 vet\u00e9lked\u0151.<\/p>\n<p style=\"font-weight: 400\">F\u0151 szakmai t\u00e1mogat\u00f3k a Semmelweis Egyetem Eg\u00e9szs\u00e9g\u00fcgyi Menedzserk\u00e9pz\u0151 K\u00f6zpont \u00e9s a Nemzeti K\u00f6zszolg\u00e1lati Egyetem.<\/p>\n<p style=\"font-weight: 400\">A vet\u00e9lked\u0151re id\u00e9n is 4 ter\u00fcletr\u0151l v\u00e1rjuk a jelentkez\u0151ket: a bel\u00fcgyi-rend\u00e9szeti ismereteket \u00e9s a v\u00edz\u00fcgyi ismereteket oktat\u00f3 k\u00f6znevel\u00e9si int\u00e9zm\u00e9nyek tanul\u00f3it, az eg\u00e9szs\u00e9g\u00fcgyi ismereteket oktat\u00f3 k\u00f6znevel\u00e9si int\u00e9zm\u00e9nyek tanul\u00f3it, a rendv\u00e9delmi technikumok tanul\u00f3it \u00e9s a fels\u0151oktat\u00e1s hallgat\u00f3it, valamint a Bel\u00fcgyminiszt\u00e9rium \u00e9s a bel\u00fcgyminiszter \u00e1ltal ir\u00e1ny\u00edtott szervek r\u00e9sz\u00e9r\u0151l deleg\u00e1lt koll\u00e9g\u00e1kat.<\/p>\n<p style=\"font-weight: 400\">A vet\u00e9lked\u0151 id\u00e9n is digit\u00e1lis form\u00e1ban ker\u00fcl megrendez\u00e9sre, jelentkezni online lehet a vet\u00e9lked\u0151\u00a0<a href=\"https:\/\/konferencia.bm-tt.hu\/\" target=\"_blank\" rel=\"noopener\"><span style=\"color: #0066cc\">honlapj\u00e1n kereszt\u00fcl<\/span><\/a><strong><a href=\"https:\/\/konferencia.bm-tt.hu\/\">.<\/a><\/strong><\/p>\n<p><a href=\"https:\/\/semmelweis.hu\/emk\/files\/2022\/09\/JatsszMa-facebook-poszt.jpg\"><img loading=\"lazy\" decoding=\"async\" class=\"alignnone wp-image-20045 size-full\" src=\"https:\/\/semmelweis.hu\/emk\/files\/2022\/09\/JatsszMa-facebook-poszt.jpg\" alt=\"\" width=\"2048\" height=\"1448\" srcset=\"https:\/\/semmelweis.hu\/emk\/files\/2022\/09\/JatsszMa-facebook-poszt.jpg 2048w, https:\/\/semmelweis.hu\/emk\/files\/2022\/09\/JatsszMa-facebook-poszt-400x283.jpg 400w, https:\/\/semmelweis.hu\/emk\/files\/2022\/09\/JatsszMa-facebook-poszt-1024x724.jpg 1024w, https:\/\/semmelweis.hu\/emk\/files\/2022\/09\/JatsszMa-facebook-poszt-768x543.jpg 768w, https:\/\/semmelweis.hu\/emk\/files\/2022\/09\/JatsszMa-facebook-poszt-1536x1086.jpg 1536w, https:\/\/semmelweis.hu\/emk\/files\/2022\/09\/JatsszMa-facebook-poszt-753x532.jpg 753w\" sizes=\"auto, (max-width: 2048px) 100vw, 2048px\" \/><\/a><\/p>\n","protected":false},"excerpt":{"rendered":"<p>A Bel\u00fcgyi Tudom\u00e1nyos Tan\u00e1cs, a Nemzetbiztons\u00e1gi Szakszolg\u00e1lat Nemzeti Kiberv\u00e9delmi Int\u00e9zet \u00e9s a Magyar Eg\u00e9szs\u00e9g\u00fcgyi Menedzsment T\u00e1rsas\u00e1g k\u00f6z\u00f6s szervez\u00e9s\u00e9ben 2022. okt\u00f3ber 18-\u00e1n \u00e9s 19-\u00e9n \u00f6t\u00f6dik alkalommal ker\u00fcl megrendez\u00e9sre a\u00a0Kiberbiztons\u00e1gi J\u00e1ts(s)zMa\u00a0elnevez\u00e9s\u0171 vet\u00e9lked\u0151. F\u0151 szakmai t\u00e1mogat\u00f3k a Semmelweis Egyetem Eg\u00e9szs\u00e9g\u00fcgyi Menedzserk\u00e9pz\u0151 K\u00f6zpont \u00e9s a Nemzeti K\u00f6zszolg\u00e1lati Egyetem. A vet\u00e9lked\u0151re id\u00e9n is 4 ter\u00fcletr\u0151l v\u00e1rjuk a jelentkez\u0151ket: a bel\u00fcgyi-rend\u00e9szeti &hellip;<\/p>\n","protected":false},"author":101539,"featured_media":20045,"comment_status":"closed","ping_status":"closed","sticky":false,"template":"","format":"standard","meta":{"_acf_changed":false,"footnotes":""},"categories":[6],"tags":[],"class_list":["post-20044","post","type-post","status-publish","format-standard","has-post-thumbnail","hentry","category-hirek"],"acf":[],"_links":{"self":[{"href":"https:\/\/semmelweis.hu\/emk\/wp-json\/wp\/v2\/posts\/20044","targetHints":{"allow":["GET"]}}],"collection":[{"href":"https:\/\/semmelweis.hu\/emk\/wp-json\/wp\/v2\/posts"}],"about":[{"href":"https:\/\/semmelweis.hu\/emk\/wp-json\/wp\/v2\/types\/post"}],"author":[{"embeddable":true,"href":"https:\/\/semmelweis.hu\/emk\/wp-json\/wp\/v2\/users\/101539"}],"replies":[{"embeddable":true,"href":"https:\/\/semmelweis.hu\/emk\/wp-json\/wp\/v2\/comments?post=20044"}],"version-history":[{"count":2,"href":"https:\/\/semmelweis.hu\/emk\/wp-json\/wp\/v2\/posts\/20044\/revisions"}],"predecessor-version":[{"id":20048,"href":"https:\/\/semmelweis.hu\/emk\/wp-json\/wp\/v2\/posts\/20044\/revisions\/20048"}],"wp:featuredmedia":[{"embeddable":true,"href":"https:\/\/semmelweis.hu\/emk\/wp-json\/wp\/v2\/media\/20045"}],"wp:attachment":[{"href":"https:\/\/semmelweis.hu\/emk\/wp-json\/wp\/v2\/media?parent=20044"}],"wp:term":[{"taxonomy":"category","embeddable":true,"href":"https:\/\/semmelweis.hu\/emk\/wp-json\/wp\/v2\/categories?post=20044"},{"taxonomy":"post_tag","embeddable":true,"href":"https:\/\/semmelweis.hu\/emk\/wp-json\/wp\/v2\/tags?post=20044"}],"curies":[{"name":"wp","href":"https:\/\/api.w.org\/{rel}","templated":true}]}}