{"id":19992,"date":"2022-08-10T11:30:38","date_gmt":"2022-08-10T09:30:38","guid":{"rendered":"https:\/\/semmelweis.hu\/emk\/?p=19992"},"modified":"2022-08-11T11:32:56","modified_gmt":"2022-08-11T09:32:56","slug":"meg-lehet-jelentkezni-megujito-kepzeseinkre","status":"publish","type":"post","link":"https:\/\/semmelweis.hu\/emk\/2022\/08\/10\/meg-lehet-jelentkezni-megujito-kepzeseinkre\/","title":{"rendered":"M\u00e9g lehet jelentkezni meg\u00faj\u00edt\u00f3 k\u00e9pz\u00e9seinkre"},"content":{"rendered":"<p>A\u00a0vezet\u0151i megb\u00edz\u00e1ssal rendelkez\u0151 szoci\u00e1lis szolg\u00e1ltat\u00e1st ny\u00fajt\u00f3 szem\u00e9lyek vezet\u0151k\u00e9pz\u00e9s\u00e9r\u0151l sz\u00f3l\u00f3\u00a052\/2017. (X. 18.) EMMI rendelet\u00a0\u00a06. \u00a7 b) pontja alapj\u00e1n <strong>a\u00a0vezet\u0151<\/strong> az alap, illetve a mester vezet\u0151k\u00e9pz\u00e9s keret\u00e9ben<i>\u00a0<\/i><strong>az alapoz\u00f3 k\u00e9pz\u00e9s teljes\u00edt\u00e9s\u00e9nek id\u0151pontj\u00e1t\u00f3l sz\u00e1m\u00edtott k\u00e9t \u00e9ven bel\u00fcl, majd ezt k\u00f6vet\u0151en k\u00e9t\u00e9venk\u00e9nt meg\u00faj\u00edt\u00f3 k\u00e9pz\u00e9s teljes\u00edt\u00e9s\u00e9re\u00a0k\u00f6teles.<\/strong><\/p>\n<p>A 20. \u00a7 (2) bekezd\u00e9se szerint, aki az alapoz\u00f3 k\u00e9pz\u00e9st 2019. \u00e9vben teljes\u00edtette, annak az els\u0151 meg\u00faj\u00edt\u00f3 k\u00e9pz\u00e9st &#8211; a 6. \u00a7<i>b)\u00a0<\/i>pontj\u00e1ban foglaltakt\u00f3l elt\u00e9r\u0151en &#8211; 2022. december 31-ig kell teljes\u00edtenie.<\/p>\n<p>Annak \u00e9rdek\u00e9ben, hogy a jogszab\u00e1lyi k\u00f6telezetts\u00e9g\u00e9t mindenki teljes\u00edteni tudja, <strong>2022 szeptember\u00e9t\u0151l ism\u00e9t a meg\u00faj\u00edt\u00f3 k\u00e9pz\u00e9sek sz\u00e9les k\u00edn\u00e1lat\u00e1val v\u00e1rjuk a szoci\u00e1lis int\u00e9zm\u00e9nyek vezet\u0151it.<\/strong><\/p>\n<p>Els\u0151k\u00e9nt a <strong>szeptemberben indul\u00f3 mester meg\u00faj\u00edt\u00f3<\/strong> k\u00e9pz\u00e9seket aj\u00e1nljuk.<\/p>\n<hr \/>\n<p><strong><em>1. Vezet\u0151i V\u00edzi\u00f3\/j\u00f6v\u0151k\u00e9p k\u00e9sz\u00edt\u00e9s l\u00e9p\u00e9sei<\/em><\/strong><\/p>\n<p>A tov\u00e1bbk\u00e9pz\u00e9s c\u00e9lja olyan ismeret \u00e9s k\u00e9szs\u00e9g \u00e1tad\u00e1sa szolg\u00e1ltat\u00e1sokat vezet\u0151 munkat\u00e1rsaknak, mellyel k\u00e9pesek szolg\u00e1ltat\u00e1sny\u00fajt\u00e1sukra j\u00f6v\u0151tervez\u00e9s szemsz\u00f6g\u00e9b\u0151l tekinteni, \u00e9s abban \u00edgy dolgozni.\u00a0<\/p>\n<p>A k\u00e9pz\u00e9s sor\u00e1n kitekint\u00fcnk a vezet\u0151i j\u00f6v\u0151k\u00e9p el\u00e9r\u00e9s\u00e9nek akad\u00e1lyaira \u00e9s t\u00e1mogat\u00f3 t\u00e9nyez\u0151ire. Elemezz\u00fck a szoci\u00e1lis szervezetek m\u0171k\u00f6d\u00e9si jellemz\u0151it a \u201ej\u00f3 m\u0171k\u00f6d\u00e9st\u201d t\u00e1mogat\u00f3 \u00e9s h\u00e1tr\u00e1ltat\u00f3 t\u00e9nyez\u0151k bemutat\u00e1s\u00e1val. A r\u00e9sztvev\u0151 megismerkedik a j\u00f6v\u0151k\u00e9ptervez\u00e9s tartalm\u00e1val is.<\/p>\n<p><strong>Jelentkez\u00e9si hat\u00e1rid\u0151:<\/strong><strong>\u00a02022. augusztus 15.\u00a0<\/strong><\/p>\n<p><a href=\"https:\/\/semmelweis.hu\/emk\/files\/2022\/08\/vizio.png\"><img loading=\"lazy\" decoding=\"async\" class=\"alignnone wp-image-19994 size-large\" src=\"https:\/\/semmelweis.hu\/emk\/files\/2022\/08\/vizio-1024x579.png\" alt=\"\" width=\"753\" height=\"426\" srcset=\"https:\/\/semmelweis.hu\/emk\/files\/2022\/08\/vizio-1024x579.png 1024w, https:\/\/semmelweis.hu\/emk\/files\/2022\/08\/vizio-400x226.png 400w, https:\/\/semmelweis.hu\/emk\/files\/2022\/08\/vizio-768x434.png 768w, https:\/\/semmelweis.hu\/emk\/files\/2022\/08\/vizio-1536x868.png 1536w, https:\/\/semmelweis.hu\/emk\/files\/2022\/08\/vizio-753x426.png 753w, https:\/\/semmelweis.hu\/emk\/files\/2022\/08\/vizio.png 1888w\" sizes=\"auto, (max-width: 753px) 100vw, 753px\" \/><\/a><\/p>\n<hr \/>\n<p style=\"font-weight: 400\"><strong><em>2. Coaching szeml\u00e9let\u0171 vezet\u00e9si kult\u00fara\u00a0<\/em><\/strong><\/p>\n<p>A hat alkalmas online k\u00e9pz\u00e9s a coaching szeml\u00e9lettel ismerteti meg a r\u00e9sztvev\u0151ket,\u00a0 amely egy lehets\u00e9ges megold\u00e1s az int\u00e9zm\u00e9nyi kih\u00edv\u00e1sok szem\u00e9lyes kezel\u00e9s\u00e9re.\u00a0<\/p>\n<p><strong>Jelentkez\u00e9si hat\u00e1rid\u0151: 2022. augusztus 17.\u00a0<\/strong><\/p>\n<p><a href=\"https:\/\/semmelweis.hu\/emk\/files\/2022\/08\/coaching.png\"><img loading=\"lazy\" decoding=\"async\" class=\"alignnone wp-image-19997 size-large\" src=\"https:\/\/semmelweis.hu\/emk\/files\/2022\/08\/coaching-1024x507.png\" alt=\"\" width=\"753\" height=\"373\" srcset=\"https:\/\/semmelweis.hu\/emk\/files\/2022\/08\/coaching-1024x507.png 1024w, https:\/\/semmelweis.hu\/emk\/files\/2022\/08\/coaching-400x198.png 400w, https:\/\/semmelweis.hu\/emk\/files\/2022\/08\/coaching-768x381.png 768w, https:\/\/semmelweis.hu\/emk\/files\/2022\/08\/coaching-1536x761.png 1536w, https:\/\/semmelweis.hu\/emk\/files\/2022\/08\/coaching-753x373.png 753w, https:\/\/semmelweis.hu\/emk\/files\/2022\/08\/coaching.png 1871w\" sizes=\"auto, (max-width: 753px) 100vw, 753px\" \/><\/a><\/p>\n<hr \/>\n<p style=\"font-weight: 400\"><strong><em>3. Min\u0151s\u00e9gmenedzsment<\/em><\/strong><\/p>\n<p style=\"font-weight: 400\">A r\u00e9sztvev\u0151k a vezet\u0151i eszk\u00f6zt\u00e1r r\u00e9szek\u00e9nt megismerkednek az alkalmazhat\u00f3 min\u0151s\u00e9gir\u00e1ny\u00edt\u00e1si \u00e9s min\u0151s\u00e9gfejleszt\u00e9si technik\u00e1kkal, valamint az eg\u00e9szs\u00e9g\u00fcgyi m\u0171k\u00f6d\u00e9si enged\u00e9llyel is rendelkez\u0151 int\u00e9zm\u00e9nyek sz\u00e1m\u00e1ra t\u00f6rv\u00e9ny \u00e1ltal el\u0151\u00edrt, k\u00f6telez\u0151en m\u0171k\u00f6dtetend\u0151 bels\u0151 min\u0151s\u00e9g\u00fcgyi rendszerrel.<\/p>\n<p style=\"font-weight: 400\"><strong>Jelentkez\u00e9si hat\u00e1rid\u0151: 2022. augusztus 18.\u00a0<\/strong><\/p>\n<p><a href=\"https:\/\/semmelweis.hu\/emk\/files\/2022\/08\/minosegmenedzsment.png\"><img loading=\"lazy\" decoding=\"async\" class=\"alignnone wp-image-19993 size-large\" src=\"https:\/\/semmelweis.hu\/emk\/files\/2022\/08\/minosegmenedzsment-1024x581.png\" alt=\"\" width=\"753\" height=\"427\" srcset=\"https:\/\/semmelweis.hu\/emk\/files\/2022\/08\/minosegmenedzsment-1024x581.png 1024w, https:\/\/semmelweis.hu\/emk\/files\/2022\/08\/minosegmenedzsment-400x227.png 400w, https:\/\/semmelweis.hu\/emk\/files\/2022\/08\/minosegmenedzsment-768x436.png 768w, https:\/\/semmelweis.hu\/emk\/files\/2022\/08\/minosegmenedzsment-1536x872.png 1536w, https:\/\/semmelweis.hu\/emk\/files\/2022\/08\/minosegmenedzsment-753x427.png 753w, https:\/\/semmelweis.hu\/emk\/files\/2022\/08\/minosegmenedzsment.png 1887w\" sizes=\"auto, (max-width: 753px) 100vw, 753px\" \/><\/a><\/p>\n<hr \/>\n<p><strong>4. <em>Ki\u00e9g\u00e9s \u00e9s a pozit\u00edv pszichol\u00f3gia<\/em><\/strong><\/p>\n<p>A k\u00e9pz\u00e9s hat\u00e9kony eszk\u00f6z\u00f6kkel t\u00e1mogatja a vezet\u0151i m\u0171k\u00f6d\u00e9st. Hangs\u00falyt helyez az egy\u00e9ni \u00e9s szervezeti rugalmass\u00e1gra, mely a probl\u00e9m\u00e1s szitu\u00e1ci\u00f3kban a seg\u00edt\u0151 legfontosabb tartal\u00e9k\u00e1t jelentheti.<\/p>\n<p><strong>Jelentkez\u00e9si hat\u00e1rid\u0151: 2022. augusztus 19.\u00a0<\/strong><\/p>\n<p><a href=\"https:\/\/semmelweis.hu\/emk\/files\/2022\/08\/kieges.png\"><img loading=\"lazy\" decoding=\"async\" class=\"alignnone wp-image-19996 size-large\" src=\"https:\/\/semmelweis.hu\/emk\/files\/2022\/08\/kieges-1024x561.png\" alt=\"\" width=\"753\" height=\"413\" srcset=\"https:\/\/semmelweis.hu\/emk\/files\/2022\/08\/kieges-1024x561.png 1024w, https:\/\/semmelweis.hu\/emk\/files\/2022\/08\/kieges-400x219.png 400w, https:\/\/semmelweis.hu\/emk\/files\/2022\/08\/kieges-768x421.png 768w, https:\/\/semmelweis.hu\/emk\/files\/2022\/08\/kieges-1536x841.png 1536w, https:\/\/semmelweis.hu\/emk\/files\/2022\/08\/kieges-753x412.png 753w, https:\/\/semmelweis.hu\/emk\/files\/2022\/08\/kieges.png 1956w\" sizes=\"auto, (max-width: 753px) 100vw, 753px\" \/><\/a><\/p>\n<hr \/>\n<p><strong>5. <em>Int\u00e9zm\u00e9nyi gazd\u00e1lkod\u00e1s \u00e9s kontrolling<\/em><\/strong><\/p>\n<p>A k\u00e9pz\u00e9s megismerteti a r\u00e9sztvev\u0151kkel a k\u00f6lts\u00e9gvet\u00e9stervez\u00e9snek, az elt\u00e9r\u00e9selemz\u00e9seknek, illetve a beavatkoz\u00e1s tervez\u00e9snek a gyakorlati alkalmazhat\u00f3s\u00e1g\u00e1t, ez\u00e1ltal k\u00e9pess\u00e9 t\u00e9ve a k\u00e9s\u0151bbiekben ezek saj\u00e1t int\u00e9zm\u00e9ny\u00e9n bel\u00fcli megval\u00f3s\u00edt\u00e1s\u00e1t.<\/p>\n<p><strong>Jelentkez\u00e9si hat\u00e1rid\u0151: 2022. augusztus 22.\u00a0<\/strong><\/p>\n<p><a href=\"https:\/\/semmelweis.hu\/emk\/files\/2022\/08\/kontrolling.png\"><img loading=\"lazy\" decoding=\"async\" class=\"alignnone wp-image-19995 size-large\" src=\"https:\/\/semmelweis.hu\/emk\/files\/2022\/08\/kontrolling-1024x578.png\" alt=\"\" width=\"753\" height=\"425\" srcset=\"https:\/\/semmelweis.hu\/emk\/files\/2022\/08\/kontrolling-1024x578.png 1024w, https:\/\/semmelweis.hu\/emk\/files\/2022\/08\/kontrolling-400x226.png 400w, https:\/\/semmelweis.hu\/emk\/files\/2022\/08\/kontrolling-768x434.png 768w, https:\/\/semmelweis.hu\/emk\/files\/2022\/08\/kontrolling-1536x867.png 1536w, https:\/\/semmelweis.hu\/emk\/files\/2022\/08\/kontrolling-753x425.png 753w, https:\/\/semmelweis.hu\/emk\/files\/2022\/08\/kontrolling.png 1890w\" sizes=\"auto, (max-width: 753px) 100vw, 753px\" \/><\/a><\/p>\n<hr \/>\n<p><a href=\"https:\/\/semmelweis.hu\/emk\/szocialis-vezetokepzo-tudaskozpont\/oktatas-2-2\/szocialis-vezetokepzes\/megujito-kepzes\/\">R\u00c9SZLETEK<\/a><\/p>\n<p><a href=\"https:\/\/emk.semmelweis.hu\/moodle\/course\/view.php?id=426\">JELENTKEZ\u00c9S<\/a><\/p>\n<p style=\"font-weight: 400\">Rem\u00e9lj\u00fck tal\u00e1lkozunk!<\/p>\n<p>A Szoci\u00e1lis Vezet\u0151k\u00e9pz\u0151\u00a0Tud\u00e1sk\u00f6zpont Csapata\u00a0\u00a0<\/p>\n","protected":false},"excerpt":{"rendered":"<p>A\u00a0vezet\u0151i megb\u00edz\u00e1ssal rendelkez\u0151 szoci\u00e1lis szolg\u00e1ltat\u00e1st ny\u00fajt\u00f3 szem\u00e9lyek vezet\u0151k\u00e9pz\u00e9s\u00e9r\u0151l sz\u00f3l\u00f3\u00a052\/2017. (X. 18.) EMMI rendelet\u00a0\u00a06. \u00a7 b) pontja alapj\u00e1n a\u00a0vezet\u0151 az alap, illetve a mester vezet\u0151k\u00e9pz\u00e9s keret\u00e9ben\u00a0az alapoz\u00f3 k\u00e9pz\u00e9s teljes\u00edt\u00e9s\u00e9nek id\u0151pontj\u00e1t\u00f3l sz\u00e1m\u00edtott k\u00e9t \u00e9ven bel\u00fcl, majd ezt k\u00f6vet\u0151en k\u00e9t\u00e9venk\u00e9nt meg\u00faj\u00edt\u00f3 k\u00e9pz\u00e9s teljes\u00edt\u00e9s\u00e9re\u00a0k\u00f6teles. A 20. \u00a7 (2) bekezd\u00e9se szerint, aki az alapoz\u00f3 k\u00e9pz\u00e9st 2019. \u00e9vben teljes\u00edtette, annak az &hellip;<\/p>\n","protected":false},"author":101539,"featured_media":19998,"comment_status":"closed","ping_status":"closed","sticky":false,"template":"","format":"standard","meta":{"_acf_changed":false,"footnotes":""},"categories":[6],"tags":[],"class_list":["post-19992","post","type-post","status-publish","format-standard","has-post-thumbnail","hentry","category-hirek"],"acf":[],"_links":{"self":[{"href":"https:\/\/semmelweis.hu\/emk\/wp-json\/wp\/v2\/posts\/19992","targetHints":{"allow":["GET"]}}],"collection":[{"href":"https:\/\/semmelweis.hu\/emk\/wp-json\/wp\/v2\/posts"}],"about":[{"href":"https:\/\/semmelweis.hu\/emk\/wp-json\/wp\/v2\/types\/post"}],"author":[{"embeddable":true,"href":"https:\/\/semmelweis.hu\/emk\/wp-json\/wp\/v2\/users\/101539"}],"replies":[{"embeddable":true,"href":"https:\/\/semmelweis.hu\/emk\/wp-json\/wp\/v2\/comments?post=19992"}],"version-history":[{"count":9,"href":"https:\/\/semmelweis.hu\/emk\/wp-json\/wp\/v2\/posts\/19992\/revisions"}],"predecessor-version":[{"id":20016,"href":"https:\/\/semmelweis.hu\/emk\/wp-json\/wp\/v2\/posts\/19992\/revisions\/20016"}],"wp:featuredmedia":[{"embeddable":true,"href":"https:\/\/semmelweis.hu\/emk\/wp-json\/wp\/v2\/media\/19998"}],"wp:attachment":[{"href":"https:\/\/semmelweis.hu\/emk\/wp-json\/wp\/v2\/media?parent=19992"}],"wp:term":[{"taxonomy":"category","embeddable":true,"href":"https:\/\/semmelweis.hu\/emk\/wp-json\/wp\/v2\/categories?post=19992"},{"taxonomy":"post_tag","embeddable":true,"href":"https:\/\/semmelweis.hu\/emk\/wp-json\/wp\/v2\/tags?post=19992"}],"curies":[{"name":"wp","href":"https:\/\/api.w.org\/{rel}","templated":true}]}}