{"id":19917,"date":"2022-07-01T16:36:47","date_gmt":"2022-07-01T14:36:47","guid":{"rendered":"https:\/\/semmelweis.hu\/emk\/?p=19917"},"modified":"2022-07-12T15:04:59","modified_gmt":"2022-07-12T13:04:59","slug":"lezarul-az-okfo-hocare2-0-elnevezesu-az-innovativ-otthonapolasi-gondozasi-megoldasok-fejleszteset-osztonzo-projektje","status":"publish","type":"post","link":"https:\/\/semmelweis.hu\/emk\/2022\/07\/01\/lezarul-az-okfo-hocare2-0-elnevezesu-az-innovativ-otthonapolasi-gondozasi-megoldasok-fejleszteset-osztonzo-projektje\/","title":{"rendered":"Lez\u00e1rul az OKF\u0150 HoCare2.0 elnevez\u00e9s\u0171, az innovat\u00edv otthon\u00e1pol\u00e1si\/gondoz\u00e1si megold\u00e1sok fejleszt\u00e9s\u00e9t \u00f6szt\u00f6nz\u0151 projektje"},"content":{"rendered":"<p><strong>2022. j\u00fanius 15-\u00e9n ker\u00fclt sor a HoCare2.0 projekt utols\u00f3 nyilv\u00e1nos rendezv\u00e9ny\u00e9re. T\u00f6bb mint 80 r\u00e9sztvev\u0151, el\u0151ad\u00f3 \u00e9s paneltag gy\u0171lt \u00f6ssze az online konferenci\u00e1n, hogy egy d\u00e9lut\u00e1non kereszt\u00fcl megossza egym\u00e1ssal az eredm\u00e9nyeket \u00e9s a k\u00f6z\u00f6s-\u00e9rt\u00e9kalkot\u00e1s m\u00f3dszer\u00e9nek az otthon\u00e1pol\u00e1s ter\u00fclet\u00e9n t\u00f6rt\u00e9nt alkalmaz\u00e1s\u00e1nak tapasztalatait.<\/strong><\/p>\n<p>Az Eur\u00f3pai Region\u00e1lis Fejleszt\u00e9si Alap t\u00e1mogat\u00e1s\u00e1val megval\u00f3sul\u00f3 Hocare2.0 projekt a k\u00f6z\u00e9p-eur\u00f3pai r\u00e9gi\u00f3 &#8211; 6 k\u00fcl\u00f6nb\u00f6z\u0151 orsz\u00e1g\u00e1nak (Magyarorsz\u00e1g, Olaszorsz\u00e1g, Csehorsz\u00e1g, Szlov\u00e9nia, Lengyelorsz\u00e1g, N\u00e9metorsz\u00e1g) 11 projekt partner\u00e9t, k\u00f6zt\u00fck eg\u00e9szs\u00e9g\u00fcgyi hat\u00f3s\u00e1gokat, eg\u00e9szs\u00e9g\u00fcgyi k\u00f6zszolg\u00e1ltat\u00f3 int\u00e9zm\u00e9nyeket, valamint \u00fczleti alapon m\u0171k\u00f6d\u0151 szolg\u00e1ltat\u00f3kat vonta be annak \u00e9rdek\u00e9ben, hogy \u00f6szt\u00f6n\u00f6zze \u00e9s t\u00e1mogassa az \u00fcgyf\u00e9lk\u00f6zpont\u00fa otthoni \u00e1pol\u00e1si megold\u00e1sok tervez\u00e9s\u00e9t \u00e9s bevezet\u00e9s\u00e9t a k\u00f6z\u00f6s \u00e9rt\u00e9kalkot\u00e1s m\u00f3dszer\u00e9nek alkalmaz\u00e1s\u00e1val. Ez az \u00fagynevezett n\u00e9gyes helix, a kkv-k, k\u00f6zint\u00e9zm\u00e9nyek, kutat\u00f3int\u00e9zetek \u00e9s a v\u00e9gfelhaszn\u00e1l\u00f3k k\u00f6zrem\u0171k\u00f6d\u00e9s\u00e9t jelenti az \u00faj innovat\u00edv eg\u00e9szs\u00e9g\u00fcgyi \u00e9s szoci\u00e1lis szolg\u00e1ltat\u00e1sok\/term\u00e9kek fejleszt\u00e9s\u00e9be, amely \u00e1ltal min\u0151s\u00e9gi v\u00e1ltoz\u00e1sok ind\u00edthat\u00f3k el a r\u00e9gi\u00f3ban.<\/p>\n<p>Heged\u00fcs Istv\u00e1n, a projektben vezet\u0151 partnerk\u00e9nt k\u00f6zrem\u0171k\u00f6d\u0151 K\u00f6z\u00e9p-dun\u00e1nt\u00fali Region\u00e1lis Innov\u00e1ci\u00f3s \u00dcgyn\u00f6ks\u00e9g Nonprofit Kft. munkat\u00e1rsa a projekt c\u00e9lkit\u0171z\u00e9seit \u00e9s fel\u00e9p\u00edt\u00e9s\u00e9t mutatta be a hallgat\u00f3s\u00e1gnak, megjel\u00f6lve a f\u0151bb c\u00e9lokat, l\u00e9p\u00e9seket \u00e9s eredm\u00e9nyeket. \u0150t 4 el\u0151ad\u00f3: Evelin Krajnc \u00e9s Simona Brezar a Caretronic, d.o.o., (Szlov\u00e9nia), Lorenzo Di Natale az IDEGO &#8211; Digital Psychology, (Olaszorsz\u00e1g), Jan Schneider a Pr\u00e1gai 4. Szoci\u00e1lis Szolg\u00e1ltat\u00e1sok Int\u00e9zete,(Cseh K\u00f6zt\u00e1rsas\u00e1g), \u00e9s Ulrike Sobczak a Drezdai Egyetemi K\u00f3rh\u00e1zb\u00f3l, (N\u00e9metorsz\u00e1g) k\u00f6vett\u00e9k, akik a HoCare2.0 projekt keret\u00e9ben saj\u00e1t szolg\u00e1ltat\u00e1saik \u00e9s term\u00e9keik fejleszt\u00e9se sor\u00e1n a k\u00f6z\u00f6s-\u00e9rt\u00e9kalkot\u00e1s m\u00f3dszer\u00e9nek alkalmaz\u00e1sa sor\u00e1n megszerzett tapasztalataikat mutatt\u00e1k be.<\/p>\n<p>Ezt k\u00f6vet\u0151en Katarzyna Ociepka-Mi\u0105sik a Social Impact (Lengyelorsz\u00e1g) munkat\u00e1rsa ismertette a hallgat\u00f3s\u00e1ggal az egy\u00fcttalkot\u00e1s \u00e1ltal\u00e1nosabb aspektusait, el\u0151nyeit, kih\u00edv\u00e1sait, legfontosabb l\u00e9p\u00e9seit, valamint a jelenlegi mindennapi \u00e9let\u00fcnkben bet\u00f6lt\u00f6tt szociol\u00f3giai kontextus\u00e1t.<\/p>\n<p>A konferencia els\u0151 r\u00e9sz\u00e9t a lengyel partnerek Katarzyna Kielanowska, a Rzeszowi Region\u00e1lis Fejleszt\u00e9si \u00dcgyn\u00f6ks\u00e9gt\u0151l \u00e9s Magdalena Klimczyk, a Malopolska r\u00e9gi\u00f3, el\u0151ad\u00e1sa z\u00e1rta, akik a HoCare2.0 projekt sor\u00e1n az otthon\u00e1pol\u00e1shoz kapcsol\u00f3d\u00f3, az id\u0151sek t\u00e1rsadalmi k\u00f6z\u00e9rzet\u00e9t \u00e9s eg\u00e9szs\u00e9g\u00fcgyi\/szoci\u00e1lis ell\u00e1t\u00e1s\u00e1t (pl.: online E-diagnosztika, id\u0151pontfoglal\u00e1s, telemonitoring stb.) seg\u00edt\u0151 pilot projektekben sz\u00fcletett megold\u00e1sok \u00e9s digit\u00e1lis fejleszt\u00e9sek legfontosabb tanuls\u00e1gait \u00f6sszegezt\u00e9k. A megval\u00f3s\u00edtott pilotokat egy <a href=\"https:\/\/www.youtube.com\/watch?v=Ri3KsHAKGPw\">vide\u00f3ban<\/a> illetve egy online let\u00f6lthet\u0151 kiadv\u00e1ny form\u00e1j\u00e1ban dokument\u00e1lta a projekt.<\/p>\n<p>A d\u00e9lut\u00e1n m\u00e1sodik r\u00e9sz\u00e9ben panelbesz\u00e9lget\u00e9s zajlott a k\u00f6z\u00f6s-\u00e9rt\u00e9kalkot\u00e1ssal \u00e9s annak j\u00f6v\u0151beli lehet\u0151s\u00e9geivel kapcsolatos t\u00e9m\u00e1kr\u00f3l. Heged\u00fcs Istv\u00e1n \u00e9s Katarzyna Ociepka-Mi\u0105sik mellett Weigl Ferenc az Orsz\u00e1gos K\u00f3rh\u00e1zi F\u0151igazgat\u00f3s\u00e1gt\u00f3l \u00e9s Matteo Donelli a Cremonai Kereskedelmi Kamar\u00e1t\u00f3l (Olaszorsz\u00e1g) folytattak v\u00e9lem\u00e9ny cser\u00e9t olyan k\u00e9rd\u00e9sekr\u0151l, mint p\u00e9ld\u00e1ul &#8222;Milyen el\u0151nyei \u00e9s kih\u00edv\u00e1sai vannak a k\u00f6z\u00f6s-\u00e9rt\u00e9kalkot\u00e1snak a h\u00e1ziorvosi ell\u00e1t\u00e1sban?&#8221; \u00e9s &#8222;Milyen szempontok ment\u00e9n aj\u00e1nlhat\u00f3 a \u00a0k\u00f6z\u00f6s-\u00e9rt\u00e9kalkot\u00e1s alkalmaz\u00e1sa kkv-knak \u00e9s a k\u00f6zszolg\u00e1ltat\u00f3knak ?&#8221; Katarzyna Ociepka-Mi\u0105sik kiemelte: &#8222;\u00dagy gondolom, hogy a konferencia \u00e9rdekes volt, \u00e9s megosztotta a k\u00f6z\u00f6s-\u00e9rt\u00e9kalkot\u00e1s n\u00e9h\u00e1ny gyakorlati szempontj\u00e1t, ami mindig hasznos a szakma sz\u00e1m\u00e1ra. Mindannyian olvashatunk k\u00f6nyveket az egy\u00fcttalkot\u00e1sr\u00f3l (Co-creation), de ami a leg\u00e9rt\u00e9kesebb, az a gyakorlatban megszerzett tud\u00e1s&#8221;.<\/p>\n<p><a href=\"https:\/\/semmelweis.hu\/emk\/files\/2022\/07\/hocare.jpg\"><img loading=\"lazy\" decoding=\"async\" class=\"size-medium wp-image-19919 aligncenter\" src=\"https:\/\/semmelweis.hu\/emk\/files\/2022\/07\/hocare-400x173.jpg\" alt=\"\" width=\"400\" height=\"173\" srcset=\"https:\/\/semmelweis.hu\/emk\/files\/2022\/07\/hocare-400x173.jpg 400w, https:\/\/semmelweis.hu\/emk\/files\/2022\/07\/hocare.jpg 521w\" sizes=\"auto, (max-width: 400px) 100vw, 400px\" \/><\/a><\/p>\n<p>Az <strong>Orsz\u00e1gos K\u00f3rh\u00e1zi F\u0151igazgat\u00f3s\u00e1g<\/strong> korm\u00e1nyzati k\u00f6z\u00e9pir\u00e1ny\u00edt\u00f3 szervk\u00e9nt orsz\u00e1gosan felel az eg\u00e9szs\u00e9g\u00fcgyi ell\u00e1t\u00e1sszervez\u00e9s\u00e9rt, fejleszt\u00e9s\u00e9rt, \u00e9s min\u0151s\u00e9gbiztos\u00edt\u00e1s\u00e9rt. Az OKF\u0150 k\u00f6zel 100 k\u00f3rh\u00e1z fenntart\u00f3ja. Sz\u00e1mos nemzetk\u00f6zi eg\u00e9szs\u00e9g\u00fcgyi projekt \u00e9s az Eur\u00f3pai Uni\u00f3 t\u00e1mogat\u00e1s\u00e1val megval\u00f3sul\u00f3 eg\u00e9szs\u00e9gfejleszt\u00e9si operat\u00edv program kedvezm\u00e9nyezettje. A HoCare 2.0 projekt az OKF\u0150 sz\u00e1m\u00e1ra az otthoni szak\u00e1pol\u00e1s, valamint az egynapos seb\u00e9szet \u00e9s m\u00e1s, a fekv\u0151beteg ell\u00e1t\u00e1s id\u0151tartam\u00e1t ler\u00f6vid\u00edt\u0151 ell\u00e1t\u00e1sok szempontj\u00e1b\u00f3l k\u00edn\u00e1l majd hosszabb t\u00e1von hasznos\u00edthat\u00f3 eredm\u00e9nyeket.<\/p>\n<p><strong>Tov\u00e1bbi inform\u00e1ci\u00f3k a HoCare2.0 projektr\u0151l: <\/strong><a href=\"https:\/\/okfo.gov.hu\/nemzetkozi-projektek?p_p_id=szechenyiprojects_WAR_aeekportlet&amp;p_p_lifecycle=0&amp;_szechenyiprojects_WAR_aeekportlet_webcontentId=663708&amp;_szechenyiprojects_WAR_aeekportlet_categoryId=180399&amp;_szechenyiprojects_WAR_aeekportlet_mvcPath=%2Fdetailed.jsp&amp;p_p_state=NORMAL\"><strong>HoCare2.0 projekt<\/strong><\/a> oldalon<\/p>\n<p>Ingyenesen let\u00f6lthet\u0151 k\u00e9zik\u00f6nyvek:<\/p>\n<p><a href=\"https:\/\/www.interreg-central.eu\/Content.Node\/HoCare2.0\/HoCare2.0-Tools.html\">https:\/\/www.interreg-central.eu\/Content.Node\/HoCare2.0\/HoCare2.0-Tools.html<\/a><\/p>\n","protected":false},"excerpt":{"rendered":"<p>2022. j\u00fanius 15-\u00e9n ker\u00fclt sor a HoCare2.0 projekt utols\u00f3 nyilv\u00e1nos rendezv\u00e9ny\u00e9re. T\u00f6bb mint 80 r\u00e9sztvev\u0151, el\u0151ad\u00f3 \u00e9s paneltag gy\u0171lt \u00f6ssze az online konferenci\u00e1n, hogy egy d\u00e9lut\u00e1non kereszt\u00fcl megossza egym\u00e1ssal az eredm\u00e9nyeket \u00e9s a k\u00f6z\u00f6s-\u00e9rt\u00e9kalkot\u00e1s m\u00f3dszer\u00e9nek az otthon\u00e1pol\u00e1s ter\u00fclet\u00e9n t\u00f6rt\u00e9nt alkalmaz\u00e1s\u00e1nak tapasztalatait. Az Eur\u00f3pai Region\u00e1lis Fejleszt\u00e9si Alap t\u00e1mogat\u00e1s\u00e1val megval\u00f3sul\u00f3 Hocare2.0 projekt a k\u00f6z\u00e9p-eur\u00f3pai r\u00e9gi\u00f3 &#8211; 6 &hellip;<\/p>\n","protected":false},"author":101537,"featured_media":19918,"comment_status":"closed","ping_status":"closed","sticky":false,"template":"","format":"standard","meta":{"_acf_changed":false,"footnotes":""},"categories":[6],"tags":[],"class_list":["post-19917","post","type-post","status-publish","format-standard","has-post-thumbnail","hentry","category-hirek"],"acf":[],"_links":{"self":[{"href":"https:\/\/semmelweis.hu\/emk\/wp-json\/wp\/v2\/posts\/19917","targetHints":{"allow":["GET"]}}],"collection":[{"href":"https:\/\/semmelweis.hu\/emk\/wp-json\/wp\/v2\/posts"}],"about":[{"href":"https:\/\/semmelweis.hu\/emk\/wp-json\/wp\/v2\/types\/post"}],"author":[{"embeddable":true,"href":"https:\/\/semmelweis.hu\/emk\/wp-json\/wp\/v2\/users\/101537"}],"replies":[{"embeddable":true,"href":"https:\/\/semmelweis.hu\/emk\/wp-json\/wp\/v2\/comments?post=19917"}],"version-history":[{"count":3,"href":"https:\/\/semmelweis.hu\/emk\/wp-json\/wp\/v2\/posts\/19917\/revisions"}],"predecessor-version":[{"id":19926,"href":"https:\/\/semmelweis.hu\/emk\/wp-json\/wp\/v2\/posts\/19917\/revisions\/19926"}],"wp:featuredmedia":[{"embeddable":true,"href":"https:\/\/semmelweis.hu\/emk\/wp-json\/wp\/v2\/media\/19918"}],"wp:attachment":[{"href":"https:\/\/semmelweis.hu\/emk\/wp-json\/wp\/v2\/media?parent=19917"}],"wp:term":[{"taxonomy":"category","embeddable":true,"href":"https:\/\/semmelweis.hu\/emk\/wp-json\/wp\/v2\/categories?post=19917"},{"taxonomy":"post_tag","embeddable":true,"href":"https:\/\/semmelweis.hu\/emk\/wp-json\/wp\/v2\/tags?post=19917"}],"curies":[{"name":"wp","href":"https:\/\/api.w.org\/{rel}","templated":true}]}}