{"id":19842,"date":"2022-05-31T13:29:04","date_gmt":"2022-05-31T11:29:04","guid":{"rendered":"https:\/\/semmelweis.hu\/emk\/?p=19842"},"modified":"2022-05-31T13:42:06","modified_gmt":"2022-05-31T11:42:06","slug":"echo-federated-summer-school","status":"publish","type":"post","link":"https:\/\/semmelweis.hu\/emk\/2022\/05\/31\/echo-federated-summer-school\/","title":{"rendered":"Kiberbiztons\u00e1gi tematik\u00e1j\u00fa ny\u00e1ri kurzus indul ECHO Federated Summer School n\u00e9vvel"},"content":{"rendered":"<p>A 2019-ben indul\u00f3, az Eg\u00e9szs\u00e9g\u00fcgyi Menedzserk\u00e9pz\u0151 K\u00f6zpont akt\u00edv r\u00e9szv\u00e9tel\u00e9vel zajl\u00f3 ECHO projekt f\u0151 c\u00e9lja egy kiberbiztons\u00e1gi kompetencia h\u00e1l\u00f3zatra vonatkoz\u00f3 PILOT fel\u00e9p\u00edt\u00e9se \u00e9s m\u0171k\u00f6dtet\u00e9se, k\u00f6z\u00f6s kutat\u00e1si \u00e9s innov\u00e1ci\u00f3s \u00fatmutat\u00f3 fejleszt\u00e9se, valamint a szektork\u00f6zi egy\u00fcttm\u0171k\u00f6d\u00e9s fejleszt\u00e9se a jobb, proakt\u00edv inform\u00e1ci\u00f3biztons\u00e1gi v\u00e9delem \u00e9rdek\u00e9ben.<\/p>\n<p>Az Eg\u00e9szs\u00e9g\u00fcgyi Menedzserk\u00e9pz\u0151 K\u00f6zpont elk\u00f6telezett a kiberv\u00e9delem, a biztons\u00e1gtudatoss\u00e1g n\u00f6vel\u00e9se mellett, ez\u00e9rt is aj\u00e1nljuk az ECHO Federated Summer School kurzust a t\u00e9ma ir\u00e1nt \u00e9rdekl\u0151d\u0151 szakemberek figyelm\u00e9be.<\/p>\n<p><strong>Az ECHO Federated Summer School <\/strong>angol nyelv\u0171 ny\u00e1ri kurzust a European network of Cybersecurity centres and competence Hub for innovation and Operations kiberbiztons\u00e1gi projekt szervezi eg\u00e9szs\u00e9g\u00fcgyi \u00e9s energetikai kiberbiztons\u00e1g t\u00e9mak\u00f6rben az eg\u00e9szs\u00e9g\u00fcgyi \u00e9s az energia\u00e1gazatban dolgoz\u00f3 IT szakemberek r\u00e9sz\u00e9re.<\/p>\n<p>A kurzus c\u00edme: Cybersecurity, resilience and cyber threat intelligence in energy and healthcare\u00a0<strong><br \/>\n<\/strong><\/p>\n<p>Id\u0151pont:<\/p>\n<ul>\n<li><strong>2022. j\u00fanius 29., 10:00 &#8211; 12:20,<\/strong> demonstr\u00e1ci\u00f3 \u00e9s tabletop gyakorlat az energiaiparban.<\/li>\n<li><strong>2022. j\u00fanius 30., 10:00 &#8211; 12:20<\/strong> demonstr\u00e1ci\u00f3 \u00e9s tabletop gyakorlat az eg\u00e9szs\u00e9g\u00fcgyi \u00e1gazatban.<\/li>\n<\/ul>\n<p>A k\u00e9pz\u00e9s helysz\u00edne: <strong>online<\/strong> (ECHO e-Learning platform, MS Teams, ECHO-Early Warning System platform)<\/p>\n<p>Kiket keres\u00fcnk?<\/p>\n<ul>\n<li>Az energia- \u00e9s eg\u00e9szs\u00e9g\u00fcgyi \u00e1gazatban dolgoz\u00f3 IT szakembereket;<\/li>\n<li>Kiberbiztons\u00e1gi vagy inform\u00e1ci\u00f3biztons\u00e1gi szakembereket \u00e9s lelkes \u00e9rdekl\u0151d\u0151ket;<\/li>\n<li>IT-szakembereket, akik \u00e9rdekl\u0151dnek a kiberbiztons\u00e1gi ter\u00fclet ir\u00e1nt az energia- \u00e9s eg\u00e9szs\u00e9g\u00fcgyi \u00e1gazatban;<\/li>\n<li>IT- vagy kiberbiztons\u00e1gi egyetemi hallgat\u00f3kat<\/li>\n<\/ul>\n<p><strong>A kurzuson val\u00f3 r\u00e9szv\u00e9tel ingyenes!<\/strong><\/p>\n<p>El\u0151felt\u00e9telek:<\/p>\n<p>A k\u00e9pz\u00e9sen val\u00f3 r\u00e9szv\u00e9telnek nincsenek konkr\u00e9t el\u0151felt\u00e9telei, b\u00e1r a r\u00e9sztvev\u0151k sz\u00e1m\u00e1ra er\u0151sen aj\u00e1nlott, hogy rendelkezzenek IT ismeretekkel, k\u00e9szs\u00e9gekkel \u00e9s munkatapasztalattal az eg\u00e9szs\u00e9g\u00fcgyi (pl. adatb\u00e1zis- vagy k\u00f3rh\u00e1zi IT-adminisztr\u00e1ci\u00f3), illetve az energia\u00e1gazatban (pl. SCADA-adminisztr\u00e1ci\u00f3).<\/p>\n<p>2022. j\u00fanius 18. \u00e9s 28. k\u00f6z\u00f6tt a r\u00e9sztvev\u0151k hozz\u00e1f\u00e9rhetnek az ECHO e-learning rendszer\u00e9hez, hogy felk\u00e9sz\u00fcljenek az \u00e1gazatspecifikus gyakorlaton val\u00f3 r\u00e9szv\u00e9telre.<\/p>\n<p>A jelentkez\u0151k a k\u00e9t k\u00e9pz\u00e9s egyik\u00e9n val\u00f3 r\u00e9szv\u00e9telre jelentkezhetnek. Az e-learning modulok \u00e9s tartalmak egy r\u00e9sze mindk\u00e9t \u00e1gazat sz\u00e1m\u00e1ra \u00e1ltal\u00e1nos.<\/p>\n<p><a href=\"https:\/\/echonetwork.eu\/echo-federated-summer-school\/\">Tov\u00e1bbi inform\u00e1ci\u00f3 \u00e9s jelentkez\u00e9s a programra<\/a><\/p>\n<p><a href=\"https:\/\/semmelweis.hu\/emk\/files\/2022\/05\/summer_school_news.jpg\"><img loading=\"lazy\" decoding=\"async\" class=\"alignnone wp-image-19844 size-full\" src=\"https:\/\/semmelweis.hu\/emk\/files\/2022\/05\/summer_school_news.jpg\" alt=\"\" width=\"801\" height=\"530\" srcset=\"https:\/\/semmelweis.hu\/emk\/files\/2022\/05\/summer_school_news.jpg 801w, https:\/\/semmelweis.hu\/emk\/files\/2022\/05\/summer_school_news-400x265.jpg 400w, https:\/\/semmelweis.hu\/emk\/files\/2022\/05\/summer_school_news-768x508.jpg 768w, https:\/\/semmelweis.hu\/emk\/files\/2022\/05\/summer_school_news-753x498.jpg 753w, https:\/\/semmelweis.hu\/emk\/files\/2022\/05\/summer_school_news-203x135.jpg 203w\" sizes=\"auto, (max-width: 801px) 100vw, 801px\" \/><\/a><\/p>\n","protected":false},"excerpt":{"rendered":"<p>A 2019-ben indul\u00f3, az Eg\u00e9szs\u00e9g\u00fcgyi Menedzserk\u00e9pz\u0151 K\u00f6zpont akt\u00edv r\u00e9szv\u00e9tel\u00e9vel zajl\u00f3 ECHO projekt f\u0151 c\u00e9lja egy kiberbiztons\u00e1gi kompetencia h\u00e1l\u00f3zatra vonatkoz\u00f3 PILOT fel\u00e9p\u00edt\u00e9se \u00e9s m\u0171k\u00f6dtet\u00e9se, k\u00f6z\u00f6s kutat\u00e1si \u00e9s innov\u00e1ci\u00f3s \u00fatmutat\u00f3 fejleszt\u00e9se, valamint a szektork\u00f6zi egy\u00fcttm\u0171k\u00f6d\u00e9s fejleszt\u00e9se a jobb, proakt\u00edv inform\u00e1ci\u00f3biztons\u00e1gi v\u00e9delem \u00e9rdek\u00e9ben. Az Eg\u00e9szs\u00e9g\u00fcgyi Menedzserk\u00e9pz\u0151 K\u00f6zpont elk\u00f6telezett a kiberv\u00e9delem, a biztons\u00e1gtudatoss\u00e1g n\u00f6vel\u00e9se mellett, ez\u00e9rt is aj\u00e1nljuk az &hellip;<\/p>\n","protected":false},"author":101539,"featured_media":19844,"comment_status":"closed","ping_status":"closed","sticky":false,"template":"","format":"standard","meta":{"_acf_changed":false,"footnotes":""},"categories":[6],"tags":[],"class_list":["post-19842","post","type-post","status-publish","format-standard","has-post-thumbnail","hentry","category-hirek"],"acf":[],"_links":{"self":[{"href":"https:\/\/semmelweis.hu\/emk\/wp-json\/wp\/v2\/posts\/19842","targetHints":{"allow":["GET"]}}],"collection":[{"href":"https:\/\/semmelweis.hu\/emk\/wp-json\/wp\/v2\/posts"}],"about":[{"href":"https:\/\/semmelweis.hu\/emk\/wp-json\/wp\/v2\/types\/post"}],"author":[{"embeddable":true,"href":"https:\/\/semmelweis.hu\/emk\/wp-json\/wp\/v2\/users\/101539"}],"replies":[{"embeddable":true,"href":"https:\/\/semmelweis.hu\/emk\/wp-json\/wp\/v2\/comments?post=19842"}],"version-history":[{"count":8,"href":"https:\/\/semmelweis.hu\/emk\/wp-json\/wp\/v2\/posts\/19842\/revisions"}],"predecessor-version":[{"id":19851,"href":"https:\/\/semmelweis.hu\/emk\/wp-json\/wp\/v2\/posts\/19842\/revisions\/19851"}],"wp:featuredmedia":[{"embeddable":true,"href":"https:\/\/semmelweis.hu\/emk\/wp-json\/wp\/v2\/media\/19844"}],"wp:attachment":[{"href":"https:\/\/semmelweis.hu\/emk\/wp-json\/wp\/v2\/media?parent=19842"}],"wp:term":[{"taxonomy":"category","embeddable":true,"href":"https:\/\/semmelweis.hu\/emk\/wp-json\/wp\/v2\/categories?post=19842"},{"taxonomy":"post_tag","embeddable":true,"href":"https:\/\/semmelweis.hu\/emk\/wp-json\/wp\/v2\/tags?post=19842"}],"curies":[{"name":"wp","href":"https:\/\/api.w.org\/{rel}","templated":true}]}}