{"id":19819,"date":"2022-05-20T09:17:47","date_gmt":"2022-05-20T07:17:47","guid":{"rendered":"https:\/\/semmelweis.hu\/emk\/?p=19819"},"modified":"2022-05-20T09:49:07","modified_gmt":"2022-05-20T07:49:07","slug":"allaslehetoseg-az-ekk-csapataban","status":"publish","type":"post","link":"https:\/\/semmelweis.hu\/emk\/2022\/05\/20\/allaslehetoseg-az-ekk-csapataban\/","title":{"rendered":"\u00c1ll\u00e1slehet\u0151s\u00e9g az EKK csapat\u00e1ban"},"content":{"rendered":"<p>Az Eg\u00e9szs\u00e9g\u00fcgyi K\u00f6zszolg\u00e1lati Kar, Kari Gazdas\u00e1gi Igazgat\u00f3s\u00e1g <strong>gazdas\u00e1gi koordin\u00e1tor munkat\u00e1rsat <\/strong>keres <strong>teljes munkaid\u0151ben, <\/strong>hat\u00e1rozatlan idej\u0171 munkaviszonnyal, 3 h\u00f3nap pr\u00f3baid\u0151 kik\u00f6t\u00e9se mellett.<\/p>\n<p><strong>Munkav\u00e9gz\u00e9s helye:<\/strong> 1125 Budapest, K\u00fatv\u00f6lgyi \u00fat 2.<\/p>\n<p><strong>Feladatok:<\/strong><\/p>\n<ul>\n<li>els\u0151sorban eszk\u00f6zgazd\u00e1lkod\u00e1ssal kapcsolatos feladatok ell\u00e1t\u00e1sa \u00e9s a lelt\u00e1roz\u00e1sban, selejtez\u00e9sben val\u00f3 k\u00f6zrem\u0171k\u00f6d\u00e9s<\/li>\n<li>tov\u00e1bb\u00e1: p\u00e9nz\u00fcgyi adminisztrat\u00edv feladatok ell\u00e1t\u00e1sa<\/li>\n<li>beszerz\u00e9sek teljesk\u00f6r\u0171 \u00fcgyint\u00e9z\u00e9se<\/li>\n<li>sz\u00e1ml\u00e1k ellen\u0151rz\u00e9se, el\u0151k\u00e9sz\u00edt\u00e9se, feldolgoz\u00e1sa<\/li>\n<li>gazdas\u00e1gi vezet\u0151 tev\u00e9kenys\u00e9g\u00e9nek t\u00e1mogat\u00e1sa<\/li>\n<li>p\u00e9nz\u00fcgyi feladatok el\u0151k\u00e9sz\u00edt\u00e9se \u00e9s v\u00e9grehajt\u00e1sukban val\u00f3 k\u00f6zrem\u0171k\u00f6d\u00e9s<\/li>\n<li>az \u00e1ltal\u00e1nos m\u0171k\u00f6d\u00e9s\u00e9hez kapcsol\u00f3d\u00f3 adminisztrat\u00edv feladatok ell\u00e1t\u00e1sa<\/li>\n<li>vev\u0151i sz\u00e1ml\u00e1k k\u00e9sz\u00edt\u00e9se \u00e9s k\u00f6vetel\u00e9skezel\u00e9si feladatok ell\u00e1t\u00e1sa<\/li>\n<\/ul>\n<p><strong>Elv\u00e1r\u00e1sok:<\/strong><\/p>\n<ul>\n<li>k\u00f6z\u00e9pfok\u00fa v\u00e9gzetts\u00e9g<\/li>\n<li>legal\u00e1bb 1 \u00e9ves szakmai tapasztalat<\/li>\n<li>magas szint\u0171 sz\u00e1m\u00edt\u00f3g\u00e9pes ismeret (k\u00fcl\u00f6n\u00f6sen Excel, Word)<\/li>\n<\/ul>\n<p><strong>El\u0151nyt jelent\u0151 k\u00e9pzetts\u00e9g, tapasztalat:<\/strong><\/p>\n<ul>\n<li>k\u00f6z\u00e9pfok\u00fa p\u00e9nz\u00fcgyi, sz\u00e1mviteli v\u00e9gzetts\u00e9g<\/li>\n<li>m\u00e9rlegk\u00e9pes k\u00f6nyvel\u0151i v\u00e9gzetts\u00e9g<\/li>\n<li>SAP rendszer ismerete<\/li>\n<li>p\u00e1ly\u00e1zati elsz\u00e1mol\u00e1sokban val\u00f3 j\u00e1rtass\u00e1g<\/li>\n<li>angol k\u00f6z\u00e9pfok\u00fa nyelvismeret<\/li>\n<li>excel t\u00e1bl\u00e1zatkezel\u0151 kiemelt szint\u0171 ismerete<\/li>\n<\/ul>\n<p><strong>Amit k\u00edn\u00e1lunk:<\/strong><\/p>\n<ul>\n<li>fiatalos, seg\u00edt\u0151k\u00e9sz csapat<\/li>\n<li>folyamatos fejl\u0151d\u00e9si lehet\u0151s\u00e9g<\/li>\n<li>biztos, stabil munkahely<\/li>\n<\/ul>\n<p><strong>Jelentkez\u00e9si hat\u00e1rid\u0151: 2022. j\u00fanius 10.<\/strong><\/p>\n<p>Az \u00f6n\u00e9letrajzokat a <a href=\"mailto:palizs.brigitta@emk.semmelweis.hu\">palizs.brigitta@emk.semmelweis.hu<\/a> e-mail c\u00edmre v\u00e1rjuk.<\/p>\n","protected":false},"excerpt":{"rendered":"<p>Az Eg\u00e9szs\u00e9g\u00fcgyi K\u00f6zszolg\u00e1lati Kar, Kari Gazdas\u00e1gi Igazgat\u00f3s\u00e1g gazdas\u00e1gi koordin\u00e1tor munkat\u00e1rsat keres teljes munkaid\u0151ben, hat\u00e1rozatlan idej\u0171 munkaviszonnyal, 3 h\u00f3nap pr\u00f3baid\u0151 kik\u00f6t\u00e9se mellett. Munkav\u00e9gz\u00e9s helye: 1125 Budapest, K\u00fatv\u00f6lgyi \u00fat 2. Feladatok: els\u0151sorban eszk\u00f6zgazd\u00e1lkod\u00e1ssal kapcsolatos feladatok ell\u00e1t\u00e1sa \u00e9s a lelt\u00e1roz\u00e1sban, selejtez\u00e9sben val\u00f3 k\u00f6zrem\u0171k\u00f6d\u00e9s tov\u00e1bb\u00e1: p\u00e9nz\u00fcgyi adminisztrat\u00edv feladatok ell\u00e1t\u00e1sa beszerz\u00e9sek teljesk\u00f6r\u0171 \u00fcgyint\u00e9z\u00e9se sz\u00e1ml\u00e1k ellen\u0151rz\u00e9se, el\u0151k\u00e9sz\u00edt\u00e9se, feldolgoz\u00e1sa gazdas\u00e1gi vezet\u0151 tev\u00e9kenys\u00e9g\u00e9nek &hellip;<\/p>\n","protected":false},"author":101539,"featured_media":19821,"comment_status":"closed","ping_status":"closed","sticky":false,"template":"","format":"standard","meta":{"_acf_changed":false,"footnotes":""},"categories":[6],"tags":[],"class_list":["post-19819","post","type-post","status-publish","format-standard","has-post-thumbnail","hentry","category-hirek"],"acf":[],"_links":{"self":[{"href":"https:\/\/semmelweis.hu\/emk\/wp-json\/wp\/v2\/posts\/19819","targetHints":{"allow":["GET"]}}],"collection":[{"href":"https:\/\/semmelweis.hu\/emk\/wp-json\/wp\/v2\/posts"}],"about":[{"href":"https:\/\/semmelweis.hu\/emk\/wp-json\/wp\/v2\/types\/post"}],"author":[{"embeddable":true,"href":"https:\/\/semmelweis.hu\/emk\/wp-json\/wp\/v2\/users\/101539"}],"replies":[{"embeddable":true,"href":"https:\/\/semmelweis.hu\/emk\/wp-json\/wp\/v2\/comments?post=19819"}],"version-history":[{"count":4,"href":"https:\/\/semmelweis.hu\/emk\/wp-json\/wp\/v2\/posts\/19819\/revisions"}],"predecessor-version":[{"id":19824,"href":"https:\/\/semmelweis.hu\/emk\/wp-json\/wp\/v2\/posts\/19819\/revisions\/19824"}],"wp:featuredmedia":[{"embeddable":true,"href":"https:\/\/semmelweis.hu\/emk\/wp-json\/wp\/v2\/media\/19821"}],"wp:attachment":[{"href":"https:\/\/semmelweis.hu\/emk\/wp-json\/wp\/v2\/media?parent=19819"}],"wp:term":[{"taxonomy":"category","embeddable":true,"href":"https:\/\/semmelweis.hu\/emk\/wp-json\/wp\/v2\/categories?post=19819"},{"taxonomy":"post_tag","embeddable":true,"href":"https:\/\/semmelweis.hu\/emk\/wp-json\/wp\/v2\/tags?post=19819"}],"curies":[{"name":"wp","href":"https:\/\/api.w.org\/{rel}","templated":true}]}}