{"id":19391,"date":"2021-11-23T12:53:06","date_gmt":"2021-11-23T11:53:06","guid":{"rendered":"https:\/\/semmelweis.hu\/emk\/?p=19391"},"modified":"2021-11-23T13:04:37","modified_gmt":"2021-11-23T12:04:37","slug":"digitalis-kihivasok-digitalis-valaszok-online-konferencia","status":"publish","type":"post","link":"https:\/\/semmelweis.hu\/emk\/2021\/11\/23\/digitalis-kihivasok-digitalis-valaszok-online-konferencia\/","title":{"rendered":"Digit\u00e1lis kih\u00edv\u00e1sok, digit\u00e1lis v\u00e1laszok online konferencia"},"content":{"rendered":"<p><strong>2021. november 24<\/strong>-\u00e9n 9:00-17:00 \u00f3ra k\u00f6z\u00f6tt ker\u00fcl megrendez\u00e9sre a GS1 Magyarorsz\u00e1g konferenci\u00e1ja, melynek c\u00e9lja az egyes szektorokban tev\u00e9kenyked\u0151 v\u00e1llalkoz\u00e1sok digitaliz\u00e1ci\u00f3s t\u00f6rekv\u00e9seinek t\u00e1mogat\u00e1sa hasznos tud\u00e1ssal, p\u00e1ly\u00e1zati lehet\u0151s\u00e9gekkel \u00e9s m\u00e1r megval\u00f3sult p\u00e9ld\u00e1k bemutat\u00e1s\u00e1val. Az idei esem\u00e9nyen 4 szektor \u2013 \u00e9lelmiszeripar, eg\u00e9szs\u00e9g\u00fcgy, \u00e9p\u00edt\u0151ipar \u00e9s logisztika \u2013 k\u00e9pvisel\u0151i b\u0151v\u00edthetik ismereteiket a digit\u00e1lis vil\u00e1g ny\u00fajtotta lehet\u0151s\u00e9gek ter\u00e9n.<\/p>\n<p>A konferenci\u00e1n <strong>dr. Sz\u00f3cska Mikl\u00f3s<\/strong> (d\u00e9k\u00e1n, EKK) is r\u00e9szt vesz , el\u0151ad\u00e1s\u00e1ban az <strong>adatvez\u00e9relt eg\u00e9szs\u00e9g\u00fcgy<\/strong> el\u0151nyeit mutatja be.<\/p>\n<p>Az online rendezv\u00e9nyen a r\u00e9szv\u00e9tel ingyenes, de el\u0151zetes regisztr\u00e1ci\u00f3hoz k\u00f6t\u00f6tt.<\/p>\n<p><a href=\"https:\/\/www.gs1hu.org\/digitalis-kihivasok-digitalis-valaszok-2\">Regisztr\u00e1ci\u00f3 \u00e9s programterv<\/a><\/p>\n<p><a href=\"https:\/\/semmelweis.hu\/emk\/files\/2021\/11\/gs1konferencia.jpg\"><img loading=\"lazy\" decoding=\"async\" class=\"alignnone wp-image-19390 size-full\" src=\"https:\/\/semmelweis.hu\/emk\/files\/2021\/11\/gs1konferencia.jpg\" alt=\"\" width=\"2048\" height=\"1072\" srcset=\"https:\/\/semmelweis.hu\/emk\/files\/2021\/11\/gs1konferencia.jpg 2048w, https:\/\/semmelweis.hu\/emk\/files\/2021\/11\/gs1konferencia-400x209.jpg 400w, https:\/\/semmelweis.hu\/emk\/files\/2021\/11\/gs1konferencia-1024x536.jpg 1024w, https:\/\/semmelweis.hu\/emk\/files\/2021\/11\/gs1konferencia-768x402.jpg 768w, https:\/\/semmelweis.hu\/emk\/files\/2021\/11\/gs1konferencia-1536x804.jpg 1536w, https:\/\/semmelweis.hu\/emk\/files\/2021\/11\/gs1konferencia-753x394.jpg 753w\" sizes=\"auto, (max-width: 2048px) 100vw, 2048px\" \/><\/a><\/p>\n<p>&nbsp;<\/p>\n","protected":false},"excerpt":{"rendered":"<p>2021. november 24-\u00e9n 9:00-17:00 \u00f3ra k\u00f6z\u00f6tt ker\u00fcl megrendez\u00e9sre a GS1 Magyarorsz\u00e1g konferenci\u00e1ja, melynek c\u00e9lja az egyes szektorokban tev\u00e9kenyked\u0151 v\u00e1llalkoz\u00e1sok digitaliz\u00e1ci\u00f3s t\u00f6rekv\u00e9seinek t\u00e1mogat\u00e1sa hasznos tud\u00e1ssal, p\u00e1ly\u00e1zati lehet\u0151s\u00e9gekkel \u00e9s m\u00e1r megval\u00f3sult p\u00e9ld\u00e1k bemutat\u00e1s\u00e1val. Az idei esem\u00e9nyen 4 szektor \u2013 \u00e9lelmiszeripar, eg\u00e9szs\u00e9g\u00fcgy, \u00e9p\u00edt\u0151ipar \u00e9s logisztika \u2013 k\u00e9pvisel\u0151i b\u0151v\u00edthetik ismereteiket a digit\u00e1lis vil\u00e1g ny\u00fajtotta lehet\u0151s\u00e9gek ter\u00e9n. A konferenci\u00e1n dr. &hellip;<\/p>\n","protected":false},"author":101539,"featured_media":19390,"comment_status":"closed","ping_status":"closed","sticky":false,"template":"","format":"standard","meta":{"_acf_changed":false,"footnotes":""},"categories":[6],"tags":[],"class_list":["post-19391","post","type-post","status-publish","format-standard","has-post-thumbnail","hentry","category-hirek"],"acf":[],"_links":{"self":[{"href":"https:\/\/semmelweis.hu\/emk\/wp-json\/wp\/v2\/posts\/19391","targetHints":{"allow":["GET"]}}],"collection":[{"href":"https:\/\/semmelweis.hu\/emk\/wp-json\/wp\/v2\/posts"}],"about":[{"href":"https:\/\/semmelweis.hu\/emk\/wp-json\/wp\/v2\/types\/post"}],"author":[{"embeddable":true,"href":"https:\/\/semmelweis.hu\/emk\/wp-json\/wp\/v2\/users\/101539"}],"replies":[{"embeddable":true,"href":"https:\/\/semmelweis.hu\/emk\/wp-json\/wp\/v2\/comments?post=19391"}],"version-history":[{"count":1,"href":"https:\/\/semmelweis.hu\/emk\/wp-json\/wp\/v2\/posts\/19391\/revisions"}],"predecessor-version":[{"id":19392,"href":"https:\/\/semmelweis.hu\/emk\/wp-json\/wp\/v2\/posts\/19391\/revisions\/19392"}],"wp:featuredmedia":[{"embeddable":true,"href":"https:\/\/semmelweis.hu\/emk\/wp-json\/wp\/v2\/media\/19390"}],"wp:attachment":[{"href":"https:\/\/semmelweis.hu\/emk\/wp-json\/wp\/v2\/media?parent=19391"}],"wp:term":[{"taxonomy":"category","embeddable":true,"href":"https:\/\/semmelweis.hu\/emk\/wp-json\/wp\/v2\/categories?post=19391"},{"taxonomy":"post_tag","embeddable":true,"href":"https:\/\/semmelweis.hu\/emk\/wp-json\/wp\/v2\/tags?post=19391"}],"curies":[{"name":"wp","href":"https:\/\/api.w.org\/{rel}","templated":true}]}}