{"id":19105,"date":"2021-08-23T14:54:52","date_gmt":"2021-08-23T12:54:52","guid":{"rendered":"https:\/\/semmelweis.hu\/emk\/?p=19105"},"modified":"2021-08-23T15:03:43","modified_gmt":"2021-08-23T13:03:43","slug":"xv-ime-orszagos-egeszseg-gazdasagtani-tovabbkepzes-es-konferencia","status":"publish","type":"post","link":"https:\/\/semmelweis.hu\/emk\/2021\/08\/23\/xv-ime-orszagos-egeszseg-gazdasagtani-tovabbkepzes-es-konferencia\/","title":{"rendered":"XV. IME Orsz\u00e1gos Eg\u00e9szs\u00e9g-gazdas\u00e1gtani Tov\u00e1bbk\u00e9pz\u00e9s \u00e9s Konferencia"},"content":{"rendered":"<p><strong>Eg\u00e9szs\u00e9g, eg\u00e9szs\u00e9g\u00fcgy \u00e9s gazdas\u00e1g j\u00e1rv\u00e1nyon innen \u00e9s t\u00fal<\/strong><\/p>\n<p>Az IME &#8211; Az eg\u00e9szs\u00e9g\u00fcgyi vezet\u0151k szaklapja <strong>2021. szeptember 2<\/strong>-\u00e1n rendezi meg XV. IME Orsz\u00e1gos Eg\u00e9szs\u00e9g-gazdas\u00e1gtani Tov\u00e1bbk\u00e9pz\u00e9s\u00e9t \u00e9s Konferenci\u00e1j\u00e1t a Radisson Blu B\u00e9ke Hotelben (1067 Budapest, Ter\u00e9z krt. 43.). A rendezv\u00e9ny a megszokott szakmai \u00e9s technikai sz\u00ednvonal biztos\u00edt\u00e1s\u00e1val ONLINE form\u00e1ban is k\u00f6zvet\u00edt\u00e9sre ker\u00fcl.<\/p>\n<p>Jelentkezni kiz\u00e1r\u00f3lag az\u00a0online <a href=\"https:\/\/meettech.hu\/ime\/regisztracio\/\"><strong>regisztr\u00e1ci\u00f3s fel\u00fcleten<\/strong><\/a> lehets\u00e9ges, melyen el\u00e9rhet\u0151 a konferencia aktu\u00e1lis <strong><a href=\"https:\/\/meettech.hu\/ime\/program\/\">programterve<\/a><\/strong> is.<\/p>\n<p><a href=\"https:\/\/semmelweis.hu\/emk\/files\/2021\/08\/ime_konf_szeptember.jpg\"><img loading=\"lazy\" decoding=\"async\" class=\"alignnone wp-image-19106 size-full\" src=\"https:\/\/semmelweis.hu\/emk\/files\/2021\/08\/ime_konf_szeptember.jpg\" alt=\"\" width=\"1280\" height=\"720\" srcset=\"https:\/\/semmelweis.hu\/emk\/files\/2021\/08\/ime_konf_szeptember.jpg 1280w, https:\/\/semmelweis.hu\/emk\/files\/2021\/08\/ime_konf_szeptember-400x225.jpg 400w, https:\/\/semmelweis.hu\/emk\/files\/2021\/08\/ime_konf_szeptember-1024x576.jpg 1024w, https:\/\/semmelweis.hu\/emk\/files\/2021\/08\/ime_konf_szeptember-768x432.jpg 768w, https:\/\/semmelweis.hu\/emk\/files\/2021\/08\/ime_konf_szeptember-753x424.jpg 753w\" sizes=\"auto, (max-width: 1280px) 100vw, 1280px\" \/><\/a><\/p>\n","protected":false},"excerpt":{"rendered":"<p>Eg\u00e9szs\u00e9g, eg\u00e9szs\u00e9g\u00fcgy \u00e9s gazdas\u00e1g j\u00e1rv\u00e1nyon innen \u00e9s t\u00fal Az IME &#8211; Az eg\u00e9szs\u00e9g\u00fcgyi vezet\u0151k szaklapja 2021. szeptember 2-\u00e1n rendezi meg XV. IME Orsz\u00e1gos Eg\u00e9szs\u00e9g-gazdas\u00e1gtani Tov\u00e1bbk\u00e9pz\u00e9s\u00e9t \u00e9s Konferenci\u00e1j\u00e1t a Radisson Blu B\u00e9ke Hotelben (1067 Budapest, Ter\u00e9z krt. 43.). A rendezv\u00e9ny a megszokott szakmai \u00e9s technikai sz\u00ednvonal biztos\u00edt\u00e1s\u00e1val ONLINE form\u00e1ban is k\u00f6zvet\u00edt\u00e9sre ker\u00fcl. Jelentkezni kiz\u00e1r\u00f3lag az\u00a0online <a href=\"https:\/\/meettech.hu\/ime\/regisztracio\/\">regisztr\u00e1ci\u00f3s fel\u00fcleten<\/a> lehets\u00e9ges, &hellip;<\/p>\n","protected":false},"author":101539,"featured_media":19106,"comment_status":"closed","ping_status":"closed","sticky":false,"template":"","format":"standard","meta":{"_acf_changed":false,"footnotes":""},"categories":[6],"tags":[],"class_list":["post-19105","post","type-post","status-publish","format-standard","has-post-thumbnail","hentry","category-hirek"],"acf":[],"_links":{"self":[{"href":"https:\/\/semmelweis.hu\/emk\/wp-json\/wp\/v2\/posts\/19105","targetHints":{"allow":["GET"]}}],"collection":[{"href":"https:\/\/semmelweis.hu\/emk\/wp-json\/wp\/v2\/posts"}],"about":[{"href":"https:\/\/semmelweis.hu\/emk\/wp-json\/wp\/v2\/types\/post"}],"author":[{"embeddable":true,"href":"https:\/\/semmelweis.hu\/emk\/wp-json\/wp\/v2\/users\/101539"}],"replies":[{"embeddable":true,"href":"https:\/\/semmelweis.hu\/emk\/wp-json\/wp\/v2\/comments?post=19105"}],"version-history":[{"count":6,"href":"https:\/\/semmelweis.hu\/emk\/wp-json\/wp\/v2\/posts\/19105\/revisions"}],"predecessor-version":[{"id":19112,"href":"https:\/\/semmelweis.hu\/emk\/wp-json\/wp\/v2\/posts\/19105\/revisions\/19112"}],"wp:featuredmedia":[{"embeddable":true,"href":"https:\/\/semmelweis.hu\/emk\/wp-json\/wp\/v2\/media\/19106"}],"wp:attachment":[{"href":"https:\/\/semmelweis.hu\/emk\/wp-json\/wp\/v2\/media?parent=19105"}],"wp:term":[{"taxonomy":"category","embeddable":true,"href":"https:\/\/semmelweis.hu\/emk\/wp-json\/wp\/v2\/categories?post=19105"},{"taxonomy":"post_tag","embeddable":true,"href":"https:\/\/semmelweis.hu\/emk\/wp-json\/wp\/v2\/tags?post=19105"}],"curies":[{"name":"wp","href":"https:\/\/api.w.org\/{rel}","templated":true}]}}