{"id":19060,"date":"2021-07-12T18:18:25","date_gmt":"2021-07-12T16:18:25","guid":{"rendered":"https:\/\/semmelweis.hu\/emk\/?p=19060"},"modified":"2021-07-12T18:18:25","modified_gmt":"2021-07-12T16:18:25","slug":"veszprembol-startolt-az-egeszsegpart-balaton-szuroprogram-sorozat","status":"publish","type":"post","link":"https:\/\/semmelweis.hu\/emk\/2021\/07\/12\/veszprembol-startolt-az-egeszsegpart-balaton-szuroprogram-sorozat\/","title":{"rendered":"Veszpr\u00e9mb\u0151l startolt az EG\u00c9SZS\u00c9GPART Balaton sz\u0171r\u0151program sorozat"},"content":{"rendered":"<p><span style=\"font-weight: 400\">Az Eg\u00e9szs\u00e9gpart Balaton rendezv\u00e9nysorozat a Magyar Eg\u00e9szs\u00e9g\u00fcgyi Menedzsment T\u00e1rsas\u00e1g \u00e9s a Nemzeti N\u00e9peg\u00e9szs\u00e9g\u00fcgyi K\u00f6zpont k\u00f6z\u00f6s szervez\u00e9s\u00e9ben val\u00f3sul meg 2021 nyar\u00e1n. A program a Magyar Nemzeti Bank t\u00e1mogat\u00e1s\u00e1val j\u00f6tt l\u00e9tre, szakmai el\u0151k\u00e9sz\u00edt\u00e9s\u00e9ben a Semmelweis Egyetem Eg\u00e9szs\u00e9g\u00fcgyi Menedzserk\u00e9pz\u0151 K\u00f6zpontja \u00e9s a Veszpr\u00e9m megyei eg\u00e9szs\u00e9g\u00fcgyi int\u00e9zm\u00e9nyek is r\u00e9szt vettek.<\/span><\/p>\n<p><span style=\"font-weight: 400\">Veszpr\u00e9mbe j\u00falius 10-\u00e9n, szombat d\u00e9lel\u0151tt g\u00f6rd\u00fclt be a program n\u00e9gy darab sz\u0171r\u0151busza. A Laczk\u00f3 Dezs\u0151 M\u00fazeum el\u0151tti parkol\u00f3ban eg\u00e9szs\u00e9g\u00fcgyi szakemberek, \u00e9s a Budapesti Orvostanhallgat\u00f3k Egyes\u00fclet\u00e9nek k\u00e9pvisel\u0151i v\u00e1rt\u00e1k az \u00e9rdekl\u0151d\u0151ket k\u00fcl\u00f6nb\u00f6z\u0151 sz\u0171r\u0151vizsg\u00e1latokra. A vizsg\u00e1latok f\u00f3kusz\u00e1ban els\u0151sorban a b\u0151rgy\u00f3gy\u00e1szat \u00e1llt, amely kifejezetten a ny\u00e1ri id\u0151j\u00e1r\u00e1shoz kapcsol\u00f3d\u00f3 sz\u0171r\u0151vizsg\u00e1latk\u00e9nt az UVB-sug\u00e1rz\u00e1s elleni v\u00e9dekez\u00e9s fontoss\u00e1g\u00e1ra igyekezett felh\u00edvni a figyelmet.\u00a0<\/span><\/p>\n<p><span style=\"font-weight: 400\">A sz\u0171r\u0151buszokban \u00e1ltal\u00e1nos sz\u0171r\u0151vizsg\u00e1latok \u00e9s fog\u00e1szati vizsg\u00e1latok is zajlottak a magyar Fogorvostanhallgat\u00f3k Egyes\u00fclet\u00e9nek k\u00f6zrem\u0171k\u00f6d\u00e9s\u00e9vel, ahogy ezt <\/span><b>Jo\u00f3 Tam\u00e1s<\/b><span style=\"font-weight: 400\">, a Magyar Eg\u00e9szs\u00e9g\u00fcgyi Menedzsment T\u00e1rsas\u00e1g eln\u00f6khelyettese is kiemelte a helysz\u00ednen tartott sajt\u00f3t\u00e1j\u00e9koztat\u00f3n.<\/span><\/p>\n<p><b>Bert\u00f3kn\u00e9 Tam\u00e1s Ren\u00e1ta<\/b><span style=\"font-weight: 400\">, a Nemzeti N\u00e9peg\u00e9szs\u00e9g\u00fcgyi K\u00f6zpont f\u0151oszt\u00e1lyvezet\u0151je Veszpr\u00e9mben elmondta: k\u00f6ztudott, hogy a magyarok eg\u00e9szs\u00e9g\u00fcgyi \u00e1llapota nem a legjobb Eur\u00f3pa m\u00e1s \u00e1llamaihoz viszony\u00edtva, ugyanakkor hozz\u00e1tette, hogy az elm\u00falt 10 \u00e9vben m\u00e1r elindult pozit\u00edv ir\u00e1nyba egyfajta v\u00e1ltoz\u00e1s, ebben a szakembereknek, a d\u00f6nt\u00e9shoz\u00f3knak \u00e9s a t\u00e1rsadalom minden tagj\u00e1nak is komoly felel\u0151ss\u00e9ge van.<\/span><\/p>\n<p><span style=\"font-weight: 400\">Ugyanezt a felel\u0151ss\u00e9gv\u00e1llal\u00e1st emelte ki <\/span><b>Ov\u00e1di P\u00e9ter<\/b><span style=\"font-weight: 400\"> orsz\u00e1ggy\u0171l\u00e9si k\u00e9pvisel\u0151 is a rendezv\u00e9nyen, aki szint\u00e9n t\u00e1mogatta a sz\u0171r\u0151program veszpr\u00e9mi \u00e1llom\u00e1s\u00e1t. A k\u00e9pvisel\u0151 megk\u00f6sz\u00f6nte az eg\u00e9szs\u00e9g\u00fcgyi dolgoz\u00f3k elm\u00falt m\u00e1sf\u00e9l \u00e9ves kitart\u00f3 munk\u00e1j\u00e1t is. Err\u0151l az id\u0151szakr\u00f3l \u00fagy fogalmazott, hogy mindenki el\u0151tt nyilv\u00e1nval\u00f3v\u00e1 v\u00e1lt, hogy a legnagyobb kincs\u00fcnk az eg\u00e9szs\u00e9g\u00fcnk, aminek meg\u0151rz\u00e9s\u00e9\u00e9rt pontosan ilyen prevenci\u00f3s programokra van sz\u00fcks\u00e9g, mint amilyen az Eg\u00e9szs\u00e9gpart is.<\/span><\/p>\n<p><span style=\"font-weight: 400\">V\u00e9gezet\u00fcl <\/span><b>Porga Gyula<\/b><span style=\"font-weight: 400\"> polg\u00e1rmester szint\u00e9n megk\u00f6sz\u00f6nte a koronav\u00edrus j\u00e1rv\u00e1ny ellen v\u00e9gzett munk\u00e1t, az Eg\u00e9szs\u00e9gpart sz\u0171r\u0151program kapcs\u00e1n pedig kiemelte, biztos benne, hogy sok \u00e9rdekl\u0151d\u0151 felkeresi a buszokat, hiszen Veszpr\u00e9mben hagyom\u00e1nya van az ilyen prevenci\u00f3s programoknak, ha pedig csak egy embern\u00e9l siker\u00fcl kisz\u0171rni egy kezd\u0151d\u0151 betegs\u00e9get, m\u00e1r meg\u00e9rte megszervezni!<\/span><\/p>\n<p><span style=\"font-weight: 400\">A program nagy sikerrel z\u00e1rult az els\u0151 \u00e1llom\u00e1son, k\u00f6zel 100 veszpr\u00e9mi lakos vett r\u00e9szt a sz\u0171r\u0151vizsg\u00e1latokon, ahol az Eg\u00e9szs\u00e9gpart b\u0151rgy\u00f3gy\u00e1sz szakemberei 4 rosszindulat\u00fa elv\u00e1ltoz\u00e1st is tal\u00e1ltak, ami azt bizony\u00edtja, hogy a sz\u0171r\u0151vizsg\u00e1latok ig\u00e9nybev\u00e9tele l\u00e9tfontoss\u00e1g\u00fa!<\/span><\/p>\n<p><span style=\"font-weight: 400\">Az Eg\u00e9szs\u00e9gpart k\u00f6vetkez\u0151 \u00e1llom\u00e1sa j\u00falius 17\u201318-\u00e1n Balatonakaratty\u00e1n lesz, majd a k\u00f6vetkez\u0151 h\u00e9tv\u00e9g\u00e9ken Balatonf\u00fcredre, Balatonalm\u00e1diba, Csopakra, Gyenesdi\u00e1sra \u00e9s Keszthelyre \u00e9rkeznek az Eg\u00e9szs\u00e9gpart sz\u0171r\u0151buszai \u00e9s prevenci\u00f3s programjai.<\/span><\/p>\n","protected":false},"excerpt":{"rendered":"<p>Az Eg\u00e9szs\u00e9gpart Balaton rendezv\u00e9nysorozat a Magyar Eg\u00e9szs\u00e9g\u00fcgyi Menedzsment T\u00e1rsas\u00e1g \u00e9s a Nemzeti N\u00e9peg\u00e9szs\u00e9g\u00fcgyi K\u00f6zpont k\u00f6z\u00f6s szervez\u00e9s\u00e9ben val\u00f3sul meg 2021 nyar\u00e1n. A program a Magyar Nemzeti Bank t\u00e1mogat\u00e1s\u00e1val j\u00f6tt l\u00e9tre, szakmai el\u0151k\u00e9sz\u00edt\u00e9s\u00e9ben a Semmelweis Egyetem Eg\u00e9szs\u00e9g\u00fcgyi Menedzserk\u00e9pz\u0151 K\u00f6zpontja \u00e9s a Veszpr\u00e9m megyei eg\u00e9szs\u00e9g\u00fcgyi int\u00e9zm\u00e9nyek is r\u00e9szt vettek. Veszpr\u00e9mbe j\u00falius 10-\u00e9n, szombat d\u00e9lel\u0151tt g\u00f6rd\u00fclt be a program &hellip;<\/p>\n","protected":false},"author":101537,"featured_media":19061,"comment_status":"closed","ping_status":"closed","sticky":false,"template":"","format":"standard","meta":{"_acf_changed":false,"footnotes":""},"categories":[6],"tags":[],"class_list":["post-19060","post","type-post","status-publish","format-standard","has-post-thumbnail","hentry","category-hirek"],"acf":[],"_links":{"self":[{"href":"https:\/\/semmelweis.hu\/emk\/wp-json\/wp\/v2\/posts\/19060","targetHints":{"allow":["GET"]}}],"collection":[{"href":"https:\/\/semmelweis.hu\/emk\/wp-json\/wp\/v2\/posts"}],"about":[{"href":"https:\/\/semmelweis.hu\/emk\/wp-json\/wp\/v2\/types\/post"}],"author":[{"embeddable":true,"href":"https:\/\/semmelweis.hu\/emk\/wp-json\/wp\/v2\/users\/101537"}],"replies":[{"embeddable":true,"href":"https:\/\/semmelweis.hu\/emk\/wp-json\/wp\/v2\/comments?post=19060"}],"version-history":[{"count":1,"href":"https:\/\/semmelweis.hu\/emk\/wp-json\/wp\/v2\/posts\/19060\/revisions"}],"predecessor-version":[{"id":19062,"href":"https:\/\/semmelweis.hu\/emk\/wp-json\/wp\/v2\/posts\/19060\/revisions\/19062"}],"wp:featuredmedia":[{"embeddable":true,"href":"https:\/\/semmelweis.hu\/emk\/wp-json\/wp\/v2\/media\/19061"}],"wp:attachment":[{"href":"https:\/\/semmelweis.hu\/emk\/wp-json\/wp\/v2\/media?parent=19060"}],"wp:term":[{"taxonomy":"category","embeddable":true,"href":"https:\/\/semmelweis.hu\/emk\/wp-json\/wp\/v2\/categories?post=19060"},{"taxonomy":"post_tag","embeddable":true,"href":"https:\/\/semmelweis.hu\/emk\/wp-json\/wp\/v2\/tags?post=19060"}],"curies":[{"name":"wp","href":"https:\/\/api.w.org\/{rel}","templated":true}]}}