{"id":19046,"date":"2021-06-23T16:10:12","date_gmt":"2021-06-23T14:10:12","guid":{"rendered":"https:\/\/semmelweis.hu\/emk\/?p=19046"},"modified":"2021-06-23T16:14:42","modified_gmt":"2021-06-23T14:14:42","slug":"szakmai-nap-a-mesterseges-intelligenciarol","status":"publish","type":"post","link":"https:\/\/semmelweis.hu\/emk\/2021\/06\/23\/szakmai-nap-a-mesterseges-intelligenciarol\/","title":{"rendered":"Szakmai nap a mesters\u00e9ges intelligenci\u00e1r\u00f3l"},"content":{"rendered":"<div>2021. j\u00fanius 15-16. k\u00f6z\u00f6tt ker\u00fclt sor az Innov\u00e1ci\u00f3s \u00e9s Technol\u00f3giai Miniszt\u00e9rium \u00e9s az MI Koal\u00edci\u00f3 k\u00f6z\u00f6s rendezv\u00e9ny\u00e9re, amelyen &#8211; az MI Koal\u00edci\u00f3 tagjak\u00e9nt &#8211; ki\u00e1ll\u00edt\u00f3k\u00e9nt az Eg\u00e9szs\u00e9g\u00fcgyi K\u00f6zszolg\u00e1lati Kar is r\u00e9szt vett. A ki\u00e1ll\u00edt\u00e1son a mesters\u00e9ges intelligencia hazai kezdem\u00e9nyez\u00e9seit \u00e9s f\u0151bb eredm\u00e9nyeit mutatt\u00e1k be. A standokon a szakma kiemelked\u0151 magyarorsz\u00e1gi k\u00e9pvisel\u0151i ismertett\u00e9k MI-alkalmaz\u00e1saikat, a konferencia el\u0151ad\u00e1sai pedig betekint\u00e9st ny\u00fajtottak abba, hogy hol tartanak a hazai MI-er\u0151fesz\u00edt\u00e9sek.<\/div>\n<div>\u00a0<\/div>\n<div>A ki\u00e1ll\u00edt\u00e1s els\u0151 napj\u00e1n standunkon Palkovics L\u00e1szl\u00f3 \u00e9s K\u00e1sler Mikl\u00f3s minisztereknek, valamint Hajzer K\u00e1roly \u00e1llamtitk\u00e1rnak prezent\u00e1ltuk a mesters\u00e9ges intelligenci\u00e1ban rejl\u0151 lehet\u0151s\u00e9geket a vastagb\u00e9lr\u00e1k \u00e9s a mellr\u00e1k felismer\u00e9s\u00e9ben, valamint a fog\u00e1szatban. A standunkat G\u00e1l Andr\u00e1s Levente, a NAV\u00dc \u00fcgyvezet\u0151je is megl\u00e1togatta.\u00a0<\/div>\n<div>\u00a0<\/div>\n<div>A m\u00e1sodik napon minden \u00e9rdekl\u0151d\u0151 sz\u00e1m\u00e1ra l\u00e1togathat\u00f3v\u00e1 v\u00e1lt a\u00a0BME Q \u00e9p\u00fclet\u00e9ben megrendezett d\u00edjmentes\u00a0<a href=\"https:\/\/kiallitas.ai-hungary.com\/?fbclid=IwAR3DqNOWyMQWpbyS7q8rEG_WyWlpc27-8lwy9AceycFYQQmtP3lJmc0-1yQ\">szakmai nap \u00e9s ki\u00e1ll\u00edt\u00e1s<\/a>.<\/div>\n<div>\u00a0<\/div>\n<div><a href=\"https:\/\/semmelweis.hu\/emk\/files\/2021\/06\/mik_collage1.jpg\"><img loading=\"lazy\" decoding=\"async\" class=\"alignnone wp-image-19044 size-full\" src=\"https:\/\/semmelweis.hu\/emk\/files\/2021\/06\/mik_collage1.jpg\" alt=\"\" width=\"1907\" height=\"847\" srcset=\"https:\/\/semmelweis.hu\/emk\/files\/2021\/06\/mik_collage1.jpg 1907w, https:\/\/semmelweis.hu\/emk\/files\/2021\/06\/mik_collage1-400x178.jpg 400w, https:\/\/semmelweis.hu\/emk\/files\/2021\/06\/mik_collage1-1024x455.jpg 1024w, https:\/\/semmelweis.hu\/emk\/files\/2021\/06\/mik_collage1-768x341.jpg 768w, https:\/\/semmelweis.hu\/emk\/files\/2021\/06\/mik_collage1-1536x682.jpg 1536w, https:\/\/semmelweis.hu\/emk\/files\/2021\/06\/mik_collage1-753x334.jpg 753w\" sizes=\"auto, (max-width: 1907px) 100vw, 1907px\" \/><\/a><\/div>\n","protected":false},"excerpt":{"rendered":"<p>2021. j\u00fanius 15-16. k\u00f6z\u00f6tt ker\u00fclt sor az Innov\u00e1ci\u00f3s \u00e9s Technol\u00f3giai Miniszt\u00e9rium \u00e9s az MI Koal\u00edci\u00f3 k\u00f6z\u00f6s rendezv\u00e9ny\u00e9re, amelyen &#8211; az MI Koal\u00edci\u00f3 tagjak\u00e9nt &#8211; ki\u00e1ll\u00edt\u00f3k\u00e9nt az Eg\u00e9szs\u00e9g\u00fcgyi K\u00f6zszolg\u00e1lati Kar is r\u00e9szt vett. A ki\u00e1ll\u00edt\u00e1son a mesters\u00e9ges intelligencia hazai kezdem\u00e9nyez\u00e9seit \u00e9s f\u0151bb eredm\u00e9nyeit mutatt\u00e1k be. A standokon a szakma kiemelked\u0151 magyarorsz\u00e1gi k\u00e9pvisel\u0151i ismertett\u00e9k MI-alkalmaz\u00e1saikat, a konferencia &hellip;<\/p>\n","protected":false},"author":101539,"featured_media":19045,"comment_status":"closed","ping_status":"closed","sticky":false,"template":"","format":"standard","meta":{"_acf_changed":false,"footnotes":""},"categories":[6],"tags":[],"class_list":["post-19046","post","type-post","status-publish","format-standard","has-post-thumbnail","hentry","category-hirek"],"acf":[],"_links":{"self":[{"href":"https:\/\/semmelweis.hu\/emk\/wp-json\/wp\/v2\/posts\/19046","targetHints":{"allow":["GET"]}}],"collection":[{"href":"https:\/\/semmelweis.hu\/emk\/wp-json\/wp\/v2\/posts"}],"about":[{"href":"https:\/\/semmelweis.hu\/emk\/wp-json\/wp\/v2\/types\/post"}],"author":[{"embeddable":true,"href":"https:\/\/semmelweis.hu\/emk\/wp-json\/wp\/v2\/users\/101539"}],"replies":[{"embeddable":true,"href":"https:\/\/semmelweis.hu\/emk\/wp-json\/wp\/v2\/comments?post=19046"}],"version-history":[{"count":4,"href":"https:\/\/semmelweis.hu\/emk\/wp-json\/wp\/v2\/posts\/19046\/revisions"}],"predecessor-version":[{"id":19050,"href":"https:\/\/semmelweis.hu\/emk\/wp-json\/wp\/v2\/posts\/19046\/revisions\/19050"}],"wp:featuredmedia":[{"embeddable":true,"href":"https:\/\/semmelweis.hu\/emk\/wp-json\/wp\/v2\/media\/19045"}],"wp:attachment":[{"href":"https:\/\/semmelweis.hu\/emk\/wp-json\/wp\/v2\/media?parent=19046"}],"wp:term":[{"taxonomy":"category","embeddable":true,"href":"https:\/\/semmelweis.hu\/emk\/wp-json\/wp\/v2\/categories?post=19046"},{"taxonomy":"post_tag","embeddable":true,"href":"https:\/\/semmelweis.hu\/emk\/wp-json\/wp\/v2\/tags?post=19046"}],"curies":[{"name":"wp","href":"https:\/\/api.w.org\/{rel}","templated":true}]}}