{"id":18990,"date":"2021-06-01T13:27:45","date_gmt":"2021-06-01T11:27:45","guid":{"rendered":"https:\/\/semmelweis.hu\/emk\/?p=18990"},"modified":"2021-06-01T13:30:10","modified_gmt":"2021-06-01T11:30:10","slug":"regios-szakmai-konferencia-a-szocialis-vezetokepzo-tudaskozpont-eredmenyeirol","status":"publish","type":"post","link":"https:\/\/semmelweis.hu\/emk\/2021\/06\/01\/regios-szakmai-konferencia-a-szocialis-vezetokepzo-tudaskozpont-eredmenyeirol\/","title":{"rendered":"R\u00e9gi\u00f3s szakmai konferencia a Szoci\u00e1lis Vezet\u0151k\u00e9pz\u0151 Tud\u00e1sk\u00f6zpont eredm\u00e9nyeir\u0151l"},"content":{"rendered":"<p>A Semmelweis Egyetem 2018. m\u00e1jus 8-\u00e1n egy pilot kurzussal az orsz\u00e1gban els\u0151k\u00e9nt ind\u00edtott mesterszint\u0171 vezet\u0151k\u00e9pz\u00e9st a szoci\u00e1lis \u00e1gazat szakemberei sz\u00e1m\u00e1ra. Az\u00f3ta is t\u00f6retlen a hit\u00fcnk abban, hogy a vezet\u00e9shez sz\u00fcks\u00e9ges kompetenci\u00e1k fejleszt\u00e9se hat\u00e9konyabb\u00e1 \u00e9s eredm\u00e9nyesebb\u00e9 teszi a szoci\u00e1lis \u00e1gazatban dolgoz\u00f3 vezet\u0151k munk\u00e1j\u00e1t \u00e9s ezzel a szolg\u00e1ltat\u00e1sok fejl\u0151d\u00e9s\u00e9hez \u00e9s az ell\u00e1tottak el\u00e9gedetts\u00e9g\u00e9nek n\u00f6vel\u00e9s\u00e9hez is hozz\u00e1j\u00e1rul.<br \/>\nA tudatoss\u00e1g \u00e9s a gyakorlatiass\u00e1g a k\u00e9t legfontosabb c\u00e9lja a kidolgozott egys\u00e9ges oktat\u00e1si programnak, ami alap- \u00e9s mesterfokon a vezet\u0151i munka minden fontos r\u00e9szter\u00fclet\u00e9re kiterjed. M\u00e1ra m\u00e1r t\u00f6bb mint 2700 f\u0151 vett r\u00e9szt a k\u00e9pz\u00e9seinken, t\u00f6bb int\u00e9zm\u00e9nyben val\u00f3s\u00edtottunk meg int\u00e9zm\u00e9nymenedzsment programot.<\/p>\n<p>Most, hogy lassan z\u00e1rul a projekt, besz\u00e1molunk az eredm\u00e9nyeinkr\u0151l, a r\u00e9sztvev\u0151k visszajelz\u00e9seir\u0151l \u00e9s a v\u00e9gzett hallgat\u00f3k bemutatj\u00e1k, hogy a k\u00e9pz\u00e9s a gyakorlatban mik\u00e9nt tud hasznosulni.<\/p>\n<p>A konferencia<strong>\u00a0online<\/strong> form\u00e1ban, a Zoom alkalmaz\u00e1s haszn\u00e1lat\u00e1val ker\u00fcl megrendez\u00e9sre.<\/p>\n<p><strong>Id\u0151pont: 2021. j\u00fanius 3. 14.00 \u00f3ra<\/strong><\/p>\n<p><span style=\"font-size: 1rem\"><a href=\"https:\/\/docs.google.com\/forms\/d\/e\/1FAIpQLScv_220m2DjlPW1YB016AamfRqWSXoqIL4SSuz_xXI7F0mlYw\/viewform\">Regisztr\u00e1ci\u00f3<\/a><\/span><\/p>\n<p><span style=\"font-size: 1rem\">A konferencia el\u00e9r\u00e9s\u00e9nek linkj\u00e9t a regisztr\u00e1lt r\u00e9sztvev\u0151knek a rendezv\u00e9ny el\u0151tti napon, j\u00fanius 2-\u00e1n k\u00fcldj\u00fck meg. A kapcsol\u00f3d\u00e1s sikeress\u00e9ge \u00e9rdek\u00e9ben egy r\u00f6vid Zoom haszn\u00e1lati le\u00edr\u00e1st is tov\u00e1bb\u00edtani fogunk.<\/span><\/p>\n<p>V\u00e1runk minden \u00e9rdekl\u0151d\u0151t!<\/p>\n","protected":false},"excerpt":{"rendered":"<p>A Semmelweis Egyetem 2018. m\u00e1jus 8-\u00e1n egy pilot kurzussal az orsz\u00e1gban els\u0151k\u00e9nt ind\u00edtott mesterszint\u0171 vezet\u0151k\u00e9pz\u00e9st a szoci\u00e1lis \u00e1gazat szakemberei sz\u00e1m\u00e1ra. Az\u00f3ta is t\u00f6retlen a hit\u00fcnk abban, hogy a vezet\u00e9shez sz\u00fcks\u00e9ges kompetenci\u00e1k fejleszt\u00e9se hat\u00e9konyabb\u00e1 \u00e9s eredm\u00e9nyesebb\u00e9 teszi a szoci\u00e1lis \u00e1gazatban dolgoz\u00f3 vezet\u0151k munk\u00e1j\u00e1t \u00e9s ezzel a szolg\u00e1ltat\u00e1sok fejl\u0151d\u00e9s\u00e9hez \u00e9s az ell\u00e1tottak el\u00e9gedetts\u00e9g\u00e9nek n\u00f6vel\u00e9s\u00e9hez is hozz\u00e1j\u00e1rul. A &hellip;<\/p>\n","protected":false},"author":101539,"featured_media":18992,"comment_status":"closed","ping_status":"closed","sticky":false,"template":"","format":"standard","meta":{"_acf_changed":false,"footnotes":""},"categories":[6],"tags":[],"class_list":["post-18990","post","type-post","status-publish","format-standard","has-post-thumbnail","hentry","category-hirek"],"acf":[],"_links":{"self":[{"href":"https:\/\/semmelweis.hu\/emk\/wp-json\/wp\/v2\/posts\/18990","targetHints":{"allow":["GET"]}}],"collection":[{"href":"https:\/\/semmelweis.hu\/emk\/wp-json\/wp\/v2\/posts"}],"about":[{"href":"https:\/\/semmelweis.hu\/emk\/wp-json\/wp\/v2\/types\/post"}],"author":[{"embeddable":true,"href":"https:\/\/semmelweis.hu\/emk\/wp-json\/wp\/v2\/users\/101539"}],"replies":[{"embeddable":true,"href":"https:\/\/semmelweis.hu\/emk\/wp-json\/wp\/v2\/comments?post=18990"}],"version-history":[{"count":2,"href":"https:\/\/semmelweis.hu\/emk\/wp-json\/wp\/v2\/posts\/18990\/revisions"}],"predecessor-version":[{"id":18993,"href":"https:\/\/semmelweis.hu\/emk\/wp-json\/wp\/v2\/posts\/18990\/revisions\/18993"}],"wp:featuredmedia":[{"embeddable":true,"href":"https:\/\/semmelweis.hu\/emk\/wp-json\/wp\/v2\/media\/18992"}],"wp:attachment":[{"href":"https:\/\/semmelweis.hu\/emk\/wp-json\/wp\/v2\/media?parent=18990"}],"wp:term":[{"taxonomy":"category","embeddable":true,"href":"https:\/\/semmelweis.hu\/emk\/wp-json\/wp\/v2\/categories?post=18990"},{"taxonomy":"post_tag","embeddable":true,"href":"https:\/\/semmelweis.hu\/emk\/wp-json\/wp\/v2\/tags?post=18990"}],"curies":[{"name":"wp","href":"https:\/\/api.w.org\/{rel}","templated":true}]}}