{"id":18895,"date":"2021-05-04T09:07:32","date_gmt":"2021-05-04T07:07:32","guid":{"rendered":"https:\/\/semmelweis.hu\/emk\/?p=18895"},"modified":"2021-05-04T09:31:23","modified_gmt":"2021-05-04T07:31:23","slug":"majus-5-a-kezhigiene-vilagnapja","status":"publish","type":"post","link":"https:\/\/semmelweis.hu\/emk\/2021\/05\/04\/majus-5-a-kezhigiene-vilagnapja\/","title":{"rendered":"M\u00e1jus 5. a K\u00e9zhigi\u00e9n\u00e9 Vil\u00e1gnapja"},"content":{"rendered":"<p>Az Eg\u00e9szs\u00e9g\u00fcgyi Vil\u00e1gszervezet (WHO) 2009-ben ind\u00edtotta el a &#8222;Ments \u00e9leteket: Moss kezet!&#8221; (&#8222;<em><a href=\"https:\/\/www.who.int\/campaigns\/world-hand-hygiene-day\">SAVE LIVES: Clean Your Hands<\/a>&#8222;<\/em>) c\u00edm\u0171 kamp\u00e1ny\u00e1t. Az\u00f3ta minden \u00e9vben m\u00e1jus 5-\u00e9n szervezik meg a K\u00e9zhigi\u00e9n\u00e9s Vil\u00e1gnapot, melynek c\u00e9lja, hogy felh\u00edvja a figyelmet a tiszta kezek fontoss\u00e1g\u00e1ra a fert\u0151z\u00e9sek megel\u0151z\u00e9se \u00e9rdek\u00e9ben. A glob\u00e1lis mozgalomhoz Magyarorsz\u00e1g m\u00e1r a felh\u00edv\u00e1s kezdetekor csatlakozott.\u00a0<\/p>\n<p>A COVID-19 j\u00e1rv\u00e1ny sor\u00e1n a megfelel\u0151 k\u00e9zhigi\u00e9n\u00e9 fontoss\u00e1ga m\u00e9g ink\u00e1bb fel\u00e9rt\u00e9kel\u0151d\u00f6tt a h\u00e9tk\u00f6znapokban is, ahogy az idei \u00e9v kamp\u00e1ny\u00e1nak szlogenje hangs\u00falyozza: <a href=\"https:\/\/www.who.int\/campaigns\/world-hand-hygiene-day\/2021\">&#8222;A m\u00e1sodpercek \u00e9letet mentenek &#8211; tiszt\u00edtsd meg a kezed!&#8221;<\/a><\/p>\n<p>A helyes k\u00e9zmos\u00e1sr\u00f3l k\u00e9sz\u00fclt r\u00f6vid vide\u00f3 itt \u00e9rhet\u0151 el:<\/p>\n<p><a class=\"button\" href=\"https:\/\/www.youtube.com\/watch?v=uX4NTG8KEvo&amp;t=61s\">MEGN\u00c9ZEM<\/a><\/p>\n<p>El\u0151fordulhat, hogy nincs lehet\u0151s\u00e9g\u00fcnk kezet mosni, vagy egy\u00e9b okok miatt \u00e9rdemes ink\u00e1bb k\u00e9zfert\u0151tlen\u00edt\u0151t haszn\u00e1lni. Mikor melyik a legmegfelel\u0151bb? Hogyan ker\u00fclnek a mikroorganizmusok a k\u00e9zre \u00e9s hogyan beteg\u00edtik meg az embereket? Hogyan tudjuk ezt elker\u00fclni?<\/p>\n<p>R\u00f6viden \u00f6sszefoglaltuk, amit a k\u00e9zmos\u00e1sr\u00f3l \u00e9s a k\u00e9zfert\u0151tlen\u00edt\u00e9sr\u0151l tudni \u00e9rdemes. A t\u00e1bl\u00e1zat a k\u00e9pre kattintva \u00e9rhet\u0151 el:<\/p>\n<p><a href=\"https:\/\/semmelweis.hu\/emk\/files\/2021\/05\/K\u00e9zhigi\u00e9n\u00e9-Vil\u00e1gnap_\u00f6sszefoglal\u00f3-t\u00e1bl\u00e1zat.pdf\"><img loading=\"lazy\" decoding=\"async\" class=\"alignnone wp-image-18901 size-full\" src=\"https:\/\/semmelweis.hu\/emk\/files\/2021\/05\/KEZMOSAS_2021_banner01.png\" alt=\"\" width=\"3666\" height=\"1210\" data-wp-editing=\"1\" \/><\/a><\/p>\n","protected":false},"excerpt":{"rendered":"<p>Az Eg\u00e9szs\u00e9g\u00fcgyi Vil\u00e1gszervezet (WHO) 2009-ben ind\u00edtotta el a &#8222;Ments \u00e9leteket: Moss kezet!&#8221; (&#8222; <a href=\"https:\/\/www.who.int\/campaigns\/world-hand-hygiene-day\">SAVE LIVES: Clean Your Hands<\/a> &#8222;) c\u00edm\u0171 kamp\u00e1ny\u00e1t. Az\u00f3ta minden \u00e9vben m\u00e1jus 5-\u00e9n szervezik meg a K\u00e9zhigi\u00e9n\u00e9s Vil\u00e1gnapot, melynek c\u00e9lja, hogy felh\u00edvja a figyelmet a tiszta kezek fontoss\u00e1g\u00e1ra a fert\u0151z\u00e9sek megel\u0151z\u00e9se \u00e9rdek\u00e9ben. A glob\u00e1lis mozgalomhoz Magyarorsz\u00e1g m\u00e1r a felh\u00edv\u00e1s kezdetekor csatlakozott.\u00a0 A COVID-19 j\u00e1rv\u00e1ny sor\u00e1n a megfelel\u0151 &hellip;<\/p>\n","protected":false},"author":101539,"featured_media":18926,"comment_status":"closed","ping_status":"closed","sticky":false,"template":"","format":"standard","meta":{"_acf_changed":false,"footnotes":""},"categories":[6],"tags":[],"class_list":["post-18895","post","type-post","status-publish","format-standard","has-post-thumbnail","hentry","category-hirek"],"acf":[],"_links":{"self":[{"href":"https:\/\/semmelweis.hu\/emk\/wp-json\/wp\/v2\/posts\/18895","targetHints":{"allow":["GET"]}}],"collection":[{"href":"https:\/\/semmelweis.hu\/emk\/wp-json\/wp\/v2\/posts"}],"about":[{"href":"https:\/\/semmelweis.hu\/emk\/wp-json\/wp\/v2\/types\/post"}],"author":[{"embeddable":true,"href":"https:\/\/semmelweis.hu\/emk\/wp-json\/wp\/v2\/users\/101539"}],"replies":[{"embeddable":true,"href":"https:\/\/semmelweis.hu\/emk\/wp-json\/wp\/v2\/comments?post=18895"}],"version-history":[{"count":10,"href":"https:\/\/semmelweis.hu\/emk\/wp-json\/wp\/v2\/posts\/18895\/revisions"}],"predecessor-version":[{"id":18927,"href":"https:\/\/semmelweis.hu\/emk\/wp-json\/wp\/v2\/posts\/18895\/revisions\/18927"}],"wp:featuredmedia":[{"embeddable":true,"href":"https:\/\/semmelweis.hu\/emk\/wp-json\/wp\/v2\/media\/18926"}],"wp:attachment":[{"href":"https:\/\/semmelweis.hu\/emk\/wp-json\/wp\/v2\/media?parent=18895"}],"wp:term":[{"taxonomy":"category","embeddable":true,"href":"https:\/\/semmelweis.hu\/emk\/wp-json\/wp\/v2\/categories?post=18895"},{"taxonomy":"post_tag","embeddable":true,"href":"https:\/\/semmelweis.hu\/emk\/wp-json\/wp\/v2\/tags?post=18895"}],"curies":[{"name":"wp","href":"https:\/\/api.w.org\/{rel}","templated":true}]}}