{"id":18788,"date":"2021-04-19T08:50:33","date_gmt":"2021-04-19T06:50:33","guid":{"rendered":"https:\/\/semmelweis.hu\/emk\/?p=18788"},"modified":"2021-04-19T11:55:00","modified_gmt":"2021-04-19T09:55:00","slug":"szeptemberben-ujra-indul-a-szocialis-szolgaltatasmenedzsment-szakiranyu-kepzesunk","status":"publish","type":"post","link":"https:\/\/semmelweis.hu\/emk\/2021\/04\/19\/szeptemberben-ujra-indul-a-szocialis-szolgaltatasmenedzsment-szakiranyu-kepzesunk\/","title":{"rendered":"Szeptemberben \u00fajra indul a szoci\u00e1lis szolg\u00e1ltat\u00e1smenedzsment szakir\u00e1ny\u00fa k\u00e9pz\u00e9s\u00fcnk"},"content":{"rendered":"<div>A Semmelweis Egyetem Eg\u00e9szs\u00e9g\u00fcgyi K\u00f6zszolg\u00e1lati Kar\u00e1n febru\u00e1rban elindult a <strong>szoci\u00e1lis szolg\u00e1ltat\u00e1smenedzsment szakir\u00e1ny\u00fa k\u00e9pz\u00e9s<\/strong>. Ehhez, az orsz\u00e1gban egyed\u00fcl\u00e1ll\u00f3 k\u00e9pz\u00e9shez 30 r\u00e9sztvev\u0151 csatlakozott m\u00e1r.<\/div>\n<div>Szeptemberben \u00faj \u00e9vfolyam indul. Jelentkez\u00e9si hat\u00e1rid\u0151: <strong>2021. \u00e1prilis 30.<\/strong><\/div>\n<div>\u00a0<\/div>\n<div>K\u00f6zt\u00fcnk a helyed, ha:<\/div>\n<ul>\n<li>\u00faj megk\u00f6zel\u00edt\u00e9seket szeretn\u00e9l a munkahelyeden,<\/li>\n<li>\u00e9rdekel a szoci\u00e1lis ter\u00fclet,<\/li>\n<li>sz\u00edvesen tanuln\u00e1l olyan szakemberekkel, akik hisznek a szoci\u00e1lis ter\u00fclet fejl\u0151d\u00e9si lehet\u0151s\u00e9geiben,<\/li>\n<li>vannak \u00f6tleteid a v\u00e1ltoz\u00e1sra,<\/li>\n<li>\u00e9rdekelnek a fenntarthat\u00f3 szoci\u00e1lis ell\u00e1t\u00e1sok,<\/li>\n<li>ha szem\u00e9lyes karrieredben t\u00e1mogat\u00e1si ig\u00e9nyed van,<\/li>\n<li>ha sz\u00edvesen lenn\u00e9l olyan k\u00f6z\u00f6ss\u00e9g tagja, ahol motiv\u00e1ci\u00f3t \u00e9s meg\u00e9rt\u00e9st kaphatsz, szakmai ismereteid \u00e9s n\u00e9z\u0151pontjaid pedig kit\u00e1gulhatnak.<\/li>\n<\/ul>\n<div>Mindezt kimagasl\u00f3 eredm\u00e9ny\u0171 egyetemi k\u00f6zegben, gyakorlati tapasztalattal is rendelkez\u0151 agilis oktat\u00f3i csapattal, h\u00e1rom f\u00e9l\u00e9ven \u00e1t k\u00edn\u00e1ljuk Neked!<\/div>\n<div>\u00a0<\/div>\n<div><a href=\"https:\/\/semmelweis.hu\/emk\/szocialis-vezetokepzo-tudaskozpont\/oktatas-2-2\/\">Tov\u00e1bbi r\u00e9szletek<\/a><\/div>\n<div>\u00a0<\/div>\n<div><a href=\"https:\/\/semmelweis.hu\/emk\/szocialis-vezetokepzo-tudaskozpont\/oktatas-2-2\/szocialis-szolgaltatasmenedzsment-szakiranyu-tovabbkepzes\/\">Jelentkez\u00e9s<\/a><\/div>\n<div>\u00a0<\/div>\n<div><a href=\"https:\/\/semmelweis.hu\/emk\/files\/2021\/04\/SZVK_WEB_BANNER_2021-scaled.jpg\"><img loading=\"lazy\" decoding=\"async\" class=\"alignnone wp-image-18795 size-full\" src=\"https:\/\/semmelweis.hu\/emk\/files\/2021\/04\/SZVK_WEB_BANNER_2021-scaled.jpg\" alt=\"\" width=\"2560\" height=\"1331\" srcset=\"https:\/\/semmelweis.hu\/emk\/files\/2021\/04\/SZVK_WEB_BANNER_2021-scaled.jpg 2560w, https:\/\/semmelweis.hu\/emk\/files\/2021\/04\/SZVK_WEB_BANNER_2021-400x208.jpg 400w, https:\/\/semmelweis.hu\/emk\/files\/2021\/04\/SZVK_WEB_BANNER_2021-1024x532.jpg 1024w, https:\/\/semmelweis.hu\/emk\/files\/2021\/04\/SZVK_WEB_BANNER_2021-768x399.jpg 768w, https:\/\/semmelweis.hu\/emk\/files\/2021\/04\/SZVK_WEB_BANNER_2021-1536x799.jpg 1536w, https:\/\/semmelweis.hu\/emk\/files\/2021\/04\/SZVK_WEB_BANNER_2021-2048x1065.jpg 2048w, https:\/\/semmelweis.hu\/emk\/files\/2021\/04\/SZVK_WEB_BANNER_2021-753x392.jpg 753w\" sizes=\"auto, (max-width: 2560px) 100vw, 2560px\" \/><\/a><\/div>\n<div>\u00a0<\/div>\n","protected":false},"excerpt":{"rendered":"<p>A Semmelweis Egyetem Eg\u00e9szs\u00e9g\u00fcgyi K\u00f6zszolg\u00e1lati Kar\u00e1n febru\u00e1rban elindult a szoci\u00e1lis szolg\u00e1ltat\u00e1smenedzsment szakir\u00e1ny\u00fa k\u00e9pz\u00e9s. Ehhez, az orsz\u00e1gban egyed\u00fcl\u00e1ll\u00f3 k\u00e9pz\u00e9shez 30 r\u00e9sztvev\u0151 csatlakozott m\u00e1r. Szeptemberben \u00faj \u00e9vfolyam indul. Jelentkez\u00e9si hat\u00e1rid\u0151: 2021. \u00e1prilis 30. \u00a0 K\u00f6zt\u00fcnk a helyed, ha: \u00faj megk\u00f6zel\u00edt\u00e9seket szeretn\u00e9l a munkahelyeden, \u00e9rdekel a szoci\u00e1lis ter\u00fclet, sz\u00edvesen tanuln\u00e1l olyan szakemberekkel, akik hisznek a szoci\u00e1lis ter\u00fclet fejl\u0151d\u00e9si &hellip;<\/p>\n","protected":false},"author":101539,"featured_media":18790,"comment_status":"closed","ping_status":"closed","sticky":false,"template":"","format":"standard","meta":{"_acf_changed":false,"footnotes":""},"categories":[6],"tags":[],"class_list":["post-18788","post","type-post","status-publish","format-standard","has-post-thumbnail","hentry","category-hirek"],"acf":[],"_links":{"self":[{"href":"https:\/\/semmelweis.hu\/emk\/wp-json\/wp\/v2\/posts\/18788","targetHints":{"allow":["GET"]}}],"collection":[{"href":"https:\/\/semmelweis.hu\/emk\/wp-json\/wp\/v2\/posts"}],"about":[{"href":"https:\/\/semmelweis.hu\/emk\/wp-json\/wp\/v2\/types\/post"}],"author":[{"embeddable":true,"href":"https:\/\/semmelweis.hu\/emk\/wp-json\/wp\/v2\/users\/101539"}],"replies":[{"embeddable":true,"href":"https:\/\/semmelweis.hu\/emk\/wp-json\/wp\/v2\/comments?post=18788"}],"version-history":[{"count":5,"href":"https:\/\/semmelweis.hu\/emk\/wp-json\/wp\/v2\/posts\/18788\/revisions"}],"predecessor-version":[{"id":18796,"href":"https:\/\/semmelweis.hu\/emk\/wp-json\/wp\/v2\/posts\/18788\/revisions\/18796"}],"wp:featuredmedia":[{"embeddable":true,"href":"https:\/\/semmelweis.hu\/emk\/wp-json\/wp\/v2\/media\/18790"}],"wp:attachment":[{"href":"https:\/\/semmelweis.hu\/emk\/wp-json\/wp\/v2\/media?parent=18788"}],"wp:term":[{"taxonomy":"category","embeddable":true,"href":"https:\/\/semmelweis.hu\/emk\/wp-json\/wp\/v2\/categories?post=18788"},{"taxonomy":"post_tag","embeddable":true,"href":"https:\/\/semmelweis.hu\/emk\/wp-json\/wp\/v2\/tags?post=18788"}],"curies":[{"name":"wp","href":"https:\/\/api.w.org\/{rel}","templated":true}]}}