{"id":17726,"date":"2020-09-17T15:57:54","date_gmt":"2020-09-17T13:57:54","guid":{"rendered":"https:\/\/semmelweis.hu\/emk\/?p=17726"},"modified":"2020-09-17T16:05:07","modified_gmt":"2020-09-17T14:05:07","slug":"european-health-forum-gastein-2020","status":"publish","type":"post","link":"https:\/\/semmelweis.hu\/emk\/2020\/09\/17\/european-health-forum-gastein-2020\/","title":{"rendered":"European Health Forum Gastein 2020"},"content":{"rendered":"<div dir=\"auto\">Az EHFG (<strong>European Health Forum Gastein<\/strong>) egy egyed\u00fcl\u00e1ll\u00f3 eur\u00f3pai eg\u00e9szs\u00e9gpolitikai konferencia, amely lehet\u0151s\u00e9get teremt a p\u00e1rbesz\u00e9dre az eg\u00e9szs\u00e9g\u00fcgy k\u00fcl\u00f6nb\u00f6z\u0151 ter\u00fcleteinek szerepl\u0151i k\u00f6z\u00f6tt. Az idei f\u00f3rumot\u00a0<strong>online<\/strong>\u00a0rendezik meg\u00a0<strong>szeptember 30. \u00e9s okt\u00f3ber 2.<\/strong>\u00a0k\u00f6z\u00f6tt az EMK szakmai t\u00e1mogat\u00e1s\u00e1val \u00e9s koll\u00e9g\u00e1ink r\u00e9szv\u00e9tel\u00e9vel.<\/div>\n<div dir=\"auto\">\u00a0<\/div>\n<div dir=\"auto\">A r\u00e9szletes program \u00e9s a regisztr\u00e1ci\u00f3 m\u00e1r el\u00e9rhet\u0151 a honlapon:<\/div>\n<div dir=\"auto\"><a class=\"oajrlxb2 g5ia77u1 qu0x051f esr5mh6w e9989ue4 r7d6kgcz rq0escxv nhd2j8a9 nc684nl6 p7hjln8o kvgmc6g5 cxmmr5t8 oygrvhab hcukyx3x jb3vyjys rz4wbd8a qt6c0cv9 a8nywdso i1ao9s8h esuyzwwr f1sip0of lzcic4wl py34i1dx gpro0wi8\" href=\"https:\/\/l.facebook.com\/l.php?u=https%3A%2F%2Fwww.ehfg.org%2Fconference%2Fprogramme%3Ffbclid%3DIwAR34JWodrsP0JqaS4RnXKpIeomrXWWOoFNKUm50QOkw1u1P8IpOxzC57q9o&amp;h=AT0QCVIvrUUhunKhyfVBaZy6EMspRW-QBCCR5L9cZOMIcNlRSbXWnFjJ_P8xczi-PvqRKKc1UljFFnJsWfMPc0nM-o-cdrIwz1PCwQfhDRxeAa0Dbv1kENEhWBCGW4L4bxnN&amp;__tn__=-UK-R&amp;c[0]=AT3k98QxLx-cKMYmQ88FqZlybfJSpqwNlwx7wgdcX57_JWDKyvwQxHsOr1QRQuaevwa4V7IXpQtFtsQqI6qHOK8RUQn12f7wZhN-rhJ1TA2j4luJogYIsAWc1dmQGgVa-VQI9oESobY072YXcuy6rmEA7VdmridJUyS3JePn8YBLH9bct5AGHrla-6K8xbQ4fq0AL2TTr7ygIRXuhQL4SRAS\" target=\"_blank\" rel=\"nofollow noopener noreferrer\">https:\/\/www.ehfg.org\/conference\/programme<\/a><\/div>\n<div dir=\"auto\"><a class=\"oajrlxb2 g5ia77u1 qu0x051f esr5mh6w e9989ue4 r7d6kgcz rq0escxv nhd2j8a9 nc684nl6 p7hjln8o kvgmc6g5 cxmmr5t8 oygrvhab hcukyx3x jb3vyjys rz4wbd8a qt6c0cv9 a8nywdso i1ao9s8h esuyzwwr f1sip0of lzcic4wl py34i1dx gpro0wi8\" href=\"https:\/\/ehfg.events.idloom.com\/european-health-forum-gastein-2020?fbclid=IwAR0DWzNMjk0V6kBxKMZgsaSXJeAhS_rimV_Ac9nyaarPkRg_5S-AkxI8rvs\" target=\"_blank\" rel=\"nofollow noopener noreferrer\">https:\/\/ehfg.events.idloom.com\/european-health-forum-gastein-2020<\/a><\/div>\n<div dir=\"auto\">\n<div><a href=\"https:\/\/www.ehfg.org\/\">https:\/\/www.ehfg.org\/<\/a><\/div>\n<div class=\"nc684nl6\"><a href=\"https:\/\/www.facebook.com\/gasteinforum\">https:\/\/www.facebook.com\/gasteinforum<\/a><\/div>\n<\/div>\n<div>\u00a0<\/div>\n<div dir=\"auto\">Gondolkodjunk egy\u00fctt az eg\u00e9szs\u00e9g\u00fcgy j\u00f6v\u0151j\u00e9r\u0151l \u00e9s a halad\u00e1st el\u0151seg\u00edt\u0151 t\u00e9nyez\u0151kr\u0151l!<\/div>\n<div dir=\"auto\"><a class=\"oajrlxb2 g5ia77u1 qu0x051f esr5mh6w e9989ue4 r7d6kgcz rq0escxv nhd2j8a9 nc684nl6 p7hjln8o kvgmc6g5 cxmmr5t8 oygrvhab hcukyx3x jb3vyjys rz4wbd8a qt6c0cv9 a8nywdso i1ao9s8h esuyzwwr f1sip0of lzcic4wl q66pz984 gpro0wi8 b1v8xokw\" href=\"https:\/\/www.facebook.com\/hashtag\/ehfg2020?__eep__=6&amp;__cft__[0]=AZXrzlAF-z8aQWChHoVs-l_K48qdoHkgZT3Tc51mt2U7bdIOdh-VnOsLItGsqvmr7UwQa9jPbHsGrv4Jk0SzTsanrbYv996hvcpluFbO5bebrmH_vdSbdKCZocc-TcYG5ieyDHQDh4fEkstQAf43J8ZXCiix3hAwMxMrfdwWT73OKeT5CGc7WB5zc30eOXeRw0w&amp;__tn__=*NK-R\">#EHFG2020<\/a><\/div>\n<div dir=\"auto\">\u00a0<\/div>\n<div dir=\"auto\"><a href=\"https:\/\/semmelweis.hu\/emk\/files\/2020\/09\/EHFG.1.jpg\"><img loading=\"lazy\" decoding=\"async\" class=\"alignnone wp-image-17728 size-large\" src=\"https:\/\/semmelweis.hu\/emk\/files\/2020\/09\/EHFG.1-724x1024.jpg\" alt=\"\" width=\"724\" height=\"1024\" srcset=\"https:\/\/semmelweis.hu\/emk\/files\/2020\/09\/EHFG.1-724x1024.jpg 724w, https:\/\/semmelweis.hu\/emk\/files\/2020\/09\/EHFG.1-283x400.jpg 283w, https:\/\/semmelweis.hu\/emk\/files\/2020\/09\/EHFG.1-768x1087.jpg 768w, https:\/\/semmelweis.hu\/emk\/files\/2020\/09\/EHFG.1-1086x1536.jpg 1086w, https:\/\/semmelweis.hu\/emk\/files\/2020\/09\/EHFG.1-753x1065.jpg 753w, https:\/\/semmelweis.hu\/emk\/files\/2020\/09\/EHFG.1.jpg 1191w\" sizes=\"auto, (max-width: 724px) 100vw, 724px\" \/><\/a><\/div>\n","protected":false},"excerpt":{"rendered":"<p>Az EHFG (European Health Forum Gastein) egy egyed\u00fcl\u00e1ll\u00f3 eur\u00f3pai eg\u00e9szs\u00e9gpolitikai konferencia, amely lehet\u0151s\u00e9get teremt a p\u00e1rbesz\u00e9dre az eg\u00e9szs\u00e9g\u00fcgy k\u00fcl\u00f6nb\u00f6z\u0151 ter\u00fcleteinek szerepl\u0151i k\u00f6z\u00f6tt. Az idei f\u00f3rumot\u00a0online\u00a0rendezik meg\u00a0szeptember 30. \u00e9s okt\u00f3ber 2.\u00a0k\u00f6z\u00f6tt az EMK szakmai t\u00e1mogat\u00e1s\u00e1val \u00e9s koll\u00e9g\u00e1ink r\u00e9szv\u00e9tel\u00e9vel. \u00a0 A r\u00e9szletes program \u00e9s a regisztr\u00e1ci\u00f3 m\u00e1r el\u00e9rhet\u0151 a honlapon: <a class=\"oajrlxb2 g5ia77u1 qu0x051f esr5mh6w e9989ue4 r7d6kgcz rq0escxv nhd2j8a9 nc684nl6 p7hjln8o kvgmc6g5 cxmmr5t8 oygrvhab hcukyx3x jb3vyjys rz4wbd8a qt6c0cv9 a8nywdso i1ao9s8h esuyzwwr f1sip0of lzcic4wl py34i1dx gpro0wi8\" href=\"https:\/\/l.facebook.com\/l.php?u=https%3A%2F%2Fwww.ehfg.org%2Fconference%2Fprogramme%3Ffbclid%3DIwAR34JWodrsP0JqaS4RnXKpIeomrXWWOoFNKUm50QOkw1u1P8IpOxzC57q9o&amp;h=AT0QCVIvrUUhunKhyfVBaZy6EMspRW-QBCCR5L9cZOMIcNlRSbXWnFjJ_P8xczi-PvqRKKc1UljFFnJsWfMPc0nM-o-cdrIwz1PCwQfhDRxeAa0Dbv1kENEhWBCGW4L4bxnN&amp;__tn__=-UK-R&amp;c[0]=AT3k98QxLx-cKMYmQ88FqZlybfJSpqwNlwx7wgdcX57_JWDKyvwQxHsOr1QRQuaevwa4V7IXpQtFtsQqI6qHOK8RUQn12f7wZhN-rhJ1TA2j4luJogYIsAWc1dmQGgVa-VQI9oESobY072YXcuy6rmEA7VdmridJUyS3JePn8YBLH9bct5AGHrla-6K8xbQ4fq0AL2TTr7ygIRXuhQL4SRAS\" target=\"_blank\" rel=\"nofollow noopener noreferrer\">https:\/\/www.ehfg.org\/conference\/programme<\/a> <a class=\"oajrlxb2 g5ia77u1 qu0x051f esr5mh6w e9989ue4 r7d6kgcz rq0escxv nhd2j8a9 nc684nl6 p7hjln8o kvgmc6g5 cxmmr5t8 oygrvhab hcukyx3x jb3vyjys rz4wbd8a qt6c0cv9 a8nywdso i1ao9s8h esuyzwwr f1sip0of lzcic4wl py34i1dx gpro0wi8\" href=\"https:\/\/ehfg.events.idloom.com\/european-health-forum-gastein-2020?fbclid=IwAR0DWzNMjk0V6kBxKMZgsaSXJeAhS_rimV_Ac9nyaarPkRg_5S-AkxI8rvs\" target=\"_blank\" rel=\"nofollow noopener noreferrer\">https:\/\/ehfg.events.idloom.com\/european-health-forum-gastein-2020<\/a> <a href=\"https:\/\/www.ehfg.org\/\">https:\/\/www.ehfg.org\/<\/a> <a href=\"https:\/\/www.facebook.com\/gasteinforum\">https:\/\/www.facebook.com\/gasteinforum<\/a> \u00a0 Gondolkodjunk egy\u00fctt az eg\u00e9szs\u00e9g\u00fcgy j\u00f6v\u0151j\u00e9r\u0151l \u00e9s &hellip;<\/p>\n","protected":false},"author":101539,"featured_media":17723,"comment_status":"closed","ping_status":"closed","sticky":false,"template":"","format":"standard","meta":{"_acf_changed":false,"footnotes":""},"categories":[6],"tags":[],"class_list":["post-17726","post","type-post","status-publish","format-standard","has-post-thumbnail","hentry","category-hirek"],"acf":[],"_links":{"self":[{"href":"https:\/\/semmelweis.hu\/emk\/wp-json\/wp\/v2\/posts\/17726","targetHints":{"allow":["GET"]}}],"collection":[{"href":"https:\/\/semmelweis.hu\/emk\/wp-json\/wp\/v2\/posts"}],"about":[{"href":"https:\/\/semmelweis.hu\/emk\/wp-json\/wp\/v2\/types\/post"}],"author":[{"embeddable":true,"href":"https:\/\/semmelweis.hu\/emk\/wp-json\/wp\/v2\/users\/101539"}],"replies":[{"embeddable":true,"href":"https:\/\/semmelweis.hu\/emk\/wp-json\/wp\/v2\/comments?post=17726"}],"version-history":[{"count":2,"href":"https:\/\/semmelweis.hu\/emk\/wp-json\/wp\/v2\/posts\/17726\/revisions"}],"predecessor-version":[{"id":17729,"href":"https:\/\/semmelweis.hu\/emk\/wp-json\/wp\/v2\/posts\/17726\/revisions\/17729"}],"wp:featuredmedia":[{"embeddable":true,"href":"https:\/\/semmelweis.hu\/emk\/wp-json\/wp\/v2\/media\/17723"}],"wp:attachment":[{"href":"https:\/\/semmelweis.hu\/emk\/wp-json\/wp\/v2\/media?parent=17726"}],"wp:term":[{"taxonomy":"category","embeddable":true,"href":"https:\/\/semmelweis.hu\/emk\/wp-json\/wp\/v2\/categories?post=17726"},{"taxonomy":"post_tag","embeddable":true,"href":"https:\/\/semmelweis.hu\/emk\/wp-json\/wp\/v2\/tags?post=17726"}],"curies":[{"name":"wp","href":"https:\/\/api.w.org\/{rel}","templated":true}]}}