{"id":17232,"date":"2020-07-08T15:38:23","date_gmt":"2020-07-08T13:38:23","guid":{"rendered":"https:\/\/semmelweis.hu\/emk\/?p=17232"},"modified":"2020-07-08T15:38:23","modified_gmt":"2020-07-08T13:38:23","slug":"menedzsment-tudassal-a-jarvany-ellen-palyazat-unnepelyes-dijatadoja","status":"publish","type":"post","link":"https:\/\/semmelweis.hu\/emk\/2020\/07\/08\/menedzsment-tudassal-a-jarvany-ellen-palyazat-unnepelyes-dijatadoja\/","title":{"rendered":"&#8222;Menedzsment tud\u00e1ssal a j\u00e1rv\u00e1ny ellen&#8221; p\u00e1ly\u00e1zat \u00fcnnep\u00e9lyes d\u00edj\u00e1tad\u00f3ja"},"content":{"rendered":"<p><a href=\"https:\/\/semmelweis.hu\/emk\/files\/2020\/07\/FB_poszt_COVID-palyazat.jpg\"><img loading=\"lazy\" decoding=\"async\" class=\"alignnone size-medium wp-image-17234\" src=\"https:\/\/semmelweis.hu\/emk\/files\/2020\/07\/FB_poszt_COVID-palyazat-400x225.jpg\" alt=\"\" width=\"400\" height=\"225\" srcset=\"https:\/\/semmelweis.hu\/emk\/files\/2020\/07\/FB_poszt_COVID-palyazat-400x225.jpg 400w, https:\/\/semmelweis.hu\/emk\/files\/2020\/07\/FB_poszt_COVID-palyazat-1024x575.jpg 1024w, https:\/\/semmelweis.hu\/emk\/files\/2020\/07\/FB_poszt_COVID-palyazat-768x431.jpg 768w, https:\/\/semmelweis.hu\/emk\/files\/2020\/07\/FB_poszt_COVID-palyazat-753x423.jpg 753w, https:\/\/semmelweis.hu\/emk\/files\/2020\/07\/FB_poszt_COVID-palyazat.jpg 1097w\" sizes=\"auto, (max-width: 400px) 100vw, 400px\" \/><\/a><\/p>\n<p style=\"margin-top: 0cm;background: white\"><span style=\"font-size: 15.0pt;color: #1e2326\">Egy\u00fctt \u00fcnnepelt\u00fcnk ma azokkal a nyertesekkel, akik a \u201cMenedzsmenttud\u00e1ssal a j\u00e1rv\u00e1ny ellen &#8211; Tud\u00e1s, gyakorlati alkalmaz\u00e1s, v\u00e1ltoztat\u00e1svezet\u00e9s, hozz\u00e1\u00e1ll\u00e1s a j\u00e1rv\u00e1ny kezel\u00e9s\u00e9ben\u201d c\u00edm\u0171 p\u00e1ly\u00e1zaton indultak \u00e9s munk\u00e1juk a szakmai zs\u0171ri d\u00f6nt\u00e9se alapj\u00e1n d\u00edjaz\u00e1sban r\u00e9szes\u00fclt.<\/span><\/p>\n<p style=\"margin-top: 0cm;background: white\"><span style=\"font-size: 15.0pt;color: #1e2326\">Jelenlegi \u00e9s volt hallgat\u00f3ink p\u00e1ly\u00e1zati anyagaikban bemutatt\u00e1k, hogy a COVID 19 v\u00edrus megjelen\u00e9se milyen \u00faj kih\u00edv\u00e1sok el\u00e9 \u00e1ll\u00edtotta \u0151ket \u00e9s ezek megold\u00e1s\u00e1ra hogyan hasznos\u00edthatt\u00e1k az EMK-ban megszerzett tud\u00e1st. A d\u00edjazottaknak Dr. Sz\u00f3cska Mikl\u00f3s, az Eg\u00e9szs\u00e9g\u00fcgyi K\u00f6zszolg\u00e1lati Kar d\u00e9k\u00e1nja \u00e9s Dr. Ga\u00e1l P\u00e9ter, a Magyar Eg\u00e9szs\u00e9g\u00fcgyi Menedzsment T\u00e1rsas\u00e1g eln\u00f6ke adta \u00e1t a nyerem\u00e9nyeket.<\/span><\/p>\n<p style=\"margin: 0cm;margin-bottom: .0001pt;background: white\"><span style=\"font-size: 15.0pt;color: #1e2326\">1. helyezett: <\/span><\/p>\n<p style=\"margin: 0cm;margin-bottom: .0001pt;background: white\"><span style=\"font-size: 15.0pt;color: #1e2326\">Herm\u00e1nn\u00e9 Bedics Rita int\u00e9zm\u00e9nyvezet\u0151<\/span><\/p>\n<p style=\"margin: 0cm;margin-bottom: .0001pt;background: white\"><span style=\"font-size: 15.0pt;color: #1e2326\">Vas Megyei Egyes\u00edtett Szoci\u00e1lis Int\u00e9zm\u00e9ny <\/span><\/p>\n<p style=\"margin: 0cm;margin-bottom: .0001pt;background: white\"><span style=\"font-size: 15.0pt;color: #1e2326\">Szoci\u00e1lis vezet\u0151 k\u00e9pz\u00e9sen vett r\u00e9szt<\/span><\/p>\n<p style=\"margin: 0cm;margin-bottom: .0001pt;background: white\"><span style=\"font-size: 15.0pt;color: #1e2326\">P\u00e1ly\u00e1zat\u00e1ban a m\u0171k\u00f6d\u00e9s \u00e1tszervez\u00e9s\u00e9t mutatta be. A k\u00e9pz\u00e9sb\u0151l a szeml\u00e9letet emelte ki, a p\u00e9ldamutat\u00e1st, a folyamatos kommunik\u00e1ci\u00f3t, a motiv\u00e1ci\u00f3t.<\/span><\/p>\n<p style=\"margin: 0cm;margin-bottom: .0001pt;background: white\"><span style=\"font-size: 15.0pt;color: #1e2326\">\u00a0<\/span><\/p>\n<p style=\"margin: 0cm;margin-bottom: .0001pt;background: white\"><span style=\"font-size: 15.0pt;color: #1e2326\">2. helyezett: <\/span><\/p>\n<p style=\"margin: 0cm;margin-bottom: .0001pt;background: white\"><span style=\"font-size: 15.0pt;color: #1e2326\">Dr. Velkey Gy\u00f6rgy f\u0151igazgat\u00f3<\/span><\/p>\n<p style=\"margin: 0cm;margin-bottom: .0001pt;background: white\"><span style=\"font-size: 15.0pt;color: #1e2326\">MRE Bethesda Gyermekk\u00f3rh\u00e1za<\/span><\/p>\n<p style=\"margin: 0cm;margin-bottom: .0001pt;background: white\"><span style=\"font-size: 15.0pt;color: #1e2326\">P\u00e1ly\u00e1zat\u00e1ban egy\u00e9rtelm\u0171en megjelent az \u00e1ltalunk k\u00e9pviselt filoz\u00f3fia, m\u00f3dszertani eszk\u00f6zt\u00e1r, mint pl. steakholder elemz\u00e9s, Gantt diagram, prior\u00e1l\u00e1s, speci\u00e1lis munkacsoportok kialak\u00edt\u00e1sa, SWOT anal\u00edzis. <\/span><\/p>\n<p style=\"margin: 0cm;margin-bottom: .0001pt;background: white\"><span style=\"font-size: 15.0pt;color: #1e2326\">\u00a0<\/span><\/p>\n<p style=\"margin: 0cm;margin-bottom: .0001pt;background: white\"><span style=\"font-size: 15.0pt;color: #1e2326\">3. helyezett: <\/span><\/p>\n<p style=\"margin: 0cm;margin-bottom: .0001pt;background: white\"><span style=\"font-size: 15.0pt;color: #1e2326\">Zabundia Szilvia int\u00e9zm\u00e9nyvezet\u0151<\/span><\/p>\n<p style=\"margin: 0cm;margin-bottom: .0001pt;background: white\"><span style=\"font-size: 15.0pt;color: #1e2326\">Csurg\u00f3i V\u00e1rosi Szoci\u00e1lis Int\u00e9zm\u00e9ny<\/span><\/p>\n<p style=\"margin: 0cm;margin-bottom: .0001pt;background: white\"><span style=\"font-size: 15.0pt;color: #1e2326\">Szoci\u00e1lis vezet\u0151 k\u00e9pz\u00e9sen vett r\u00e9szt<\/span><\/p>\n<p style=\"margin: 0cm;margin-bottom: .0001pt;background: white\"><span style=\"font-size: 15.0pt;color: #1e2326\">P\u00e1ly\u00e1zat\u00e1ban bemutatta, hogyan szervezt\u00e9k \u00e1t a ell\u00e1t\u00e1st az \u00faj szab\u00e1lyoknak megfelel\u0151en. Probl\u00e9m\u00e1k \u00e9s megold\u00e1sok szerepelnek az anyagban, \u00f6sszef\u00fcgg\u00e9sben a k\u00e9pz\u00e9ssel.<\/span><\/p>\n<p style=\"margin: 0cm;margin-bottom: .0001pt;background: white\"><span style=\"font-size: 15.0pt;color: #1e2326\">\u00a0<\/span><\/p>\n<p style=\"margin: 0cm;margin-bottom: .0001pt;background: white\"><span style=\"font-size: 15.0pt;color: #1e2326\">K\u00fcl\u00f6nd\u00edjat kaptak: <\/span><\/p>\n<p style=\"margin: 0cm;margin-bottom: .0001pt;background: white\"><span style=\"font-size: 15.0pt;color: #1e2326\">Cs\u00e9ple\u0151 Vikt\u00f3ria \u00e1pol\u00e1si igazgat\u00f3 \u00e9s Tank\u00f3 \u00c1gota f\u0151igazgat\u00f3<\/span><\/p>\n<p style=\"margin: 0cm;margin-bottom: .0001pt;background: white\"><span style=\"font-size: 15.0pt;color: #1e2326\">Nagyk\u0151r\u00f6si Rehabilit\u00e1ci\u00f3s Szakk\u00f3rh\u00e1z \u00e9s Rendel\u0151int\u00e9zet<\/span><\/p>\n<p style=\"margin: 0cm;margin-bottom: .0001pt;background: white\"><span style=\"font-size: 15.0pt;color: #1e2326\">T\u00f6bb j\u00f3gyakorlat k\u00e9pz\u00e9sen is r\u00e9szt vett \u00e1pol\u00e1si igazgat\u00f3 asszony<\/span><\/p>\n<p style=\"margin: 0cm;margin-bottom: .0001pt;background: white\"><span style=\"font-size: 15.0pt;color: #1e2326\">P\u00e1ly\u00e1zatukban bemutatt\u00e1k, hogyan alkalmazt\u00e1k a v\u00e1ltoztat\u00e1svezet\u00e9st, pl. a munkaer\u0151 \u00e1tcsoportos\u00edt\u00e1sban, feladatok m\u00f3dos\u00edt\u00e1s\u00e1ban, infrastrukt\u00fara jav\u00edt\u00e1s\u00e1ban. <\/span><\/p>\n<p style=\"margin-top: 0cm;background: white\"><span style=\"font-size: 15.0pt;color: #1e2326\">\u00a0<\/span><\/p>\n<p style=\"margin-top: 0cm;background: white\"><span style=\"font-size: 15.0pt;color: #1e2326\">K\u00f6sz\u00f6nj\u00fck a p\u00e1ly\u00e1z\u00f3k munk\u00e1j\u00e1t \u00e9s gratul\u00e1lunk a d\u00edjazottaknak!<\/span><\/p>\n<p><a href=\"https:\/\/semmelweis.hu\/emk\/files\/2020\/07\/poszt_20200708.jpg\"><img loading=\"lazy\" decoding=\"async\" class=\"alignnone size-medium wp-image-17233\" src=\"https:\/\/semmelweis.hu\/emk\/files\/2020\/07\/poszt_20200708-400x300.jpg\" alt=\"\" width=\"400\" height=\"300\" srcset=\"https:\/\/semmelweis.hu\/emk\/files\/2020\/07\/poszt_20200708-400x300.jpg 400w, https:\/\/semmelweis.hu\/emk\/files\/2020\/07\/poszt_20200708-1024x768.jpg 1024w, https:\/\/semmelweis.hu\/emk\/files\/2020\/07\/poszt_20200708-768x576.jpg 768w, https:\/\/semmelweis.hu\/emk\/files\/2020\/07\/poszt_20200708-1536x1152.jpg 1536w, https:\/\/semmelweis.hu\/emk\/files\/2020\/07\/poszt_20200708-753x565.jpg 753w, https:\/\/semmelweis.hu\/emk\/files\/2020\/07\/poszt_20200708.jpg 2048w\" sizes=\"auto, (max-width: 400px) 100vw, 400px\" \/><\/a><\/p>\n<p>&nbsp;<\/p>\n","protected":false},"excerpt":{"rendered":"<p><a href=\"https:\/\/semmelweis.hu\/emk\/files\/2020\/07\/FB_poszt_COVID-palyazat.jpg\"><\/a> Egy\u00fctt \u00fcnnepelt\u00fcnk ma azokkal a nyertesekkel, akik a \u201cMenedzsmenttud\u00e1ssal a j\u00e1rv\u00e1ny ellen &#8211; Tud\u00e1s, gyakorlati alkalmaz\u00e1s, v\u00e1ltoztat\u00e1svezet\u00e9s, hozz\u00e1\u00e1ll\u00e1s a j\u00e1rv\u00e1ny kezel\u00e9s\u00e9ben\u201d c\u00edm\u0171 p\u00e1ly\u00e1zaton indultak \u00e9s munk\u00e1juk a szakmai zs\u0171ri d\u00f6nt\u00e9se alapj\u00e1n d\u00edjaz\u00e1sban r\u00e9szes\u00fclt. Jelenlegi \u00e9s volt hallgat\u00f3ink p\u00e1ly\u00e1zati anyagaikban bemutatt\u00e1k, hogy a COVID 19 v\u00edrus megjelen\u00e9se milyen \u00faj kih\u00edv\u00e1sok el\u00e9 \u00e1ll\u00edtotta \u0151ket \u00e9s ezek megold\u00e1s\u00e1ra &hellip;<\/p>\n","protected":false},"author":101537,"featured_media":17233,"comment_status":"closed","ping_status":"closed","sticky":false,"template":"","format":"standard","meta":{"_acf_changed":false,"footnotes":""},"categories":[6],"tags":[],"class_list":["post-17232","post","type-post","status-publish","format-standard","has-post-thumbnail","hentry","category-hirek"],"acf":[],"_links":{"self":[{"href":"https:\/\/semmelweis.hu\/emk\/wp-json\/wp\/v2\/posts\/17232","targetHints":{"allow":["GET"]}}],"collection":[{"href":"https:\/\/semmelweis.hu\/emk\/wp-json\/wp\/v2\/posts"}],"about":[{"href":"https:\/\/semmelweis.hu\/emk\/wp-json\/wp\/v2\/types\/post"}],"author":[{"embeddable":true,"href":"https:\/\/semmelweis.hu\/emk\/wp-json\/wp\/v2\/users\/101537"}],"replies":[{"embeddable":true,"href":"https:\/\/semmelweis.hu\/emk\/wp-json\/wp\/v2\/comments?post=17232"}],"version-history":[{"count":1,"href":"https:\/\/semmelweis.hu\/emk\/wp-json\/wp\/v2\/posts\/17232\/revisions"}],"predecessor-version":[{"id":17235,"href":"https:\/\/semmelweis.hu\/emk\/wp-json\/wp\/v2\/posts\/17232\/revisions\/17235"}],"wp:featuredmedia":[{"embeddable":true,"href":"https:\/\/semmelweis.hu\/emk\/wp-json\/wp\/v2\/media\/17233"}],"wp:attachment":[{"href":"https:\/\/semmelweis.hu\/emk\/wp-json\/wp\/v2\/media?parent=17232"}],"wp:term":[{"taxonomy":"category","embeddable":true,"href":"https:\/\/semmelweis.hu\/emk\/wp-json\/wp\/v2\/categories?post=17232"},{"taxonomy":"post_tag","embeddable":true,"href":"https:\/\/semmelweis.hu\/emk\/wp-json\/wp\/v2\/tags?post=17232"}],"curies":[{"name":"wp","href":"https:\/\/api.w.org\/{rel}","templated":true}]}}