{"id":17148,"date":"2020-06-30T22:44:35","date_gmt":"2020-06-30T20:44:35","guid":{"rendered":"https:\/\/semmelweis.hu\/emk\/?p=17148"},"modified":"2020-07-01T10:04:02","modified_gmt":"2020-07-01T08:04:02","slug":"menedzsment-tudassal-a-jarvany-ellen-palyazat-nyertesei","status":"publish","type":"post","link":"https:\/\/semmelweis.hu\/emk\/2020\/06\/30\/menedzsment-tudassal-a-jarvany-ellen-palyazat-nyertesei\/","title":{"rendered":"Menedzsmenttud\u00e1ssal a j\u00e1rv\u00e1ny ellen p\u00e1ly\u00e1zat nyertesei"},"content":{"rendered":"<p>A \u201cTud\u00e1s, gyakorlati alkalmaz\u00e1s, v\u00e1ltoztat\u00e1svezet\u00e9s, hozz\u00e1\u00e1ll\u00e1s a j\u00e1rv\u00e1ny kezel\u00e9s\u00e9ben \u2013 Menedzsmenttud\u00e1ssal a j\u00e1rv\u00e1ny ellen\u201d c\u00edm\u0171 p\u00e1ly\u00e1zat nyertesei a szakmai zs\u0171ri d\u00f6nt\u00e9se alapj\u00e1n:<\/p>\n<p>1. hely: Herm\u00e1nn\u00e9 Bedics Rita<br \/>\n2. hely: Dr. Velkey Gy\u00f6rgy\u00a0<br \/>\n3. hely: Zabundia Szilvia<\/p>\n<p>K\u00fcl\u00f6nd\u00edj: Cs\u00e9ple\u0151 Vikt\u00f3ria \u00e9s Tank\u00f3 \u00c1gota<\/p>\n<p>A nyertesek \u00e9rtes\u00edt\u00e9se az \u00e1ltaluk megadott e-mail c\u00edmen t\u00f6rt\u00e9nik az eredm\u00e9nyhirdet\u00e9st k\u00f6vet\u0151 2 munkanapon bel\u00fcl. A nyerem\u00e9nyek \u00e1tv\u00e9tele \u00fcnnep\u00e9lyes keretek k\u00f6z\u00f6tt zajlik majd.<\/p>\n<p>K\u00f6sz\u00f6nj\u00fck a p\u00e1ly\u00e1z\u00f3k munk\u00e1j\u00e1t \u00e9s gratul\u00e1lunk a d\u00edjazottaknak!<\/p>\n<p>&nbsp;<\/p>\n","protected":false},"excerpt":{"rendered":"<p>A \u201cTud\u00e1s, gyakorlati alkalmaz\u00e1s, v\u00e1ltoztat\u00e1svezet\u00e9s, hozz\u00e1\u00e1ll\u00e1s a j\u00e1rv\u00e1ny kezel\u00e9s\u00e9ben \u2013 Menedzsmenttud\u00e1ssal a j\u00e1rv\u00e1ny ellen\u201d c\u00edm\u0171 p\u00e1ly\u00e1zat nyertesei a szakmai zs\u0171ri d\u00f6nt\u00e9se alapj\u00e1n: 1. hely: Herm\u00e1nn\u00e9 Bedics Rita 2. hely: Dr. Velkey Gy\u00f6rgy\u00a0 3. hely: Zabundia Szilvia K\u00fcl\u00f6nd\u00edj: Cs\u00e9ple\u0151 Vikt\u00f3ria \u00e9s Tank\u00f3 \u00c1gota A nyertesek \u00e9rtes\u00edt\u00e9se az \u00e1ltaluk megadott e-mail c\u00edmen t\u00f6rt\u00e9nik az eredm\u00e9nyhirdet\u00e9st k\u00f6vet\u0151 2 &hellip;<\/p>\n","protected":false},"author":101537,"featured_media":17156,"comment_status":"closed","ping_status":"closed","sticky":false,"template":"","format":"standard","meta":{"_acf_changed":false,"footnotes":""},"categories":[6],"tags":[],"class_list":["post-17148","post","type-post","status-publish","format-standard","has-post-thumbnail","hentry","category-hirek"],"acf":[],"_links":{"self":[{"href":"https:\/\/semmelweis.hu\/emk\/wp-json\/wp\/v2\/posts\/17148","targetHints":{"allow":["GET"]}}],"collection":[{"href":"https:\/\/semmelweis.hu\/emk\/wp-json\/wp\/v2\/posts"}],"about":[{"href":"https:\/\/semmelweis.hu\/emk\/wp-json\/wp\/v2\/types\/post"}],"author":[{"embeddable":true,"href":"https:\/\/semmelweis.hu\/emk\/wp-json\/wp\/v2\/users\/101537"}],"replies":[{"embeddable":true,"href":"https:\/\/semmelweis.hu\/emk\/wp-json\/wp\/v2\/comments?post=17148"}],"version-history":[{"count":7,"href":"https:\/\/semmelweis.hu\/emk\/wp-json\/wp\/v2\/posts\/17148\/revisions"}],"predecessor-version":[{"id":17159,"href":"https:\/\/semmelweis.hu\/emk\/wp-json\/wp\/v2\/posts\/17148\/revisions\/17159"}],"wp:featuredmedia":[{"embeddable":true,"href":"https:\/\/semmelweis.hu\/emk\/wp-json\/wp\/v2\/media\/17156"}],"wp:attachment":[{"href":"https:\/\/semmelweis.hu\/emk\/wp-json\/wp\/v2\/media?parent=17148"}],"wp:term":[{"taxonomy":"category","embeddable":true,"href":"https:\/\/semmelweis.hu\/emk\/wp-json\/wp\/v2\/categories?post=17148"},{"taxonomy":"post_tag","embeddable":true,"href":"https:\/\/semmelweis.hu\/emk\/wp-json\/wp\/v2\/tags?post=17148"}],"curies":[{"name":"wp","href":"https:\/\/api.w.org\/{rel}","templated":true}]}}