{"id":15888,"date":"2020-03-10T10:18:29","date_gmt":"2020-03-10T09:18:29","guid":{"rendered":"http:\/\/semmelweis.hu\/emk\/?p=15888"},"modified":"2020-05-07T17:01:29","modified_gmt":"2020-05-07T15:01:29","slug":"elindult-a-jelentkezes-az-idei-l-ead-programra","status":"publish","type":"post","link":"https:\/\/semmelweis.hu\/emk\/2020\/03\/10\/elindult-a-jelentkezes-az-idei-l-ead-programra\/","title":{"rendered":"Elindult a jelentkez\u00e9s az idei L-ead ny\u00e1ri egyetemre"},"content":{"rendered":"<p>A Semmelweis Egyetem Eg\u00e9szs\u00e9g\u00fcgyi Menedzserk\u00e9pz\u0151 K\u00f6zpontja (EMK) id\u00e9n \u00fajra meghirdeti L-ead programj\u00e1t. A k\u00e9thetes ny\u00e1ri egyetem az eg\u00e9szs\u00e9g\u00fcgyi dolgoz\u00f3k digit\u00e1lis ismereteivel foglalkozik, \u201eL-ead &#8211; Leveraging e-health workforce by advanced skills\u201d c\u00edmmel. A projekt partnerei a barcelonai IESE Business School \u00e9s az E-group.<br \/>\nA program c\u00e9lja, hogy felh\u00edvja a figyelmet a digitaliz\u00e1ci\u00f3 t\u00e9rnyer\u00e9s\u00e9re, illetve felk\u00e9sz\u00edtse az eg\u00e9szs\u00e9g\u00fcgyi dolgoz\u00f3kat azokra a v\u00e1ltoz\u00e1sokra, melyeket a digitaliz\u00e1ci\u00f3 fejl\u0151d\u00e9se hoz az eg\u00e9szs\u00e9g\u00fcgy vil\u00e1g\u00e1ba.<br \/>\nA programon val\u00f3 r\u00e9szv\u00e9tel az EIT Health j\u00f3volt\u00e1b\u00f3l ingyenes. A Semmelweis hallgat\u00f3i utaz\u00e1si t\u00e1mogat\u00e1sra p\u00e1ly\u00e1zhatnak. Ezen fel\u00fcl a RIS program keret\u00e9ben korl\u00e1tozott sz\u00e1mban \u00f6szt\u00f6nd\u00edjas helyeket is tudunk biztos\u00edtani, amely fedezi az utaz\u00e1s \u00e9s a sz\u00e1ll\u00e1s k\u00f6lts\u00e9geit is. B\u0151vebb inform\u00e1ci\u00f3 el\u00e9rhet\u0151 a honlapunkon, tov\u00e1bb\u00e1 a summerschool@emk.sote.hu c\u00edmen is \u00e1llunk az \u00e9rdekl\u0151d\u0151k rendelkez\u00e9s\u00e9re.<br \/>\nA ny\u00e1ri egyetemre els\u0151sorban olyan BSc, MSc, PhD \u00e9s posztdoktori hallgat\u00f3kat v\u00e1runk, akik \u00e9rdekl\u0151dnek a digit\u00e1lis eg\u00e9szs\u00e9g\u00fcgy, az eg\u00e9szs\u00e9g\u00fcgyi menedzsment \u00e9s a n\u00e9peg\u00e9szs\u00e9g\u00fcgyi t\u00e9mak\u00f6r\u00f6k ir\u00e1nt.<\/p>\n<p>A k\u00e9t egym\u00e1sra \u00e9p\u00fcl\u0151 h\u00e9t id\u0151pontja: 2020. j\u00falius 6-10.\u00a0 \u00e9s 2020. j\u00falius 13-17.<\/p>\n<p>Regisztr\u00e1ci\u00f3kat 2020. m\u00e1jus 24-i hat\u00e1rid\u0151ig fogadunk.<\/p>\n<p>B\u0151vebb inform\u00e1ci\u00f3: <a href=\"https:\/\/emk.semmelweis.hu\/eithealth\/\">https:\/\/emk.semmelweis.hu\/eithealth\/<\/a><\/p>\n<p>Minden jelentkez\u0151t szeretettel v\u00e1runk! L\u00e9gy Te is r\u00e9szese a digit\u00e1lis boom-nak!<\/p>\n","protected":false},"excerpt":{"rendered":"<p>A Semmelweis Egyetem Eg\u00e9szs\u00e9g\u00fcgyi Menedzserk\u00e9pz\u0151 K\u00f6zpontja (EMK) id\u00e9n \u00fajra meghirdeti L-ead programj\u00e1t. A k\u00e9thetes ny\u00e1ri egyetem az eg\u00e9szs\u00e9g\u00fcgyi dolgoz\u00f3k digit\u00e1lis ismereteivel foglalkozik, \u201eL-ead &#8211; Leveraging e-health workforce by advanced skills\u201d c\u00edmmel. A projekt partnerei a barcelonai IESE Business School \u00e9s az E-group. A program c\u00e9lja, hogy felh\u00edvja a figyelmet a digitaliz\u00e1ci\u00f3 t\u00e9rnyer\u00e9s\u00e9re, illetve felk\u00e9sz\u00edtse az &hellip;<\/p>\n","protected":false},"author":101539,"featured_media":15893,"comment_status":"closed","ping_status":"closed","sticky":false,"template":"","format":"standard","meta":{"_acf_changed":false,"footnotes":""},"categories":[6],"tags":[],"class_list":["post-15888","post","type-post","status-publish","format-standard","has-post-thumbnail","hentry","category-hirek"],"acf":[],"_links":{"self":[{"href":"https:\/\/semmelweis.hu\/emk\/wp-json\/wp\/v2\/posts\/15888","targetHints":{"allow":["GET"]}}],"collection":[{"href":"https:\/\/semmelweis.hu\/emk\/wp-json\/wp\/v2\/posts"}],"about":[{"href":"https:\/\/semmelweis.hu\/emk\/wp-json\/wp\/v2\/types\/post"}],"author":[{"embeddable":true,"href":"https:\/\/semmelweis.hu\/emk\/wp-json\/wp\/v2\/users\/101539"}],"replies":[{"embeddable":true,"href":"https:\/\/semmelweis.hu\/emk\/wp-json\/wp\/v2\/comments?post=15888"}],"version-history":[{"count":7,"href":"https:\/\/semmelweis.hu\/emk\/wp-json\/wp\/v2\/posts\/15888\/revisions"}],"predecessor-version":[{"id":16665,"href":"https:\/\/semmelweis.hu\/emk\/wp-json\/wp\/v2\/posts\/15888\/revisions\/16665"}],"wp:featuredmedia":[{"embeddable":true,"href":"https:\/\/semmelweis.hu\/emk\/wp-json\/wp\/v2\/media\/15893"}],"wp:attachment":[{"href":"https:\/\/semmelweis.hu\/emk\/wp-json\/wp\/v2\/media?parent=15888"}],"wp:term":[{"taxonomy":"category","embeddable":true,"href":"https:\/\/semmelweis.hu\/emk\/wp-json\/wp\/v2\/categories?post=15888"},{"taxonomy":"post_tag","embeddable":true,"href":"https:\/\/semmelweis.hu\/emk\/wp-json\/wp\/v2\/tags?post=15888"}],"curies":[{"name":"wp","href":"https:\/\/api.w.org\/{rel}","templated":true}]}}