{"id":15464,"date":"2019-11-19T16:04:57","date_gmt":"2019-11-19T15:04:57","guid":{"rendered":"http:\/\/semmelweis.hu\/emk\/?p=15464"},"modified":"2019-11-20T10:55:50","modified_gmt":"2019-11-20T09:55:50","slug":"valtoztatas-es-innovaciomenedzsment-a-nepegeszsegugy-es-egeszsegfejlesztes-teruleten","status":"publish","type":"post","link":"https:\/\/semmelweis.hu\/emk\/2019\/11\/19\/valtoztatas-es-innovaciomenedzsment-a-nepegeszsegugy-es-egeszsegfejlesztes-teruleten\/","title":{"rendered":"V\u00e1ltoztat\u00e1s- \u00e9s innov\u00e1ci\u00f3menedzsment a n\u00e9peg\u00e9szs\u00e9g\u00fcgy \u00e9s eg\u00e9szs\u00e9gfejleszt\u00e9s ter\u00fclet\u00e9n"},"content":{"rendered":"<p>2019. november 29-\u00e9n 11:00 \u00f3r\u00e1t\u00f3l &#8222;V\u00e1ltoztat\u00e1s- \u00e9s innov\u00e1ci\u00f3menedzsment a n\u00e9peg\u00e9szs\u00e9g\u00fcgy \u00e9s eg\u00e9szs\u00e9gfejleszt\u00e9s ter\u00fclet\u00e9n&#8221; c\u00edmmel Int\u00e9zet\u00fcnk igazgat\u00f3ja, Dr. Sz\u00f3cska Mikl\u00f3s \u00e9s Jo\u00f3 Tam\u00e1s eg\u00e9szs\u00e9g\u00fcgyi k\u00f6zgazd\u00e1sz tart m\u00f3dszertani workshopot az I. Hat\u00e9kony Eg\u00e9szs\u00e9gfejleszt\u00e9si Konferenci\u00e1n. Az esem\u00e9nyt a Semmelweis Egyetem Elm\u00e9leti Orvostudom\u00e1nyi K\u00f6zpontj\u00e1ban rendezik meg 2019. november 29-30 k\u00f6z\u00f6tt.<\/p>\n<p>A r\u00e9szletes program az al\u00e1bbi linken \u00e9rhet\u0151 el:<\/p>\n<p><a href=\"https:\/\/semmelweis.hu\/egeszsegfejlesztes\/szakmai-program\/\"> https:\/\/semmelweis.hu\/egeszsegfejlesztes\/szakmai-program\/<\/a><\/p>\n<p><span style=\"float: none;background-color: transparent;color: #1e2326;font-family: 'PT serif',serif;font-size: 20px;font-style: normal;font-variant: normal;font-weight: 400;letter-spacing: normal;text-align: left;text-decoration: none;text-indent: 0px;text-transform: none\">A konferenci\u00e1n a r\u00e9szv\u00e9tel ingyenes, de a f\u00e9r\u0151helyek sz\u00e1ma miatt el\u0151zetes regisztr\u00e1ci\u00f3hoz k\u00f6t\u00f6tt.<\/span><\/p>\n<p><a href=\"https:\/\/semmelweis.hu\/egeszsegfejlesztes\/regisztracio\/\">Regisztr\u00e1ci\u00f3<\/a><\/p>\n<p>Minden \u00e9rdekl\u0151d\u0151t szeretettel v\u00e1runk!<\/p>\n","protected":false},"excerpt":{"rendered":"<p>2019. november 29-\u00e9n 11:00 \u00f3r\u00e1t\u00f3l &#8222;V\u00e1ltoztat\u00e1s- \u00e9s innov\u00e1ci\u00f3menedzsment a n\u00e9peg\u00e9szs\u00e9g\u00fcgy \u00e9s eg\u00e9szs\u00e9gfejleszt\u00e9s ter\u00fclet\u00e9n&#8221; c\u00edmmel Int\u00e9zet\u00fcnk igazgat\u00f3ja, Dr. Sz\u00f3cska Mikl\u00f3s \u00e9s Jo\u00f3 Tam\u00e1s eg\u00e9szs\u00e9g\u00fcgyi k\u00f6zgazd\u00e1sz tart m\u00f3dszertani workshopot az I. Hat\u00e9kony Eg\u00e9szs\u00e9gfejleszt\u00e9si Konferenci\u00e1n. Az esem\u00e9nyt a Semmelweis Egyetem Elm\u00e9leti Orvostudom\u00e1nyi K\u00f6zpontj\u00e1ban rendezik meg 2019. november 29-30 k\u00f6z\u00f6tt. A r\u00e9szletes program az al\u00e1bbi linken \u00e9rhet\u0151 el: <a href=\"https:\/\/semmelweis.hu\/egeszsegfejlesztes\/szakmai-program\/\"> https:\/\/semmelweis.hu\/egeszsegfejlesztes\/szakmai-program\/<\/a> A &hellip;<\/p>\n","protected":false},"author":101539,"featured_media":15466,"comment_status":"closed","ping_status":"closed","sticky":false,"template":"","format":"standard","meta":{"_acf_changed":false,"footnotes":""},"categories":[6],"tags":[],"class_list":["post-15464","post","type-post","status-publish","format-standard","has-post-thumbnail","hentry","category-hirek"],"acf":[],"_links":{"self":[{"href":"https:\/\/semmelweis.hu\/emk\/wp-json\/wp\/v2\/posts\/15464","targetHints":{"allow":["GET"]}}],"collection":[{"href":"https:\/\/semmelweis.hu\/emk\/wp-json\/wp\/v2\/posts"}],"about":[{"href":"https:\/\/semmelweis.hu\/emk\/wp-json\/wp\/v2\/types\/post"}],"author":[{"embeddable":true,"href":"https:\/\/semmelweis.hu\/emk\/wp-json\/wp\/v2\/users\/101539"}],"replies":[{"embeddable":true,"href":"https:\/\/semmelweis.hu\/emk\/wp-json\/wp\/v2\/comments?post=15464"}],"version-history":[{"count":4,"href":"https:\/\/semmelweis.hu\/emk\/wp-json\/wp\/v2\/posts\/15464\/revisions"}],"predecessor-version":[{"id":15469,"href":"https:\/\/semmelweis.hu\/emk\/wp-json\/wp\/v2\/posts\/15464\/revisions\/15469"}],"wp:featuredmedia":[{"embeddable":true,"href":"https:\/\/semmelweis.hu\/emk\/wp-json\/wp\/v2\/media\/15466"}],"wp:attachment":[{"href":"https:\/\/semmelweis.hu\/emk\/wp-json\/wp\/v2\/media?parent=15464"}],"wp:term":[{"taxonomy":"category","embeddable":true,"href":"https:\/\/semmelweis.hu\/emk\/wp-json\/wp\/v2\/categories?post=15464"},{"taxonomy":"post_tag","embeddable":true,"href":"https:\/\/semmelweis.hu\/emk\/wp-json\/wp\/v2\/tags?post=15464"}],"curies":[{"name":"wp","href":"https:\/\/api.w.org\/{rel}","templated":true}]}}