{"id":15451,"date":"2019-11-12T11:39:01","date_gmt":"2019-11-12T10:39:01","guid":{"rendered":"http:\/\/semmelweis.hu\/emk\/?p=15451"},"modified":"2019-11-12T12:05:00","modified_gmt":"2019-11-12T11:05:00","slug":"november-12-a-szocialis-munka-napja","status":"publish","type":"post","link":"https:\/\/semmelweis.hu\/emk\/2019\/11\/12\/november-12-a-szocialis-munka-napja\/","title":{"rendered":"November 12. a Szoci\u00e1lis Munka Napja"},"content":{"rendered":"<p>A Szoci\u00e1lis Munka Napj\u00e1n &#8211; amely sok-sok \u00e9v kiv\u00e1r\u00e1s ut\u00e1n v\u00e9gre \u00e1gazati \u00fcnnepnap lett &#8211; r\u00e1ir\u00e1ny\u00edtjuk a figyelmet azokra a koll\u00e9g\u00e1kra,\u00a0\u00a0akik az \u00e9v minden napj\u00e1n seg\u00edtik, \u00e1polj\u00e1k,\u00a0\u00a0gondozz\u00e1k r\u00e1szorul\u00f3 embert\u00e1rsainkat.<\/p>\n<p>A saj\u00e1t figyelm\u00fcnk mellett azonban fontos, hogy a k\u00f6zv\u00e9lem\u00e9ny, a t\u00e1gabb t\u00e1rsadalom figyelm\u00e9t is felh\u00edvjuk arra a szakm\u00e1ra \u00e9s hivat\u00e1sra, amely a h\u00e9tk\u00f6znapokban m\u00e9g csek\u00e9ly ismerts\u00e9ggel \u00e9s elismerts\u00e9ggel rendelkezik.<\/p>\n<p>A Semmelweis Egyetem Szoci\u00e1lis Vezet\u0151k\u00e9pz\u0151j\u00e9ben dolgoz\u00f3kk\u00e9nt elk\u00f6telezettek, s lehet\u0151s\u00e9g\u00fcnkh\u00f6z k\u00e9pest akt\u00edv cselekv\u0151i vagyunk ennek a folyamatnak. Szeretn\u00e9nk, ha szakmais\u00e1gukban \u00e9s \u00e9rt\u00e9keiben er\u0151s, saj\u00e1t fontoss\u00e1g\u00e1ban meger\u0151s\u00edtett int\u00e9zm\u00e9nyvezet\u0151k ker\u00fcln\u00e9nek ki hossz\u00fa t\u00e1von is k\u00e9pz\u00e9seinkb\u0151l. Meggy\u0151z\u0151d\u00e9s\u00fcnk ugyanis, hogy a tudatosabb \u00e9s felk\u00e9sz\u00fcltebb vezet\u0151k tev\u00e9kenys\u00e9ge kihat a teljes szervezeti h\u00e1l\u00f3ra, a munkat\u00e1rsakra \u00e9s v\u00e9gs\u0151soron hat\u00e9konyabb szolg\u00e1ltat\u00e1sokat eredm\u00e9nyeznek, ami hat\u00e1ssal van a re\u00e1nk b\u00edzottak \u00e9letmin\u0151s\u00e9g\u00e9re is.<\/p>\n<p>A szoci\u00e1lis szolg\u00e1ltat\u00e1si rendszerben &#8211; bele\u00e9rtve a gyermekj\u00f3l\u00e9ti, gyermekv\u00e9delmi feladatokat is &#8211; sokf\u00e9le c\u00e9lcsoport sz\u00e1m\u00e1ra, szerte\u00e1gaz\u00f3 ell\u00e1t\u00e1sokat biztos\u00edtanak szoci\u00e1lis int\u00e9zm\u00e9nyeink, azonban egy dologban az eg\u00e9sz \u00e1gazat k\u00f6z\u00f6s: a t\u00e1rsadalom eg\u00e9sz\u00e9nek sz\u00fcks\u00e9ge van a munk\u00e1nkra. A szoci\u00e1lis seg\u00edt\u00e9s fontoss\u00e1g\u00e1nak elismer\u00e9se \u00fcgy\u00e9ben sok a teend\u0151nk, de ezt az utat a szoci\u00e1lis ell\u00e1t\u00e1sokban dolgoz\u00f3k k\u00f6z\u00f6ss\u00e9ge egy\u00fcttm\u0171k\u00f6dve tudja csak bej\u00e1rni. Ehhez k\u00edv\u00e1n sok er\u0151t \u00e9s \u00e1t\u00e9lhet\u0151 egy\u00fcttm\u0171k\u00f6d\u00e9st a Szoci\u00e1lis Vezet\u0151k\u00e9pz\u00e9s oktat\u00f3i-tr\u00e9neri csapata.<\/p>\n<p><a href=\"https:\/\/emk.semmelweis.hu\/szocialis_vezetokepzes\/\">https:\/\/emk.semmelweis.hu\/szocialis_vezetokepzes<\/a><\/p>\n","protected":false},"excerpt":{"rendered":"<p>A Szoci\u00e1lis Munka Napj\u00e1n &#8211; amely sok-sok \u00e9v kiv\u00e1r\u00e1s ut\u00e1n v\u00e9gre \u00e1gazati \u00fcnnepnap lett &#8211; r\u00e1ir\u00e1ny\u00edtjuk a figyelmet azokra a koll\u00e9g\u00e1kra,\u00a0\u00a0akik az \u00e9v minden napj\u00e1n seg\u00edtik, \u00e1polj\u00e1k,\u00a0\u00a0gondozz\u00e1k r\u00e1szorul\u00f3 embert\u00e1rsainkat. A saj\u00e1t figyelm\u00fcnk mellett azonban fontos, hogy a k\u00f6zv\u00e9lem\u00e9ny, a t\u00e1gabb t\u00e1rsadalom figyelm\u00e9t is felh\u00edvjuk arra a szakm\u00e1ra \u00e9s hivat\u00e1sra, amely a h\u00e9tk\u00f6znapokban m\u00e9g csek\u00e9ly ismerts\u00e9ggel &hellip;<\/p>\n","protected":false},"author":101539,"featured_media":15454,"comment_status":"closed","ping_status":"closed","sticky":false,"template":"","format":"standard","meta":{"_acf_changed":false,"footnotes":""},"categories":[6],"tags":[],"class_list":["post-15451","post","type-post","status-publish","format-standard","has-post-thumbnail","hentry","category-hirek"],"acf":[],"_links":{"self":[{"href":"https:\/\/semmelweis.hu\/emk\/wp-json\/wp\/v2\/posts\/15451","targetHints":{"allow":["GET"]}}],"collection":[{"href":"https:\/\/semmelweis.hu\/emk\/wp-json\/wp\/v2\/posts"}],"about":[{"href":"https:\/\/semmelweis.hu\/emk\/wp-json\/wp\/v2\/types\/post"}],"author":[{"embeddable":true,"href":"https:\/\/semmelweis.hu\/emk\/wp-json\/wp\/v2\/users\/101539"}],"replies":[{"embeddable":true,"href":"https:\/\/semmelweis.hu\/emk\/wp-json\/wp\/v2\/comments?post=15451"}],"version-history":[{"count":6,"href":"https:\/\/semmelweis.hu\/emk\/wp-json\/wp\/v2\/posts\/15451\/revisions"}],"predecessor-version":[{"id":15459,"href":"https:\/\/semmelweis.hu\/emk\/wp-json\/wp\/v2\/posts\/15451\/revisions\/15459"}],"wp:featuredmedia":[{"embeddable":true,"href":"https:\/\/semmelweis.hu\/emk\/wp-json\/wp\/v2\/media\/15454"}],"wp:attachment":[{"href":"https:\/\/semmelweis.hu\/emk\/wp-json\/wp\/v2\/media?parent=15451"}],"wp:term":[{"taxonomy":"category","embeddable":true,"href":"https:\/\/semmelweis.hu\/emk\/wp-json\/wp\/v2\/categories?post=15451"},{"taxonomy":"post_tag","embeddable":true,"href":"https:\/\/semmelweis.hu\/emk\/wp-json\/wp\/v2\/tags?post=15451"}],"curies":[{"name":"wp","href":"https:\/\/api.w.org\/{rel}","templated":true}]}}