{"id":15418,"date":"2019-11-05T10:39:18","date_gmt":"2019-11-05T09:39:18","guid":{"rendered":"http:\/\/semmelweis.hu\/emk\/?p=15418"},"modified":"2019-11-05T10:47:53","modified_gmt":"2019-11-05T09:47:53","slug":"igazi-magyar-sikersztori-budapesti-szellemi-muhely-mutatja-az-iranyt-a-nemzetkozi-egeszsegugyben","status":"publish","type":"post","link":"https:\/\/semmelweis.hu\/emk\/2019\/11\/05\/igazi-magyar-sikersztori-budapesti-szellemi-muhely-mutatja-az-iranyt-a-nemzetkozi-egeszsegugyben\/","title":{"rendered":"Igazi magyar sikersztori: budapesti szellemi m\u0171hely mutatja az ir\u00e1nyt a nemzetk\u00f6zi eg\u00e9szs\u00e9g\u00fcgyben"},"content":{"rendered":"<p>A saj\u00e1t eg\u00e9szs\u00e9g\u00fcnk sem fenntarthat\u00f3, ha nem tal\u00e1lunk innovat\u00edv megold\u00e1sokat, digit\u00e1lis eg\u00e9szs\u00e9g\u00fcgyi innov\u00e1ci\u00f3kat a probl\u00e9m\u00e1k kezel\u00e9s\u00e9re &#8211; mondta a Portfolio-nak adott interj\u00faj\u00e1ban Dr. Sz\u00f3cska Mikl\u00f3s, Int\u00e9zet\u00fcnk alap\u00edt\u00f3 igazgat\u00f3ja.\u00a0 Csiki Gergellyel arr\u00f3l besz\u00e9lgettek, hogy az eg\u00e9szs\u00e9g\u00fcgyben az egyik legjelent\u0151sebb fejl\u0151d\u00e9si ir\u00e1ny mindenk\u00e9ppen a big data, a digitaliz\u00e1ci\u00f3 az eg\u00e9szs\u00e9g\u00fcgyben is elhozta a diszrupt\u00edv folyamatokat, az okos eszk\u00f6z\u00f6k megjelen\u00e9se pedig az orvosi praxisokban is megv\u00e1ltoztatja az alapvet\u0151 viszonyokat.<\/p>\n<p><a href=\"https:\/\/www.portfolio.hu\/gazdasag\/20191030\/igazi-magyar-sikersztori-budapesti-szellemi-muhely-mutatja-az-iranyt-a-nemzetkozi-egeszsegugyben-405143?fbclid=IwAR1bti8KXz8W5JvA7KrYMSdDewFMvt3Gud3PCCIay3noRWVv5XX0I8-7VAA\">Teljes interj\u00fa<\/a><\/p>\n<p>&nbsp;<\/p>\n","protected":false},"excerpt":{"rendered":"<p>A saj\u00e1t eg\u00e9szs\u00e9g\u00fcnk sem fenntarthat\u00f3, ha nem tal\u00e1lunk innovat\u00edv megold\u00e1sokat, digit\u00e1lis eg\u00e9szs\u00e9g\u00fcgyi innov\u00e1ci\u00f3kat a probl\u00e9m\u00e1k kezel\u00e9s\u00e9re &#8211; mondta a Portfolio-nak adott interj\u00faj\u00e1ban Dr. Sz\u00f3cska Mikl\u00f3s, Int\u00e9zet\u00fcnk alap\u00edt\u00f3 igazgat\u00f3ja.\u00a0 Csiki Gergellyel arr\u00f3l besz\u00e9lgettek, hogy az eg\u00e9szs\u00e9g\u00fcgyben az egyik legjelent\u0151sebb fejl\u0151d\u00e9si ir\u00e1ny mindenk\u00e9ppen a big data, a digitaliz\u00e1ci\u00f3 az eg\u00e9szs\u00e9g\u00fcgyben is elhozta a diszrupt\u00edv folyamatokat, az okos &hellip;<\/p>\n","protected":false},"author":101539,"featured_media":15421,"comment_status":"closed","ping_status":"closed","sticky":false,"template":"","format":"standard","meta":{"_acf_changed":false,"footnotes":""},"categories":[6],"tags":[],"class_list":["post-15418","post","type-post","status-publish","format-standard","has-post-thumbnail","hentry","category-hirek"],"acf":[],"_links":{"self":[{"href":"https:\/\/semmelweis.hu\/emk\/wp-json\/wp\/v2\/posts\/15418","targetHints":{"allow":["GET"]}}],"collection":[{"href":"https:\/\/semmelweis.hu\/emk\/wp-json\/wp\/v2\/posts"}],"about":[{"href":"https:\/\/semmelweis.hu\/emk\/wp-json\/wp\/v2\/types\/post"}],"author":[{"embeddable":true,"href":"https:\/\/semmelweis.hu\/emk\/wp-json\/wp\/v2\/users\/101539"}],"replies":[{"embeddable":true,"href":"https:\/\/semmelweis.hu\/emk\/wp-json\/wp\/v2\/comments?post=15418"}],"version-history":[{"count":4,"href":"https:\/\/semmelweis.hu\/emk\/wp-json\/wp\/v2\/posts\/15418\/revisions"}],"predecessor-version":[{"id":15423,"href":"https:\/\/semmelweis.hu\/emk\/wp-json\/wp\/v2\/posts\/15418\/revisions\/15423"}],"wp:featuredmedia":[{"embeddable":true,"href":"https:\/\/semmelweis.hu\/emk\/wp-json\/wp\/v2\/media\/15421"}],"wp:attachment":[{"href":"https:\/\/semmelweis.hu\/emk\/wp-json\/wp\/v2\/media?parent=15418"}],"wp:term":[{"taxonomy":"category","embeddable":true,"href":"https:\/\/semmelweis.hu\/emk\/wp-json\/wp\/v2\/categories?post=15418"},{"taxonomy":"post_tag","embeddable":true,"href":"https:\/\/semmelweis.hu\/emk\/wp-json\/wp\/v2\/tags?post=15418"}],"curies":[{"name":"wp","href":"https:\/\/api.w.org\/{rel}","templated":true}]}}