{"id":15221,"date":"2019-08-01T11:02:22","date_gmt":"2019-08-01T09:02:22","guid":{"rendered":"http:\/\/semmelweis.hu\/emk\/?p=15221"},"modified":"2019-08-01T11:03:07","modified_gmt":"2019-08-01T09:03:07","slug":"betegbiztonsagi-konferencia-a-who-vilagnapjan","status":"publish","type":"post","link":"https:\/\/semmelweis.hu\/emk\/2019\/08\/01\/betegbiztonsagi-konferencia-a-who-vilagnapjan\/","title":{"rendered":"Betegbiztons\u00e1gi Konferencia a WHO Vil\u00e1gnapj\u00e1n"},"content":{"rendered":"<p>Id\u0151pont: 2019. szeptember 17.<\/p>\n<p>Helysz\u00edne: Nemzeti Eg\u00e9szs\u00e9gbiztos\u00edt\u00e1si Alapkezel\u0151 Konferencia terme (XIII. Budapest, V\u00e1ci \u00fat 73\/A)<\/p>\n<p>Az Eg\u00e9szs\u00e9g\u00fcgyi Vil\u00e1gszervezet (WHO) szeptember 17-\u00e9t a Betegbiztons\u00e1g Vil\u00e1gnapjak\u00e9nt (World Patient Safety Day) jel\u00f6lte meg. Felh\u00edv\u00e1st tett k\u00f6zz\u00e9 a tag\u00e1llamok sz\u00e1m\u00e1ra, hogy ehhez a naphoz kapcsol\u00f3d\u00f3an tudatos\u00edts\u00e1k mind a d\u00f6nt\u00e9shoz\u00f3kban, mind az ell\u00e1t\u00f3kban, mind a t\u00e1rsadalom eg\u00e9sz\u00e9ben, hogy az eg\u00e9szs\u00e9g\u00fcgyi ell\u00e1t\u00e1s k\u00f6vetkezt\u00e9ben fell\u00e9p\u0151 eg\u00e9szs\u00e9gk\u00e1rosod\u00e1sok m\u00e9rt\u00e9ke n\u00e9peg\u00e9szs\u00e9g\u00fcgyi probl\u00e9ma, \u00e9s tegyenek meg mindent annak \u00e9rdek\u00e9ben, hogy olyan megold\u00e1sokat, int\u00e9zked\u00e9seket fogalmazzanak meg \u00e9s l\u00e9ptessenek \u00e9letbe, melyek ezen probl\u00e9ma s\u00faly\u00e1t k\u00e9pesek cs\u00f6kkenteni.<\/p>\n<p>A Semmelweis Egyetem Eg\u00e9szs\u00e9g\u00fcgyi Menedzserk\u00e9pz\u0151 K\u00f6zpont Betegbiztons\u00e1gi Tansz\u00e9ki Csoportja hagyom\u00e1nyt k\u00edv\u00e1n teremteni a Betegbiztons\u00e1gi Vil\u00e1gnaphoz kapcsol\u00f3d\u00f3 konferencia szervez\u00e9s\u00e9vel. Jelen alkalom a Semmelweis Egyetem 250 \u00e9ves \u00e9vfordul\u00f3j\u00e1nak \u00fcnneps\u00e9gsorozat\u00e1ba illeszked\u0151en ker\u00fcl megrendez\u00e9sre.<\/p>\n<p>F\u0151v\u00e9dn\u00f6k: Dr. Horv\u00e1th Ildik\u00f3 Eg\u00e9szs\u00e9g\u00fcgy\u00e9rt Felel\u0151s \u00c1llamtitk\u00e1r<\/p>\n<p>Megnyit\u00f3t mond Prof. Dr. Merkely B\u00e9la, a Semmelweis Egyetem rektora<\/p>\n<p>Megh\u00edvott el\u0151ad\u00f3ink:<\/p>\n<ul>\n<li>M\u00fcller Cec\u00edlia, orsz\u00e1gos tisztif\u0151orvos<\/li>\n<li>Ficzere Andrea, a Magyar K\u00f3rh\u00e1zsz\u00f6vets\u00e9g eln\u00f6ke<\/li>\n<li>Sz\u00f3cska Mikl\u00f3s, d\u00e9k\u00e1n, Eg\u00e9szs\u00e9g\u00fcgyi K\u00f6zszolg\u00e1lati Kar, Semmelweis Egyetem<\/li>\n<\/ul>\n<p>A bejelentett el\u0151ad\u00e1sok a k\u00f6vetkez\u0151 f\u0151 t\u00e9mak\u00f6r\u00f6k k\u00f6r\u00e9 szervez\u0151dnek:<\/p>\n<ul>\n<li>Digit\u00e1lis megold\u00e1sok a betegbiztons\u00e1g szolg\u00e1lat\u00e1ban<\/li>\n<li>Eg\u00e9szs\u00e9g\u00fcgyi j\u00f3gyakorlatok implement\u00e1ci\u00f3j\u00e1nak eredm\u00e9nyei, tapasztalatai<\/li>\n<li>Int\u00e9zm\u00e9nyek k\u00f6z\u00f6tti egy\u00fcttm\u0171k\u00f6d\u00e9s a betegbiztons\u00e1g szolg\u00e1lat\u00e1ban<\/li>\n<li>A hum\u00e1ner\u0151forr\u00e1s helyzete \u00e9s a betegbiztons\u00e1g kapcsolata<\/li>\n<li>Szabadon v\u00e1lasztott t\u00e9ma a betegbiztons\u00e1g vonatkoz\u00e1s\u00e1ban.<\/li>\n<\/ul>\n<p>A konferenci\u00e1n a r\u00e9szv\u00e9tel ingyenes, de regisztr\u00e1ci\u00f3hoz k\u00f6t\u00f6tt. Jelentkezni a k\u00f6vetkez\u0151 linken kereszt\u00fcl lehets\u00e9ges:<\/p>\n<p><a href=\"http:\/\/www.surveymonkey.com\/r\/betbiztkonf\">http:\/\/www.surveymonkey.com\/r\/betbiztkonf<\/a><\/p>\n<p>A f\u00e9r\u0151helyek korl\u00e1tozott sz\u00e1ma miatt a jelentkez\u00e9seket a l\u00e9tsz\u00e1m beteltekor lez\u00e1rjuk. A r\u00e9szletes programot augusztus v\u00e9g\u00e9n fogjuk k\u00f6zz\u00e9 tenni.<\/p>\n<p>Tegy\u00fcnk egy\u00fctt a biztons\u00e1gosabb betegell\u00e1t\u00e1s\u00e9rt!<\/p>\n","protected":false},"excerpt":{"rendered":"<p>Id\u0151pont: 2019. szeptember 17. Helysz\u00edne: Nemzeti Eg\u00e9szs\u00e9gbiztos\u00edt\u00e1si Alapkezel\u0151 Konferencia terme (XIII. Budapest, V\u00e1ci \u00fat 73\/A) Az Eg\u00e9szs\u00e9g\u00fcgyi Vil\u00e1gszervezet (WHO) szeptember 17-\u00e9t a Betegbiztons\u00e1g Vil\u00e1gnapjak\u00e9nt (World Patient Safety Day) jel\u00f6lte meg. Felh\u00edv\u00e1st tett k\u00f6zz\u00e9 a tag\u00e1llamok sz\u00e1m\u00e1ra, hogy ehhez a naphoz kapcsol\u00f3d\u00f3an tudatos\u00edts\u00e1k mind a d\u00f6nt\u00e9shoz\u00f3kban, mind az ell\u00e1t\u00f3kban, mind a t\u00e1rsadalom eg\u00e9sz\u00e9ben, hogy az eg\u00e9szs\u00e9g\u00fcgyi &hellip;<\/p>\n","protected":false},"author":101539,"featured_media":15220,"comment_status":"closed","ping_status":"closed","sticky":false,"template":"","format":"standard","meta":{"_acf_changed":false,"footnotes":""},"categories":[6],"tags":[],"class_list":["post-15221","post","type-post","status-publish","format-standard","has-post-thumbnail","hentry","category-hirek"],"acf":[],"_links":{"self":[{"href":"https:\/\/semmelweis.hu\/emk\/wp-json\/wp\/v2\/posts\/15221","targetHints":{"allow":["GET"]}}],"collection":[{"href":"https:\/\/semmelweis.hu\/emk\/wp-json\/wp\/v2\/posts"}],"about":[{"href":"https:\/\/semmelweis.hu\/emk\/wp-json\/wp\/v2\/types\/post"}],"author":[{"embeddable":true,"href":"https:\/\/semmelweis.hu\/emk\/wp-json\/wp\/v2\/users\/101539"}],"replies":[{"embeddable":true,"href":"https:\/\/semmelweis.hu\/emk\/wp-json\/wp\/v2\/comments?post=15221"}],"version-history":[{"count":2,"href":"https:\/\/semmelweis.hu\/emk\/wp-json\/wp\/v2\/posts\/15221\/revisions"}],"predecessor-version":[{"id":15223,"href":"https:\/\/semmelweis.hu\/emk\/wp-json\/wp\/v2\/posts\/15221\/revisions\/15223"}],"wp:featuredmedia":[{"embeddable":true,"href":"https:\/\/semmelweis.hu\/emk\/wp-json\/wp\/v2\/media\/15220"}],"wp:attachment":[{"href":"https:\/\/semmelweis.hu\/emk\/wp-json\/wp\/v2\/media?parent=15221"}],"wp:term":[{"taxonomy":"category","embeddable":true,"href":"https:\/\/semmelweis.hu\/emk\/wp-json\/wp\/v2\/categories?post=15221"},{"taxonomy":"post_tag","embeddable":true,"href":"https:\/\/semmelweis.hu\/emk\/wp-json\/wp\/v2\/tags?post=15221"}],"curies":[{"name":"wp","href":"https:\/\/api.w.org\/{rel}","templated":true}]}}