{"id":52818,"date":"2025-04-04T11:21:29","date_gmt":"2025-04-04T09:21:29","guid":{"rendered":"https:\/\/semmelweis.hu\/egeszsegfejlesztes\/?p=52818"},"modified":"2025-04-04T11:29:13","modified_gmt":"2025-04-04T09:29:13","slug":"koffein-fogyasztasa-a-mindennapokban-ervek-es-ellenervek","status":"publish","type":"post","link":"https:\/\/semmelweis.hu\/egeszsegfejlesztes\/2025\/04\/04\/koffein-fogyasztasa-a-mindennapokban-ervek-es-ellenervek\/","title":{"rendered":"Koffein fogyaszt\u00e1sa a mindennapokban \u00e9rvek \u00e9s ellen\u00e9rvek"},"content":{"rendered":"<p><strong>A koffein egy a term\u00e9szetben el\u0151fordul\u00f3 k\u00e9miai vegy\u00fclet, amely <\/strong>\u2013 <strong>mivel a term\u00e9szetben bizonyos n\u00f6v\u00e9nyekben fordul el\u0151<\/strong>\u2013<strong> a n\u00f6v\u00e9nyi eredet\u0171 \u00e9lelmiszerekkel jut be a szervezet\u00fcnkbe. Az emberis\u00e9g sz\u00e1m\u00e1ra tal\u00e1n legismertebb \u00e9s egyik legkedveltebb ilyen \u00e9lelmiszer a k\u00e1v\u00e9, azaz maga a k\u00e1v\u00e9bab, amelyet egyedi p\u00f6rk\u00f6l\u00e9s \u00e9s k\u00fcl\u00f6nf\u00e9le arom\u00e1k haszn\u00e1lat\u00e1val tesznek m\u00e9g vonz\u00f3bb\u00e1 a fogyaszt\u00f3k sz\u00e1m\u00e1ra, \u00e9s \u00edgy vil\u00e1gszerte emberek milli\u00f3it var\u00e1zsolja el \u00edzvari\u00e1ci\u00f3ival \u00e9s egyedi illat\u00e1val. \u00a0De val\u00f3j\u00e1ban milyen hat\u00e1sai is vannak ennek a vegy\u00fcletnek az emberi szervezetre? <\/strong><\/p>\n<p><img loading=\"lazy\" decoding=\"async\" class=\" wp-image-52822 alignleft\" src=\"https:\/\/semmelweis.hu\/egeszsegfejlesztes\/files\/2025\/04\/koffein-cikk-1-343x400.jpg\" alt=\"\" width=\"373\" height=\"435\" srcset=\"https:\/\/semmelweis.hu\/egeszsegfejlesztes\/files\/2025\/04\/koffein-cikk-1-343x400.jpg 343w, https:\/\/semmelweis.hu\/egeszsegfejlesztes\/files\/2025\/04\/koffein-cikk-1.jpg 600w\" sizes=\"auto, (max-width: 373px) 100vw, 373px\" \/>Nem \u00e1rt tudnunk, hogy a k\u00e1v\u00e9bab mellett term\u00e9szetesen m\u00e1s n\u00f6v\u00e9nyek is tartalmaznak koffeint, mint p\u00e9ld\u00e1ul a tealev\u00e9l, a kaka\u00f3bab, a k\u00f3ladi\u00f3 vagy a guarana bogy\u00f3k, de adal\u00e9kk\u00e9nt sz\u00e1mos m\u00e1s \u00e9lelmiszerben is megtal\u00e1lhat\u00f3: egyes p\u00e9ks\u00fctem\u00e9nyekben, fagylaltokban, k\u00f3l\u00e1s italokban, \u00e9tcsokol\u00e1d\u00e9ban vagy az energiaitalokban is jelen lehet bizonyos mennyis\u00e9gben. Nem az a legfontosabb, hogy teljes m\u00e9rt\u00e9kben elker\u00fclj\u00fck ezek fogyaszt\u00e1s\u00e1t, hanem hogy tudjuk meg, mely \u00e9lelmiszerek mennyi koffeint tartalmaznak, ez\u00e1ltal ismerj\u00fck meg a hat\u00e1rokat, hiszen t\u00f6bbf\u00e9le dolog fogyaszthat\u00f3, ha m\u00e9rt\u00e9kkel illesztj\u00fck be az \u00e9trend\u00fcnkbe.<\/p>\n<p>Az k\u00f6ztudott, hogy a koffeintartalm\u00fa \u00e9lelmiszerek fogyaszt\u00e1sa is csak m\u00e9rt\u00e9kkel aj\u00e1nlott, f\u0151leg abban az esetben, ha ezt valamilyen \u00e9lethelyzet vagy eg\u00e9szs\u00e9g\u00fcgyi kock\u00e1zat indokolja. A koffein ugyanis olyan, mint egyfajta leg\u00e1lis drog, hat\u00e1ssal van a szervezet m\u0171k\u00f6d\u00e9s\u00e9re.<\/p>\n<p>R\u00f6vid t\u00e1von \u00e9l\u00e9nk\u00edt, teh\u00e1t magasabb pulzussz\u00e1mot okoz, \u00e9s ak\u00e1r 5\u201310%-al magasabb v\u00e9rnyom\u00e1st is eredm\u00e9nyezhet (1\u20133 \u00f3r\u00e1s id\u0151t\u00e1vlatban). Fokozza az anyagcser\u00e9t, aminek legf\u0151bb jelent\u0151s\u00e9ge, hogy vizet von el a szervezett\u0151l, \u00fagynevezett diuretikus hat\u00e1sa van. Nem v\u00e9letlen, hogy a k\u00e1v\u00e9z\u00f3kban egy cs\u00e9sze k\u00e1v\u00e9 mell\u00e9 p\u00e9ld\u00e1ul adnak egy kis poh\u00e1r vizet is, ugyanis 1 mg koffein 1,17 ml vizet von el a szervezett\u0151l, \u00edgy nagyj\u00e1b\u00f3l 1 cs\u00e9sze k\u00e1v\u00e9 elfogyaszt\u00e1sa ut\u00e1n 1 dl v\u00edz fogyaszt\u00e1sa aj\u00e1nlott.<\/p>\n<p>A koffeinnek ezenfel\u00fcl fizikai \u00e1ll\u00f3k\u00e9pess\u00e9get jav\u00edt\u00f3 hat\u00e1sa is van, ennek k\u00f6sz\u00f6nhet\u0151en fogyaszt\u00e1sa alkalmass\u00e1 teszi az embert arra, hogy a reggeli vagy napk\u00f6zbeni f\u00e1radts\u00e1g\u00e1t \u00e9rz\u00e9sre egy szempillant\u00e1s alatt, de legal\u00e1bbis 15\u201330 perc eltelt\u00e9vel m\u00e9rs\u00e9kelje.<\/p>\n<p>Ahogy m\u00e1s k\u00f6zponti idegrendszerre hat\u00f3 szert, a koffeint sem \u00e9rdemes t\u00falfogyasztani, napi 600 mg koffein fogyaszt\u00e1sa felett ugyanis m\u00e1r err\u0151l van sz\u00f3. Sz\u00e1mos rendk\u00edv\u00fcl kellemetlen hat\u00e1sa lehet (pl. sz\u00e9d\u00fcl\u00e9s, heves sz\u00edvdobog\u00e1s\u00e9rzet, h\u00e1nyinger vagy \u00e9melyg\u00e9s). Szerencs\u00e9re ezek egy-k\u00e9t alkalommal m\u00e9g nem okoznak komolyabb gondot, megmaradnak a kellemetlen t\u00fcnetek szintj\u00e9n, de hossz\u00fa t\u00e1von ezek a t\u00fcnetek anyagcsere-probl\u00e9m\u00e1khoz vezethetnek.<\/p>\n<h5><span style=\"color: #000080\">Mennyi koffein fogyaszt\u00e1sa aj\u00e1nlott egy nap?<\/span><\/h5>\n<p>A mennyis\u00e9gi hat\u00e1r\u00e9rt\u00e9kek meg\u00e9rt\u00e9s\u00e9hez tudnunk kell, hogy a k\u00e1v\u00e9, energiaital vagy tea, amit elfogyasztunk, mennyi koffeint tartalmaz. Ha pontosan nem is tudjuk kisz\u00e1m\u00edtani \u2013 mert \u00a0az egyes tea- \u00e9s k\u00e1v\u00e9fajt\u00e1k nagyban elt\u00e9rhetnek egym\u00e1st\u00f3l, nem besz\u00e9lve a p\u00f6rk\u00f6l\u00e9si vagy sz\u00e1r\u00edt\u00e1si elj\u00e1r\u00e1sr\u00f3l, vagy a k\u00e1v\u00e9g\u00e9pek m\u0171k\u00f6d\u00e9s\u00e9b\u0151l ad\u00f3d\u00f3 elt\u00e9r\u00e9sekr\u0151l \u2013, az\u00e9rt hozz\u00e1vet\u0151legesen \u00e9rdemes megismerni a mennyis\u00e9geket.<img loading=\"lazy\" decoding=\"async\" class=\" wp-image-52833 aligncenter\" src=\"https:\/\/semmelweis.hu\/egeszsegfejlesztes\/files\/2025\/04\/Koffein-tablazatok_vegleges-png-343x400.jpg\" alt=\"\" width=\"547\" height=\"638\" srcset=\"https:\/\/semmelweis.hu\/egeszsegfejlesztes\/files\/2025\/04\/Koffein-tablazatok_vegleges-png-343x400.jpg 343w, https:\/\/semmelweis.hu\/egeszsegfejlesztes\/files\/2025\/04\/Koffein-tablazatok_vegleges-png.jpg 600w\" sizes=\"auto, (max-width: 547px) 100vw, 547px\" \/><\/p>\n<p>Egy \u00e1tlagos feln\u0151tt sz\u00e1m\u00e1ra a napi 200 mg (azaz k\u00f6r\u00fclbel\u00fcl 3 mg\/testt\u00f6meg kilogramm) koffein fogyaszt\u00e1sa m\u00e9g eg\u00e9szen biztosan nem j\u00e1r semmif\u00e9le eg\u00e9szs\u00e9g\u00fcgyi kock\u00e1zattal. Ez a mennyis\u00e9g nagyj\u00e1b\u00f3l 1\u20132 cs\u00e9sze k\u00e1v\u00e9nak felel meg. A gyermekek \u00e9s serd\u00fcl\u0151k eset\u00e9ben ez a mennyis\u00e9g egy-egy alkalommal fogyasztva szint\u00e9n nem \u00e1rtalmas, de \u2013 m\u00e1s eg\u00e9szs\u00e9g\u00fcgyi kock\u00e1zatok miatt (pl. magasabb v\u00e9rnyom\u00e1s\u00e9rt\u00e9kek, magasabb pulzussz\u00e1m, fokozott anyagcsere, egyes term\u00e9kek magas hozz\u00e1adott cukortartalma \u00e9s \u00f6nmag\u00e1ban az addikci\u00f3) \u2013 sz\u00e1mukra egy\u00e1ltal\u00e1n nem aj\u00e1nlott ezen term\u00e9kek fogyaszt\u00e1sa.<\/p>\n<div class=\"keretes w-100\">\n<p>A napi koffeinfogyaszt\u00e1s <strong>fels\u0151 hat\u00e1r\u00e9rt\u00e9ke 400 mg\/nap<\/strong>, ezt a mennyis\u00e9get semmilyen form\u00e1ban nem aj\u00e1nlott t\u00fall\u00e9pni. Term\u00e9szetesen vannak olyan helyzetek, amikor m\u00e9g ez a mennyis\u00e9g sem aj\u00e1nlott.<\/p>\n<\/div>\n<p>Egy cs\u00e9sze feketek\u00e1v\u00e9ban nagyj\u00e1b\u00f3l 80\u2013100 mg koffein van. Term\u00e9szetesen a hozz\u00e1adott egy\u00e9b \u00edzes\u00edt\u0151 (m\u00e9z, cukor, \u00e9des\u00edt\u0151szer, tej) hat\u00e1s\u00e1ra a t\u00e1p\u00e9rt\u00e9ke is n\u00f6vekszik, de ezek nem befoly\u00e1solj\u00e1k a bevitt koffein mennyis\u00e9g\u00e9t. <strong>Figyelj\u00fcnk oda a fogyaszt\u00e1s m\u00e9rt\u00e9k\u00e9re, lehet\u0151s\u00e9g szerint napi 3\u20135 cs\u00e9sze k\u00e1v\u00e9n\u00e1l t\u00f6bbet ne igyunk, illetve 400 mg-ot meghalad\u00f3 egy\u00e9b koffeintartalm\u00fa \u00e9telt vagy italt se fogyasszunk.<\/strong><\/p>\n<h5><span style=\"color: #000080\">V\u00e1rand\u00f3san is k\u00e1v\u00e9zhatok? <\/span><\/h5>\n<p>A k\u00e1v\u00e9 v\u00e1rand\u00f3ss\u00e1g alatt sincs tilt\u00f3list\u00e1n, b\u00e1r nem is aj\u00e1nlott a fogyaszt\u00e1sa. Ha mindenk\u00e9pp fogyasztan\u00e1nk, akkor figyelj\u00fcnk oda a mennyis\u00e9g\u00e9re: legfeljebb <strong>napi 200 mg koffeint vihet\u00fcnk be<\/strong> a szervezetbe (ez kb. k\u00e9t cs\u00e9sze k\u00e1v\u00e9nak felel meg). Ez az\u00e9rt is fontos, mert a koffein a placent\u00e1n kereszt\u00fcl beker\u00fcl a magzat v\u00e9rkering\u00e9s\u00e9be is, az \u0151 anyagcser\u00e9je pedig sokkal lassabban tudja lebontani azt, ez\u00e9rt az \u0151 szervezet\u00e9re is olyan hat\u00e1ssal van, mint az any\u00e1\u00e9ra: hozz\u00e1szokik a koffeinhez, ak\u00e1r f\u00fcgg\u0151v\u00e9 is v\u00e1lhat a magas beviteli ar\u00e1ny eset\u00e9n. Ez eg\u00e9szen a sz\u00fclet\u00e9s\u00e9ig nem okoz gondot, de sz\u00fclet\u00e9s ut\u00e1n, amikor megszakad a k\u00f6zvetlen testi k\u00f6tel\u00e9ke az \u00e9desanyj\u00e1val, ez az \u00e1llapot probl\u00e9m\u00e1ss\u00e1 v\u00e1lhat. A csecsem\u0151 ebben az esetben ak\u00e1r ingerl\u00e9keny lehet. Ha v\u00e1laszthatunk, a v\u00e1rand\u00f3ss\u00e1g \u00e9s a szoptat\u00e1s ideje alatt m\u00e9rs\u00e9kelj\u00fck vagy ak\u00e1r teljesen sz\u00fcntess\u00fck meg a k\u00e1v\u00e9fogyaszt\u00e1st. Nem csak a k\u00e1v\u00e9, de a tea \u00e9s a csokol\u00e1d\u00e9 is koffeinfogyaszt\u00e1snak sz\u00e1m\u00edt, ezeket is be kell kalkul\u00e1lni a napi mennyis\u00e9gbe. Ami pedig tal\u00e1n m\u00e9g enn\u00e9l is fontosabb, hogy v\u00e1rand\u00f3ss\u00e1g \u00e9s szoptat\u00e1s id\u0151szaka alatt ker\u00fclj\u00fck el messzir\u0151l az energiaitalt.<\/p>\n<h5><span style=\"color: #000080\">Matcha tea: csodaszer vagy \u00e1tver\u00e9s?<\/span><\/h5>\n<p><img loading=\"lazy\" decoding=\"async\" class=\" wp-image-52823 alignright\" src=\"https:\/\/semmelweis.hu\/egeszsegfejlesztes\/files\/2025\/04\/koffein-cikk-2-343x400.jpg\" alt=\"\" width=\"397\" height=\"463\" srcset=\"https:\/\/semmelweis.hu\/egeszsegfejlesztes\/files\/2025\/04\/koffein-cikk-2-343x400.jpg 343w, https:\/\/semmelweis.hu\/egeszsegfejlesztes\/files\/2025\/04\/koffein-cikk-2.jpg 600w\" sizes=\"auto, (max-width: 397px) 100vw, 397px\" \/>A matcha tea eleinte szimpla teak\u00e9nt vagy matcha lattek\u00e9nt v\u00e1lt ismertt\u00e9, szinte berobbant n\u00e9pszer\u0171s\u00e9g\u00e9vel, ugyanis sz\u00e1mos pozit\u00edv eg\u00e9szs\u00e9gre gyakorolt hat\u00e1st tulajdon\u00edtottak neki, mondhatni, hogy az eg\u00e9szs\u00e9ges \u00e9let alappill\u00e9rek\u00e9nt tekintettek r\u00e1. Ennek hat\u00e1s\u00e1ra m\u00e1ra m\u00e1r turmixokban \u00e9s k\u00fcl\u00f6nf\u00e9le desszertekben is haszn\u00e1lj\u00e1k plusz adal\u00e9kk\u00e9nt. De vajon t\u00e9nyleg csodaszer?<\/p>\n<p>A matcha tea egyfajta z\u00f6ld tea, elk\u00e9sz\u00edt\u00e9se sor\u00e1n azonban nem a tealeveleket forr\u00e1zz\u00e1k le, mint a hagyom\u00e1nyos z\u00f6ld tea eset\u00e9ben, hanem por\u00edtj\u00e1k azokat, majd forr\u00f3 v\u00edzzel \u00f6ntik fel, \u00edgy mag\u00e1t a levelet nem t\u00e1vol\u00edtj\u00e1k el ut\u00f3lag sem a folyad\u00e9kb\u00f3l. Tekintve, hogy a tealeveleket is elfogyasztjuk, a kever\u00e9knek magasabb lesz a t\u00e1panyag- \u00e9s antioxid\u00e1nstartalma, relat\u00edve magas koffeintartalma miatt pedig ak\u00e1r a k\u00e1v\u00e9 is kiv\u00e1lthat\u00f3 vele. Hab\u00e1r a fent eml\u00edtett t\u00e9nyek miatt a matcha te\u00e1nak val\u00f3ban vannak el\u0151ny\u00f6s hat\u00e1sai, csak az\u00e9rt, mert egy \u00e9lelmiszer match\u00e1t tartalmaz, m\u00e9g nem lesz egyb\u0151l eg\u00e9szs\u00e9ges. Azt is \u00e9rdemes tudni, hogy az antioxid\u00e1nsok h\u0151\u00e9rz\u00e9kenyek, \u00edgy teak\u00e9nt alkalmazva, forr\u00f3 v\u00edzzel leforr\u00e1zva sajnos ez a hat\u00e1s is jelent\u0151sen tompul.<\/p>\n<p>Nem bizony\u00edtott, hogy \u00f6nmag\u00e1ban a matcha port tartalmaz\u00f3 \u00e9telek \u00e9s italok r\u00e1kmegel\u0151z\u0151 hat\u00e1s\u00faak lenn\u00e9nek, \u00e9s eredm\u00e9nyes testt\u00f6megcs\u00f6kkent\u00e9st okozn\u00e1nak csak az\u00e9rt, mert fogyasztjuk. A matcha anyagcser\u00e9t fokoz\u00f3 hat\u00e1s\u00e1t sokan hajlamosak r\u00e1kmegel\u0151z\u0151 tulajdons\u00e1gnak nevezni, vagy a hat\u00e9konyabb fogy\u00e1s \u00e9rdek\u00e9ben ak\u00e1r \u00e9rvk\u00e9nt felhozni. Mint mindent, ezt az \u00e1ll\u00edt\u00e1st is \u00e9rdemes komplexen vizsg\u00e1lni.<\/p>\n<div class=\"keretes w-100\">\n<p><strong>A hat\u00e9kony testt\u00f6megcs\u00f6kkent\u00e9s \u00e9rdek\u00e9ben kiz\u00e1r\u00f3lag a hossz\u00fa t\u00e1v\u00fa, \u00e9letm\u00f3dba is be\u00e9p\u00edtett megold\u00e1sok vezethetnek c\u00e9lra, amelyekhez sosem elegend\u0151 egy csodaszer vagy egyetlen \u00e9lelmiszer fogyaszt\u00e1sa vagy nem fogyaszt\u00e1sa. Egy j\u00f3l be\u00e1ll\u00edtott \u00e9trend rendszeres testmozg\u00e1ssal, megfelel\u0151en kisz\u00e1m\u00edtott kal\u00f3riaegyens\u00faly, megfelel\u0151 mennyis\u00e9g\u0171 pihen\u00e9s \u00e9s alv\u00e1s mellett vezethet hossz\u00fa t\u00e1von eredm\u00e9nyre.<\/strong><\/p>\n<\/div>\n<h5><span style=\"color: #000080;font-size: 12pt\">Papp-Koltai Cintia<\/span><\/h5>\n<p><em><span style=\"font-size: 12pt\">Okleveles t\u00e1pl\u00e1lkoz\u00e1studom\u00e1nyi szakember<\/span><\/em><\/p>\n<p>&nbsp;<\/p>\n<p><span style=\"font-size: 12pt\"><em>Forr\u00e1sok:<\/em><\/span><\/p>\n<p><span style=\"font-size: 12pt\"><em>EFSA: Caffeine, https:\/\/www.efsa.europa.eu\/en\/topics\/topic\/caffeine<\/em><\/span><\/p>\n<p><span style=\"font-size: 12pt\"><em>MDOSZ: T\u00e1pl\u00e1lkoz\u00e1si akad\u00e9mia h\u00edrlev\u00e9l, http:\/\/mdosz.hu\/hun\/wp-content\/uploads\/2016\/03\/taplalkozasi_akademia_2015_08.pdf<\/em><\/span><\/p>\n<p><span style=\"font-size: 12pt\"><em>Health Benefits and Chemical Composition of Matcha Green Tea: A Review https:\/\/pmc.ncbi.nlm.nih.gov\/articles\/PMC7796401\/<\/em><\/span><\/p>\n<p><span style=\"font-size: 12pt\"><em>Harvard Health Publishing: Matcha: A look at possible health benefits https:\/\/www.health.harvard.edu\/staying-healthy\/matcha-a-look-at-possible-health-benefits<\/em><\/span><\/p>\n<p>&nbsp;<\/p>\n<p><span style=\"font-size: 12pt\"><em>Fot\u00f31: Esra Af\u015far: https:\/\/www.pexels.com\/hu-hu\/foto\/31360954\/<\/em><\/span><\/p>\n<p><span style=\"font-size: 12pt\"><em>Grafika: Eg\u00e9szs\u00e9gfejleszt\u00e9si K\u00f6zpont<\/em><\/span><\/p>\n<p><span style=\"font-size: 12pt\"><em>Fot\u00f32: Olena Bohovyk: https:\/\/www.pexels.com\/hu-hu\/foto\/kez-koktel-ital-pohar-25686144\/<\/em><\/span><\/p>\n","protected":false},"excerpt":{"rendered":"<p>A koffein egy a term\u00e9szetben el\u0151fordul\u00f3 k\u00e9miai vegy\u00fclet, amely \u2013 mivel a term\u00e9szetben bizonyos n\u00f6v\u00e9nyekben fordul el\u0151\u2013 a n\u00f6v\u00e9nyi eredet\u0171 \u00e9lelmiszerekkel jut be a szervezet\u00fcnkbe. Az emberis\u00e9g sz\u00e1m\u00e1ra tal\u00e1n legismertebb \u00e9s egyik legkedveltebb ilyen \u00e9lelmiszer a k\u00e1v\u00e9, azaz maga a k\u00e1v\u00e9bab, amelyet egyedi p\u00f6rk\u00f6l\u00e9s \u00e9s k\u00fcl\u00f6nf\u00e9le arom\u00e1k haszn\u00e1lat\u00e1val tesznek m\u00e9g vonz\u00f3bb\u00e1 a fogyaszt\u00f3k sz\u00e1m\u00e1ra, \u00e9s &hellip;<\/p>\n","protected":false},"author":101613,"featured_media":52822,"comment_status":"closed","ping_status":"closed","sticky":false,"template":"","format":"standard","meta":{"_acf_changed":false,"footnotes":""},"categories":[122,47,124,130],"tags":[],"class_list":["post-52818","post","type-post","status-publish","format-standard","has-post-thumbnail","hentry","category-eletmod","category-egeszsegtar","category-szakertoktol","category-taplalkozas"],"acf":[],"_links":{"self":[{"href":"https:\/\/semmelweis.hu\/egeszsegfejlesztes\/wp-json\/wp\/v2\/posts\/52818","targetHints":{"allow":["GET"]}}],"collection":[{"href":"https:\/\/semmelweis.hu\/egeszsegfejlesztes\/wp-json\/wp\/v2\/posts"}],"about":[{"href":"https:\/\/semmelweis.hu\/egeszsegfejlesztes\/wp-json\/wp\/v2\/types\/post"}],"author":[{"embeddable":true,"href":"https:\/\/semmelweis.hu\/egeszsegfejlesztes\/wp-json\/wp\/v2\/users\/101613"}],"replies":[{"embeddable":true,"href":"https:\/\/semmelweis.hu\/egeszsegfejlesztes\/wp-json\/wp\/v2\/comments?post=52818"}],"version-history":[{"count":10,"href":"https:\/\/semmelweis.hu\/egeszsegfejlesztes\/wp-json\/wp\/v2\/posts\/52818\/revisions"}],"predecessor-version":[{"id":52834,"href":"https:\/\/semmelweis.hu\/egeszsegfejlesztes\/wp-json\/wp\/v2\/posts\/52818\/revisions\/52834"}],"wp:featuredmedia":[{"embeddable":true,"href":"https:\/\/semmelweis.hu\/egeszsegfejlesztes\/wp-json\/wp\/v2\/media\/52822"}],"wp:attachment":[{"href":"https:\/\/semmelweis.hu\/egeszsegfejlesztes\/wp-json\/wp\/v2\/media?parent=52818"}],"wp:term":[{"taxonomy":"category","embeddable":true,"href":"https:\/\/semmelweis.hu\/egeszsegfejlesztes\/wp-json\/wp\/v2\/categories?post=52818"},{"taxonomy":"post_tag","embeddable":true,"href":"https:\/\/semmelweis.hu\/egeszsegfejlesztes\/wp-json\/wp\/v2\/tags?post=52818"}],"curies":[{"name":"wp","href":"https:\/\/api.w.org\/{rel}","templated":true}]}}