{"id":359,"date":"2025-01-27T16:44:17","date_gmt":"2025-01-27T15:44:17","guid":{"rendered":"https:\/\/semmelweis.hu\/digitalhealth\/?p=359"},"modified":"2025-04-01T17:11:48","modified_gmt":"2025-04-01T15:11:48","slug":"novelhetik-e-a-digitalis-eszkozok-a-paciensek-adherenciajat","status":"publish","type":"post","link":"https:\/\/semmelweis.hu\/digitalhealth\/2025\/01\/27\/novelhetik-e-a-digitalis-eszkozok-a-paciensek-adherenciajat\/","title":{"rendered":"N\u00f6velhetik-e a digit\u00e1lis eszk\u00f6z\u00f6k a p\u00e1ciensek adherenci\u00e1j\u00e1t?"},"content":{"rendered":"<p>Orvoskutat\u00e1sunk elemz\u00e9s\u00e9ben k\u00fcl\u00f6n figyelmet ford\u00edtottunk a fiatal (35 \u00e9v alatti) orvosgener\u00e1ci\u00f3ra. Kulcsk\u00e9rd\u00e9s, ugyanis az hogy a fiatal orvosok hogyan viszonyulnak a digit\u00e1lis technol\u00f3gi\u00e1khoz, milyen el\u0151ny\u00f6ket \u00e9s h\u00e1tr\u00e1nyokat l\u00e1tnak ezekben a lehet\u0151s\u00e9gekben, \u00e9s mik\u00e9nt szeretn\u00e9k be\u00e9p\u00edteni azokat mindennapi orvosi gyakorlatukba.<\/p>\n<p>Elemz\u00e9s\u00fcnk meger\u0151s\u00edtette azt a hipot\u00e9zist, hogy a fiatalabb gener\u00e1ci\u00f3k nagyobb j\u00e1rtass\u00e1got mutatnak a digit\u00e1lis megold\u00e1sok ter\u00e9n. K\u00fcl\u00f6n\u00f6sen igaz ez a 35 \u00e9v alatti orvosokra, akik jelent\u0151sen magasabb szint\u0171 ismerettel rendelkeznek a digit\u00e1lis technol\u00f3gi\u00e1k alkalmaz\u00e1s\u00e1ban, \u00e9s nagyobb \u00e9rdekl\u0151d\u00e9st mutatnak azok j\u00f6v\u0151beli felhaszn\u00e1l\u00e1sa ir\u00e1nt. A t\u00f6bbf\u00e9le technol\u00f3gia ir\u00e1nti j\u00e1rtass\u00e1g \u00f6sszef\u00fcgg\u00f6tt a digit\u00e1lis megold\u00e1sok el\u0151nyeinek \u00e9s h\u00e1tr\u00e1nyainak alaposabb meg\u00e9rt\u00e9s\u00e9vel, ami re\u00e1lisabb \u00e9rt\u00e9kel\u00e9st tett lehet\u0151v\u00e9 a tov\u00e1bbi fejleszt\u00e9si ignyek tekintet\u00e9ben.<\/p>\n<p>Fontos tov\u00e1bb\u00e1, hogy a fiatal orvosok az id\u0151sebb koll\u00e9g\u00e1ikhoz k\u00e9pest gyakrab-<\/p>\n<p>ban emelt\u00e9k ki a digit\u00e1lis eg\u00e9szs\u00e9g\u00fcgyi megold\u00e1sok legnagyobb el\u0151nyeik\u00e9nt<\/p>\n<p>a betegek jobb ter\u00e1pi\u00e1s egy\u00fcttm\u0171k\u00f6d\u00e9s\u00e9t, az adherencia n\u00f6vel\u00e9s\u00e9nek lehet\u0151-<\/p>\n<p>s\u00e9g\u00e9t, a gy\u00f3gyul\u00e1si folyamatba val\u00f3 fokozottabb bevon\u00e1st \u00e9s az er\u0151sebb or &#8211;<\/p>\n<p>vos-beteg egy\u00fcttm\u0171k\u00f6d\u00e9st. T\u00f6bbv\u00e1ltoz\u00f3s elemz\u00e9s\u00fcnk egy\u00e9rtelm\u0171 kapcsolatot<\/p>\n<p>mutatott ki a fiatal orvosok a digit\u00e1lis technol\u00f3gi\u00e1k egyik legnagyobb el\u0151ny\u00e9nek<\/p>\n<p>a betegek jobb bevonhat\u00f3s\u00e1g\u00e1t tartj\u00e1k a kezel\u00e9s folyamat\u00e1ba.<\/p>\n<p>A teljes cikk itt olvashat\u00f3:<\/p>\n<p><a href=\"https:\/\/www.frontiersin.org\/journals\/digital-health\/articles\/10.3389\/fdgth.2024.1464642\/full\">https:\/\/www.frontiersin.org\/journals\/digital-health\/articles\/10.3389\/fdgth.2024.1464642\/full<\/a><\/p>\n","protected":false},"excerpt":{"rendered":"<p>Orvoskutat\u00e1sunk elemz\u00e9s\u00e9ben k\u00fcl\u00f6n figyelmet ford\u00edtottunk a fiatal (35 \u00e9v alatti) orvosgener\u00e1ci\u00f3ra. Kulcsk\u00e9rd\u00e9s, ugyanis az hogy a fiatal orvosok hogyan viszonyulnak a digit\u00e1lis technol\u00f3gi\u00e1khoz, milyen el\u0151ny\u00f6ket \u00e9s h\u00e1tr\u00e1nyokat l\u00e1tnak ezekben a lehet\u0151s\u00e9gekben, \u00e9s mik\u00e9nt szeretn\u00e9k be\u00e9p\u00edteni azokat mindennapi orvosi gyakorlatukba. Elemz\u00e9s\u00fcnk meger\u0151s\u00edtette azt a hipot\u00e9zist, hogy a fiatalabb gener\u00e1ci\u00f3k nagyobb j\u00e1rtass\u00e1got mutatnak a digit\u00e1lis megold\u00e1sok ter\u00e9n. &hellip;<\/p>\n","protected":false},"author":101861,"featured_media":360,"comment_status":"closed","ping_status":"closed","sticky":false,"template":"","format":"standard","meta":{"_acf_changed":false,"footnotes":""},"categories":[1],"tags":[],"class_list":["post-359","post","type-post","status-publish","format-standard","has-post-thumbnail","hentry","category-hirek"],"acf":[],"_links":{"self":[{"href":"https:\/\/semmelweis.hu\/digitalhealth\/wp-json\/wp\/v2\/posts\/359","targetHints":{"allow":["GET"]}}],"collection":[{"href":"https:\/\/semmelweis.hu\/digitalhealth\/wp-json\/wp\/v2\/posts"}],"about":[{"href":"https:\/\/semmelweis.hu\/digitalhealth\/wp-json\/wp\/v2\/types\/post"}],"author":[{"embeddable":true,"href":"https:\/\/semmelweis.hu\/digitalhealth\/wp-json\/wp\/v2\/users\/101861"}],"replies":[{"embeddable":true,"href":"https:\/\/semmelweis.hu\/digitalhealth\/wp-json\/wp\/v2\/comments?post=359"}],"version-history":[{"count":1,"href":"https:\/\/semmelweis.hu\/digitalhealth\/wp-json\/wp\/v2\/posts\/359\/revisions"}],"predecessor-version":[{"id":361,"href":"https:\/\/semmelweis.hu\/digitalhealth\/wp-json\/wp\/v2\/posts\/359\/revisions\/361"}],"wp:featuredmedia":[{"embeddable":true,"href":"https:\/\/semmelweis.hu\/digitalhealth\/wp-json\/wp\/v2\/media\/360"}],"wp:attachment":[{"href":"https:\/\/semmelweis.hu\/digitalhealth\/wp-json\/wp\/v2\/media?parent=359"}],"wp:term":[{"taxonomy":"category","embeddable":true,"href":"https:\/\/semmelweis.hu\/digitalhealth\/wp-json\/wp\/v2\/categories?post=359"},{"taxonomy":"post_tag","embeddable":true,"href":"https:\/\/semmelweis.hu\/digitalhealth\/wp-json\/wp\/v2\/tags?post=359"}],"curies":[{"name":"wp","href":"https:\/\/api.w.org\/{rel}","templated":true}]}}