{"id":5840,"date":"2020-03-05T16:17:06","date_gmt":"2020-03-05T15:17:06","guid":{"rendered":"http:\/\/semmelweis.hu\/nki\/?p=5840"},"modified":"2020-03-12T10:23:35","modified_gmt":"2020-03-12T09:23:35","slug":"coronavirus-entscheidung-ueber-verschiebung-von-zwei-grossveranstaltungen-an-der-semmelweis-universitaet","status":"publish","type":"post","link":"https:\/\/semmelweis.hu\/deutsch\/2020\/03\/05\/coronavirus-entscheidung-ueber-verschiebung-von-zwei-grossveranstaltungen-an-der-semmelweis-universitaet\/","title":{"rendered":"Coronavirus: Entscheidung \u00fcber Verschiebung von zwei Gro\u00dfveranstaltungen an der Semmelweis Universit\u00e4t"},"content":{"rendered":"<p style=\"text-align: justify\">Die f\u00fcr den 9.-10. M\u00e4rz 2020 angek\u00fcndigte Semmelweis 250 Klinische Konferenz wurde aufgrund Entscheidung der Semmelweis Universit\u00e4t zu einem sp\u00e4teren Zeitpunkt verschoben. Mehrere wichtige internationale Teilnehmer mussten ja \u2013 wegen den in verschiedenen L\u00e4ndern eingef\u00fchrten Einschr\u00e4nkungen bez\u00fcglich Coronavirus-Situation \u2013 auf ihre Reise verzichten. Weiterhin wurden gestern <a href=\"https:\/\/semmelweis.hu\/nki\/de\/2020\/03\/mitteilung-der-semmelweis-universitaet-ueber-das-neue-coronavirus\/\">die ersten zwei F\u00e4llen der Virusinfektion in Ungarn angek\u00fcndigt,<\/a> bei einer Person, bei dem die Infektion nachgewiesen wurde, geht es um einen Studenten der Semmelweis Universit\u00e4t. Das zweit\u00e4gige Programm, das zur Jubil\u00e4ums-Veranstaltungsreihe der Universit\u00e4t geh\u00f6rt, wird an einem sp\u00e4teren Zeitpunkt veranstaltet.<\/p>\n<p style=\"text-align: justify\">Das f\u00fcr den 07. M\u00e4rz organisierte Programm, die Semmelweis Gesundheitstage, die eine pr\u00e4ventive Veranstaltung f\u00fcr die Bev\u00f6lkerung sein soll, findet auch in einem sp\u00e4teren Zeitpunkt, im Laufe von Mai statt. \u00dcber die Verschiebung der Veranstaltung sowie \u00fcber den neuen Zeitpunkt werden alle, die sich auf dieses Programm vorher registrierten, benachrichtigt.<\/p>\n<p style=\"text-align: justify\">In den Kliniken der Semmelweis Universit\u00e4t l\u00e4uft die Patientenversorgung ungest\u00f6rt weiter, die geplanten Aufnahmen, Untersuchungen werden durchgef\u00fchrt.<\/p>\n","protected":false},"excerpt":{"rendered":"<p>Die f\u00fcr den 9.-10. M\u00e4rz 2020 angek\u00fcndigte Semmelweis 250 Klinische Konferenz wurde aufgrund Entscheidung der Semmelweis Universit\u00e4t zu einem sp\u00e4teren Zeitpunkt verschoben. Mehrere wichtige internationale Teilnehmer mussten ja \u2013 wegen den in verschiedenen L\u00e4ndern eingef\u00fchrten Einschr\u00e4nkungen bez\u00fcglich Coronavirus-Situation \u2013 auf ihre Reise verzichten. Weiterhin wurden gestern <a href=\"https:\/\/semmelweis.hu\/nki\/de\/2020\/03\/mitteilung-der-semmelweis-universitaet-ueber-das-neue-coronavirus\/\">die ersten zwei F\u00e4llen der Virusinfektion in Ungarn angek\u00fcndigt,<\/a> bei einer Person, bei dem die Infektion nachgewiesen wurde, &hellip;<\/p>\n","protected":false},"author":12,"featured_media":0,"comment_status":"closed","ping_status":"closed","sticky":false,"template":"","format":"standard","meta":{"_acf_changed":false,"footnotes":""},"categories":[30],"tags":[53],"class_list":["post-5840","post","type-post","status-publish","format-standard","hentry","category-studium-aktuell","tag-coronavirus"],"acf":[],"_links":{"self":[{"href":"https:\/\/semmelweis.hu\/deutsch\/wp-json\/wp\/v2\/posts\/5840","targetHints":{"allow":["GET"]}}],"collection":[{"href":"https:\/\/semmelweis.hu\/deutsch\/wp-json\/wp\/v2\/posts"}],"about":[{"href":"https:\/\/semmelweis.hu\/deutsch\/wp-json\/wp\/v2\/types\/post"}],"author":[{"embeddable":true,"href":"https:\/\/semmelweis.hu\/deutsch\/wp-json\/wp\/v2\/users\/12"}],"replies":[{"embeddable":true,"href":"https:\/\/semmelweis.hu\/deutsch\/wp-json\/wp\/v2\/comments?post=5840"}],"version-history":[{"count":1,"href":"https:\/\/semmelweis.hu\/deutsch\/wp-json\/wp\/v2\/posts\/5840\/revisions"}],"predecessor-version":[{"id":5875,"href":"https:\/\/semmelweis.hu\/deutsch\/wp-json\/wp\/v2\/posts\/5840\/revisions\/5875"}],"wp:attachment":[{"href":"https:\/\/semmelweis.hu\/deutsch\/wp-json\/wp\/v2\/media?parent=5840"}],"wp:term":[{"taxonomy":"category","embeddable":true,"href":"https:\/\/semmelweis.hu\/deutsch\/wp-json\/wp\/v2\/categories?post=5840"},{"taxonomy":"post_tag","embeddable":true,"href":"https:\/\/semmelweis.hu\/deutsch\/wp-json\/wp\/v2\/tags?post=5840"}],"curies":[{"name":"wp","href":"https:\/\/api.w.org\/{rel}","templated":true}]}}