{"id":40695,"date":"2026-09-02T09:36:00","date_gmt":"2026-09-02T07:36:00","guid":{"rendered":"https:\/\/semmelweis.hu\/deutsch\/?p=40695"},"modified":"2026-09-02T09:36:00","modified_gmt":"2026-09-02T07:36:00","slug":"wissenschaft-studentenleben-und-nachhaltigkeit-das-waren-die-themensaeulen-der-8-internationalen-sommeruniversitaet","status":"publish","type":"post","link":"https:\/\/semmelweis.hu\/deutsch\/2026\/09\/02\/wissenschaft-studentenleben-und-nachhaltigkeit-das-waren-die-themensaeulen-der-8-internationalen-sommeruniversitaet\/","title":{"rendered":"Wissenschaft, Studentenleben und Nachhaltigkeit: Das waren die Themens\u00e4ulen der 8. Internationalen Sommeruniversit\u00e4t"},"content":{"rendered":"<div class=\"lead\">Zum achten Mal in Folge bot die Semmelweis Universit\u00e4t ihren Studierenden vom 26. bis 28. August im Block am Nagyv\u00e1rad Platz (NET) eine Vortragsreihe im Sp\u00e4tsommer an. Mit einer durchschnittlichen t\u00e4glichen Besucherzahl von 700 Personen diente die dreit\u00e4gige Veranstaltung als Orientierungswoche f\u00fcr Studienanf\u00e4nger:innen und spiegelte das Interesse der Studierendenschaft an Themen wider, die von Wissenschaft \u00fcber lokale Kultur bis hin zu Nachhaltigkeit reichten.<\/div>\n<p><a href=\"https:\/\/semmelweis.hu\/deutsch\/files\/2026\/09\/RS242245_0E1A9711_scl.jpg\"><img loading=\"lazy\" decoding=\"async\" class=\"aligncenter size-full wp-image-40698\" src=\"https:\/\/semmelweis.hu\/deutsch\/files\/2026\/09\/RS242245_0E1A9711_scl.jpg\" alt=\"\" width=\"1200\" height=\"800\" srcset=\"https:\/\/semmelweis.hu\/deutsch\/files\/2026\/09\/RS242245_0E1A9711_scl.jpg 1200w, https:\/\/semmelweis.hu\/deutsch\/files\/2026\/09\/RS242245_0E1A9711_scl-400x267.jpg 400w, https:\/\/semmelweis.hu\/deutsch\/files\/2026\/09\/RS242245_0E1A9711_scl-1024x683.jpg 1024w, https:\/\/semmelweis.hu\/deutsch\/files\/2026\/09\/RS242245_0E1A9711_scl-768x512.jpg 768w, https:\/\/semmelweis.hu\/deutsch\/files\/2026\/09\/RS242245_0E1A9711_scl-753x502.jpg 753w, https:\/\/semmelweis.hu\/deutsch\/files\/2026\/09\/RS242245_0E1A9711_scl-203x135.jpg 203w\" sizes=\"auto, (max-width: 1200px) 100vw, 1200px\" \/><\/a><\/p>\n<p>Dr. Al\u00e1n Alp\u00e1r, Vizerektor f\u00fcr Internationales Studium, er\u00f6ffnete die Veranstaltungsreihe. Er erinnerte daran, dass das Konzept der Semmelweis Sommeruniversit\u00e4t vor acht Jahren ins Leben gerufen wurde, um das 250-j\u00e4hrige Jubil\u00e4um der Institution mit au\u00dfercurricularen Vortr\u00e4gen zu feiern. Er wies darauf hin, dass die Rednerliste jedes Jahr entsprechend der Nachfrage der Studierenden zusammengestellt wird. W\u00e4hrend Studierende der ungarischsprachigen Studieng\u00e4nge in der Regel mehr Interesse an Themen rund um gesellschaftliche Belange und Unterhaltung zeigen, bevorzugen diejenigen der englisch- und deutschsprachigen Studieng\u00e4nge eher akademische Themen. Der Vizerektor erw\u00e4hnte au\u00dferdem, dass Vorlesungen zu \u201eHardcore-Wissenschaften\u201c durch eine Einf\u00fchrung in nicht-akademische Tools und F\u00e4higkeiten erg\u00e4nzt w\u00fcrden, um Erstsemester:innen beim Studium zu helfen. Er betonte, dass dies das erste akademische Jahr sei, in dem k\u00fcnstliche Intelligenz (KI) als Pflichtfach in die Curricula aufgenommen wurde.<\/p>\n<p>Die Vortragsreihe wurde mit einer Pr\u00e4sentation \u00fcber das Anatomie- und Innovationszentrum f\u00fcr Bildung und Forschung (NOIKK), eine neue universit\u00e4re Einrichtung f\u00fcr die chirurgische Ausbildung, er\u00f6ffnet (Dr. Al\u00e1n Alp\u00e1r). Die Vortr\u00e4ge befassten sich mit dem Zusammenhang zwischen Mundgesundheit und systemischen Erkrankungen (Dr. \u00c1kos Zsembery), KI in der zahn\u00e4rztlichen Radiologie (Dr. Bence Szab\u00f3), robotergest\u00fctzter p\u00e4diatrischer Neurorehabilitation (Dr. M\u00e1rk \u00c1goston Pulay), der Pr\u00e4vention von Nahrungsmittelallergien und der Immuntherapie (Dr. Lajos Attila R\u00e9thy) sowie pharmakokinetischen Modellen (Dr. Gy\u00f6rgy Tibor Balogh).<\/p>\n<p><a href=\"https:\/\/semmelweis.hu\/deutsch\/files\/2026\/09\/RS242208_0E1A0033_scl-753x502-1.jpg\"><img loading=\"lazy\" decoding=\"async\" class=\"alignright size-medium wp-image-40696\" src=\"https:\/\/semmelweis.hu\/deutsch\/files\/2026\/09\/RS242208_0E1A0033_scl-753x502-1-400x267.jpg\" alt=\"\" width=\"400\" height=\"267\" srcset=\"https:\/\/semmelweis.hu\/deutsch\/files\/2026\/09\/RS242208_0E1A0033_scl-753x502-1-400x267.jpg 400w, https:\/\/semmelweis.hu\/deutsch\/files\/2026\/09\/RS242208_0E1A0033_scl-753x502-1-203x135.jpg 203w, https:\/\/semmelweis.hu\/deutsch\/files\/2026\/09\/RS242208_0E1A0033_scl-753x502-1.jpg 753w\" sizes=\"auto, (max-width: 400px) 100vw, 400px\" \/><\/a>Am Nachmittag des ersten Tages der Internationalen Sommeruniversit\u00e4t fand eine Podiumsdiskussion unter dem Vorsitz von Dr. Al\u00e1n Alp\u00e1r statt, an der erfahrene Studierende der Semmelweis Universit\u00e4t teilnahmen: Zahra Zulqarnain, Referentin f\u00fcr Studentische Angelegenheiten im Fachbereich Medizin bei der International Semmelweis Student Association (ISSA), der internationalen Studentenvertretung der Universit\u00e4t; Raphael Feurstein, ehemaliger Pr\u00e4sident der Deutschsprachigen Studentenvertretung Semmelweis (DSVS); Milad Yeganegi, Leiter des Events-Teams bei der DSVS; Mohammed Omar Wasim, der seit einem Studienjahr als Studentenvertreter bei der ISSA t\u00e4tig ist; sowie Mediya Mohammadian, Vertreterin der Zahnmedizinstudierenden im zweiten Studienjahr bei der ISSA. Im Mittelpunkt der Diskussion standen zentrale Themen wie Herausforderungen, was Studierenden hilft, sich an der Universit\u00e4t einzuleben, das Leben in Budapest, kulturelle Unterschiede, M\u00f6glichkeiten w\u00e4hrend des Studiums an der Semmelweis Universit\u00e4t sowie die Frage, wie man ein Gleichgewicht zwischen Studium und Sozialleben findet.<\/p>\n<p>Die Teilnehmenden betonten, dass die Eingew\u00f6hnung durch die Hilfe von Studentenorganisationen, erfahrenen Studierenden und den Unterst\u00fctzungsangeboten der Universit\u00e4t erleichtert werde. Sie hoben zudem den praxisorientierten Charakter der Ausbildung und die Herausforderungen bei der Anpassung an m\u00fcndliche Pr\u00fcfungen hervor; den Neuank\u00f6mmlingen rieten sie, bereits zu Beginn des Semesters mit dem Lernen zu beginnen und bei Bedarf um Hilfe zu bitten. Budapest wurde als bunte, lebendige und einladende Stadt beschrieben, die zahlreiche kulturelle und gesellschaftliche M\u00f6glichkeiten bietet. Die Studierenden sprachen auch \u00fcber die internationale Gemeinschaft an der Semmelweis Universit\u00e4t, in der Menschen mit unterschiedlichem kulturellem Hintergrund voneinander lernen und Freundschaften schlie\u00dfen k\u00f6nnen. Forschungsm\u00f6glichkeiten, die fr\u00fchzeitige Einbindung in wissenschaftliche Arbeit und vielf\u00e4ltige berufliche Perspektiven wurden als einige der Vorteile eines Studiums an der Universit\u00e4t genannt. Gleichzeitig betonte das Podium, wie wichtig es ist, durch Sport, Hobbys, Freunde und Zeit im Freien ein gesundes Gleichgewicht zu wahren.<\/p>\n<p><a href=\"https:\/\/semmelweis.hu\/deutsch\/files\/2026\/09\/RS242218_0E1A0220_scl-753x502-1.jpg\"><img loading=\"lazy\" decoding=\"async\" class=\"alignleft size-medium wp-image-40697\" src=\"https:\/\/semmelweis.hu\/deutsch\/files\/2026\/09\/RS242218_0E1A0220_scl-753x502-1-400x267.jpg\" alt=\"\" width=\"400\" height=\"267\" srcset=\"https:\/\/semmelweis.hu\/deutsch\/files\/2026\/09\/RS242218_0E1A0220_scl-753x502-1-400x267.jpg 400w, https:\/\/semmelweis.hu\/deutsch\/files\/2026\/09\/RS242218_0E1A0220_scl-753x502-1-203x135.jpg 203w, https:\/\/semmelweis.hu\/deutsch\/files\/2026\/09\/RS242218_0E1A0220_scl-753x502-1.jpg 753w\" sizes=\"auto, (max-width: 400px) 100vw, 400px\" \/><\/a>Im Anschluss folgte eine Podiumsdiskussion \u00fcber Herausforderungen und M\u00f6glichkeiten an der Semmelweis Universit\u00e4t, die von Dr. P\u00e9ter Nyir\u00e1dy, Dekan der Fakult\u00e4t f\u00fcr Medizin (\u00c1OK), moderiert wurde. Die drei Diskutanten waren Dr. Attila M\u00f3csai, Prodekan f\u00fcr Wissenschaft an der \u00c1OK und Direktor des Instituts f\u00fcr Physiologie; Dr. Gy\u00f6rgy Purebl, Prodekan f\u00fcr Bildung an der \u00c1OK und Direktor des Instituts f\u00fcr Verhaltenswissenschaften; sowie Dr. Veronika M\u00fcller, Prodekanin der \u00c1OK und Direktorin der Klinik f\u00fcr Pulmologie. Dr. P\u00e9ter Nyir\u00e1dy hie\u00df die neuen Studierenden willkommen und ermutigte sie, auf ihrem Weg zu sachkundigen, kompetenten und mitf\u00fchlenden \u00c4rzt:innen flei\u00dfig zu sein: \u201eWann immer Sie etwas lernen, vergessen Sie niemals: Ihr Ziel ist es, hervorragende \u00c4rzt:innen zu werden.\u201c Er legte den Erstsemester:innen au\u00dferdem nahe, sich den Studentenvereinigungen und Sportmannschaften der Semmelweis Universit\u00e4t anzuschlie\u00dfen.<\/p>\n<p>Dr. Attila M\u00f3csai stellte die Physiologie als die Wissenschaft von der Funktionsweise des menschlichen K\u00f6rpers vor. Er skizzierte, wie die theoretischen Studienjahre auf F\u00e4chern wie Anatomie, Biophysik, Biochemie und Zellbiologie aufbauen und so die Grundlagen f\u00fcr das Verst\u00e4ndnis von Krankheitsprozessen und sp\u00e4teren klinischen Studien liefern, w\u00e4hrend die Studierenden bereits an klinische Beispiele herangef\u00fchrt werden. Dr. Gy\u00f6rgy Purebl hob hervor, dass die medizinische Ausbildung nicht nur Wissen, sondern auch wesentliche praktische F\u00e4higkeiten vermittelt: professionelle Beobachtungsgabe, Kommunikation, manuelle Fertigkeiten und die F\u00e4higkeit, verl\u00e4ssliche Informationen zu identifizieren. Er sprach auch dar\u00fcber, wie die Mentoring- und Unterst\u00fctzungsangebote der Universit\u00e4t, die studentischen Organisationen und die Sportm\u00f6glichkeiten allen helfen, sich einzuleben und ihr Wohlbefinden zu erhalten. Dr. Veronika M\u00fcller gab einen \u00dcberblick \u00fcber die klinische Ausbildung in den sp\u00e4teren Studienjahren, die Rotationen, Unterricht am Krankenbett und das Ein\u00fcben praktischer Fertigkeiten kombiniert. Sie riet den Studierenden, fr\u00fchzeitig klinische und forschungsbezogene Erfahrungen zu sammeln und die wissenschaftlichen, sportlichen und k\u00fcnstlerischen Angebote der Universit\u00e4t zu erkunden. \u201eBitte scheuen Sie sich niemals, auch im klinischen Bereich auf uns zuzukommen. Wir beziehen sehr, sehr gerne auch j\u00fcngere Studierende in die klinische Forschung ein\u201c, f\u00fcgte sie abschlie\u00dfend hinzu.<\/p>\n<p><a href=\"https:\/\/semmelweis.hu\/deutsch\/files\/2026\/09\/RS242351_GV5A4234_scl.jpg\"><img loading=\"lazy\" decoding=\"async\" class=\"aligncenter size-full wp-image-40699\" src=\"https:\/\/semmelweis.hu\/deutsch\/files\/2026\/09\/RS242351_GV5A4234_scl.jpg\" alt=\"\" width=\"1200\" height=\"800\" srcset=\"https:\/\/semmelweis.hu\/deutsch\/files\/2026\/09\/RS242351_GV5A4234_scl.jpg 1200w, https:\/\/semmelweis.hu\/deutsch\/files\/2026\/09\/RS242351_GV5A4234_scl-400x267.jpg 400w, https:\/\/semmelweis.hu\/deutsch\/files\/2026\/09\/RS242351_GV5A4234_scl-1024x683.jpg 1024w, https:\/\/semmelweis.hu\/deutsch\/files\/2026\/09\/RS242351_GV5A4234_scl-768x512.jpg 768w, https:\/\/semmelweis.hu\/deutsch\/files\/2026\/09\/RS242351_GV5A4234_scl-753x502.jpg 753w, https:\/\/semmelweis.hu\/deutsch\/files\/2026\/09\/RS242351_GV5A4234_scl-203x135.jpg 203w\" sizes=\"auto, (max-width: 1200px) 100vw, 1200px\" \/><\/a><\/p>\n<p>Tag 2 begann mit einem Energizer am Morgen (Fanni R\u00e1cz), anschlie\u00dfend sprachen die Weltrekordhalter im Freitauchen, Zs\u00f3fia T\u00f6r\u0151csik und Petar Klovar, \u00fcber Atemkontrolle und mentale Ausdauer, w\u00e4hrend der zweifache Guinness-Weltrekordhalter G\u00e1bor Rakonczay von seiner Ozeanrudertour und der Erreichung des S\u00fcdpols berichtete. Eine Veranstaltung zum Thema \u201eUngarisch f\u00fcr das Gesundheitswesen\u201c (Dr. \u00c9va Toronyi, Szandra Borda), ein Vortrag zur psychischen Gesundheit (Dr. Gy\u00f6rgy Purebl), eine Veranstaltung \u00fcber KI als Lerninstrument (Dr. L\u00e1szl\u00f3 Torn\u00f3ci), ein interaktiver Workshop zu Gesundheitsentscheidungen (Semmelweis Health Promotion Center, das Gesundheitsf\u00f6rderungszentrum der Universit\u00e4t) sowie eine Stadtrundfahrt durch Budapest zum Thema Wasser (Elza Morcs\u00e1nyi, J\u00falia W\u00e4rmer) rundeten das akademische Programm ab.<\/p>\n<p>Der \u201eGreen University Day\u201c am Freitag stand ganz im Zeichen der sektor\u00fcbergreifenden Nachhaltigkeit. Die Vormittagsveranstaltungen befassten sich mit den Umweltauswirkungen der Sch\u00f6nheitsindustrie (M\u00e1t\u00e9 Sz\u00e1sz), der Umgestaltung der Hochschulbildung im Sinne der Nachhaltigkeit (Dr. Katalin \u00c1sv\u00e1nyi), Kreislaufwirtschaft im Gesundheitswesen und in der Pharmabranche (Dr. Aderemi Baderinwa), st\u00e4dtischer Biodiversit\u00e4t (Dr. Francesco Ferrini) sowie dem UNICEF-Programm \u201eClimate Heroes\u201c (Viola Fels\u0151-Nemes, Emma Rhode). Die Vortr\u00e4ge am Nachmittag beleuchteten den Klimawandel als gesundheitliche Herausforderung (Zofia Tarcz), untersuchten, ob eine nachhaltige Entwicklung erreichbar ist (L\u00e1szl\u00f3 Borb\u00e9ly), beleuchteten lokale Klimaauswirkungen in Ungarn (P\u00e9ter Szab\u00f3) und betonten die Bedeutung internationaler Zusammenarbeit in Wissenschaft und Politikgestaltung (Dr. Tibor Farag\u00f3). Die Abschlusssitzung verband Gesch\u00e4ftskontinuit\u00e4t mit Klimaresilienz im Krankenhausbetrieb (Dr. Istv\u00e1n M\u00e9sz\u00e1ros).<\/p>\n\n        [slb_exclude]\n        <div class=\"row galeria-wrapper mx-0 h-auto\">\n            <div class=\"col-9 pl-0 pr-2\">\n            <span class=\"gallery-item frame\">\n\t\t\t\t<div class=\"galeria-left-img\"><a href=\"https:\/\/semmelweis.hu\/deutsch\/files\/2026\/09\/RS242377_GV5A4478_scl.jpg\"><img src=https:\/\/semmelweis.hu\/deutsch\/files\/2026\/09\/RS242377_GV5A4478_scl.jpg  \n                            alt=\"\" \n                            class=\"attachment-sote-gallery-big size-sote-gallery-big\" \n                            srcset=\"https:\/\/semmelweis.hu\/deutsch\/files\/2026\/09\/RS242377_GV5A4478_scl-400x267.jpg 400w, https:\/\/semmelweis.hu\/deutsch\/files\/2026\/09\/RS242377_GV5A4478_scl-1024x683.jpg 1024w, https:\/\/semmelweis.hu\/deutsch\/files\/2026\/09\/RS242377_GV5A4478_scl-768x512.jpg 768w, https:\/\/semmelweis.hu\/deutsch\/files\/2026\/09\/RS242377_GV5A4478_scl-753x502.jpg 753w, https:\/\/semmelweis.hu\/deutsch\/files\/2026\/09\/RS242377_GV5A4478_scl-203x135.jpg 203w, https:\/\/semmelweis.hu\/deutsch\/files\/2026\/09\/RS242377_GV5A4478_scl.jpg 1200w\" ><\/a><\/div>\n            <\/span>\n\n            <\/div>\n\n\t\t\t<div class=\"col-3 pl-0 pr-0\">\n\t\t\t\t<div class=\"galeria-right-img d-flex justify-content-between flex-column h-100 w-100 px-0 mx-0 \">\n                <div class=\"galeria-box\">\n\t\t\t\t\t<h3 class=\"galeria-title\">Galerie<\/h3>\n\t\t\t\t\t<div class=\"galeria-subtitle\">\n\n\t\t\t\t\t\t<div class=\"galeria-page-counter\"><span>11<\/span>bilder<\/div>\n                    <\/div> <\/div>\n                    <span class=\"gallery-item frame d-none d-md-flex\">\n\t\t\t\t\t<div class=\"galeria-small-img mt-0\"><a href=\"https:\/\/semmelweis.hu\/deutsch\/files\/2026\/09\/RS242248_0E1A9723_scl.jpg\"><img src=https:\/\/semmelweis.hu\/deutsch\/files\/2026\/09\/RS242248_0E1A9723_scl.jpg \n                                alt=\"\"  \n                                class=\"attachment-sote-gallery-small size-sote-gallery-small\" \n                                srcset=\"https:\/\/semmelweis.hu\/deutsch\/files\/2026\/09\/RS242248_0E1A9723_scl-400x267.jpg 400w, https:\/\/semmelweis.hu\/deutsch\/files\/2026\/09\/RS242248_0E1A9723_scl-1024x683.jpg 1024w, https:\/\/semmelweis.hu\/deutsch\/files\/2026\/09\/RS242248_0E1A9723_scl-768x512.jpg 768w, https:\/\/semmelweis.hu\/deutsch\/files\/2026\/09\/RS242248_0E1A9723_scl-753x502.jpg 753w, https:\/\/semmelweis.hu\/deutsch\/files\/2026\/09\/RS242248_0E1A9723_scl-203x135.jpg 203w, https:\/\/semmelweis.hu\/deutsch\/files\/2026\/09\/RS242248_0E1A9723_scl.jpg 1200w\" ><\/a><\/div>\n                    <\/span>\n                    <span class=\"gallery-item frame d-none d-md-flex\">\n\t\t\t\t\t<div class=\"galeria-small-img mt-0\"><a href=\"https:\/\/semmelweis.hu\/deutsch\/files\/2026\/09\/RS242455_0E1A0834_scl.jpg\"><img src=https:\/\/semmelweis.hu\/deutsch\/files\/2026\/09\/RS242455_0E1A0834_scl.jpg \n                                alt=\"\" \n                                class=\"attachment-sote-gallery-small size-sote-gallery-small\" \n                                srcset=\"https:\/\/semmelweis.hu\/deutsch\/files\/2026\/09\/RS242455_0E1A0834_scl-400x267.jpg 400w, https:\/\/semmelweis.hu\/deutsch\/files\/2026\/09\/RS242455_0E1A0834_scl-1024x683.jpg 1024w, https:\/\/semmelweis.hu\/deutsch\/files\/2026\/09\/RS242455_0E1A0834_scl-768x512.jpg 768w, https:\/\/semmelweis.hu\/deutsch\/files\/2026\/09\/RS242455_0E1A0834_scl-753x502.jpg 753w, https:\/\/semmelweis.hu\/deutsch\/files\/2026\/09\/RS242455_0E1A0834_scl-203x135.jpg 203w, https:\/\/semmelweis.hu\/deutsch\/files\/2026\/09\/RS242455_0E1A0834_scl.jpg 1200w\" ><\/a><\/div>\n                    <\/span>\n\n                <\/div>\n\n            <\/div>\n\n            <span class=\"gallery-item\"><div class=\"hidden\"><a href=\"https:\/\/semmelweis.hu\/deutsch\/files\/2026\/09\/RS242247_0E1A9720_scl.jpg\">\n        <img src=https:\/\/semmelweis.hu\/deutsch\/files\/2026\/09\/RS242247_0E1A9720_scl.jpg alt=\"\" class=\"attachment-sote-gallery-big size-sote-gallery-big\" srcset=\"https:\/\/semmelweis.hu\/deutsch\/files\/2026\/09\/RS242247_0E1A9720_scl-400x267.jpg 400w, https:\/\/semmelweis.hu\/deutsch\/files\/2026\/09\/RS242247_0E1A9720_scl-1024x683.jpg 1024w, https:\/\/semmelweis.hu\/deutsch\/files\/2026\/09\/RS242247_0E1A9720_scl-768x512.jpg 768w, https:\/\/semmelweis.hu\/deutsch\/files\/2026\/09\/RS242247_0E1A9720_scl-753x502.jpg 753w, https:\/\/semmelweis.hu\/deutsch\/files\/2026\/09\/RS242247_0E1A9720_scl-203x135.jpg 203w, https:\/\/semmelweis.hu\/deutsch\/files\/2026\/09\/RS242247_0E1A9720_scl.jpg 1200w\" >\n        <\/a><\/div><\/span><span class=\"gallery-item\"><div class=\"hidden\"><a href=\"https:\/\/semmelweis.hu\/deutsch\/files\/2026\/09\/RS242243_0E1A9699_scl.jpg\">\n        <img src=https:\/\/semmelweis.hu\/deutsch\/files\/2026\/09\/RS242243_0E1A9699_scl.jpg alt=\"\" class=\"attachment-sote-gallery-big size-sote-gallery-big\" srcset=\"https:\/\/semmelweis.hu\/deutsch\/files\/2026\/09\/RS242243_0E1A9699_scl-400x267.jpg 400w, https:\/\/semmelweis.hu\/deutsch\/files\/2026\/09\/RS242243_0E1A9699_scl-1024x683.jpg 1024w, https:\/\/semmelweis.hu\/deutsch\/files\/2026\/09\/RS242243_0E1A9699_scl-768x512.jpg 768w, https:\/\/semmelweis.hu\/deutsch\/files\/2026\/09\/RS242243_0E1A9699_scl-753x502.jpg 753w, https:\/\/semmelweis.hu\/deutsch\/files\/2026\/09\/RS242243_0E1A9699_scl-203x135.jpg 203w, https:\/\/semmelweis.hu\/deutsch\/files\/2026\/09\/RS242243_0E1A9699_scl.jpg 1200w\" >\n        <\/a><\/div><\/span><span class=\"gallery-item\"><div class=\"hidden\"><a href=\"https:\/\/semmelweis.hu\/deutsch\/files\/2026\/09\/RS242236_0E1A9625_scl.jpg\">\n        <img src=https:\/\/semmelweis.hu\/deutsch\/files\/2026\/09\/RS242236_0E1A9625_scl.jpg alt=\"\" class=\"attachment-sote-gallery-big size-sote-gallery-big\" srcset=\"https:\/\/semmelweis.hu\/deutsch\/files\/2026\/09\/RS242236_0E1A9625_scl-400x267.jpg 400w, https:\/\/semmelweis.hu\/deutsch\/files\/2026\/09\/RS242236_0E1A9625_scl-1024x683.jpg 1024w, https:\/\/semmelweis.hu\/deutsch\/files\/2026\/09\/RS242236_0E1A9625_scl-768x512.jpg 768w, https:\/\/semmelweis.hu\/deutsch\/files\/2026\/09\/RS242236_0E1A9625_scl-753x502.jpg 753w, https:\/\/semmelweis.hu\/deutsch\/files\/2026\/09\/RS242236_0E1A9625_scl-203x135.jpg 203w, https:\/\/semmelweis.hu\/deutsch\/files\/2026\/09\/RS242236_0E1A9625_scl.jpg 1200w\" >\n        <\/a><\/div><\/span><span class=\"gallery-item\"><div class=\"hidden\"><a href=\"https:\/\/semmelweis.hu\/deutsch\/files\/2026\/09\/RS242241_0E1A9687_scl.jpg\">\n        <img src=https:\/\/semmelweis.hu\/deutsch\/files\/2026\/09\/RS242241_0E1A9687_scl.jpg alt=\"\" class=\"attachment-sote-gallery-big size-sote-gallery-big\" srcset=\"https:\/\/semmelweis.hu\/deutsch\/files\/2026\/09\/RS242241_0E1A9687_scl-400x267.jpg 400w, https:\/\/semmelweis.hu\/deutsch\/files\/2026\/09\/RS242241_0E1A9687_scl-1024x683.jpg 1024w, https:\/\/semmelweis.hu\/deutsch\/files\/2026\/09\/RS242241_0E1A9687_scl-768x512.jpg 768w, https:\/\/semmelweis.hu\/deutsch\/files\/2026\/09\/RS242241_0E1A9687_scl-753x502.jpg 753w, https:\/\/semmelweis.hu\/deutsch\/files\/2026\/09\/RS242241_0E1A9687_scl-203x135.jpg 203w, https:\/\/semmelweis.hu\/deutsch\/files\/2026\/09\/RS242241_0E1A9687_scl.jpg 1200w\" >\n        <\/a><\/div><\/span><span class=\"gallery-item\"><div class=\"hidden\"><a href=\"https:\/\/semmelweis.hu\/deutsch\/files\/2026\/09\/RS242206_0E1A0051_scl.jpg\">\n        <img src=https:\/\/semmelweis.hu\/deutsch\/files\/2026\/09\/RS242206_0E1A0051_scl.jpg alt=\"\" class=\"attachment-sote-gallery-big size-sote-gallery-big\" srcset=\"https:\/\/semmelweis.hu\/deutsch\/files\/2026\/09\/RS242206_0E1A0051_scl-400x267.jpg 400w, https:\/\/semmelweis.hu\/deutsch\/files\/2026\/09\/RS242206_0E1A0051_scl-1024x683.jpg 1024w, https:\/\/semmelweis.hu\/deutsch\/files\/2026\/09\/RS242206_0E1A0051_scl-768x512.jpg 768w, https:\/\/semmelweis.hu\/deutsch\/files\/2026\/09\/RS242206_0E1A0051_scl-753x502.jpg 753w, https:\/\/semmelweis.hu\/deutsch\/files\/2026\/09\/RS242206_0E1A0051_scl-203x135.jpg 203w, https:\/\/semmelweis.hu\/deutsch\/files\/2026\/09\/RS242206_0E1A0051_scl.jpg 1200w\" >\n        <\/a><\/div><\/span><span class=\"gallery-item\"><div class=\"hidden\"><a href=\"https:\/\/semmelweis.hu\/deutsch\/files\/2026\/09\/RS242460_0E1A0865_scl.jpg\">\n        <img src=https:\/\/semmelweis.hu\/deutsch\/files\/2026\/09\/RS242460_0E1A0865_scl.jpg alt=\"\" class=\"attachment-sote-gallery-big size-sote-gallery-big\" srcset=\"https:\/\/semmelweis.hu\/deutsch\/files\/2026\/09\/RS242460_0E1A0865_scl-400x267.jpg 400w, https:\/\/semmelweis.hu\/deutsch\/files\/2026\/09\/RS242460_0E1A0865_scl-1024x683.jpg 1024w, https:\/\/semmelweis.hu\/deutsch\/files\/2026\/09\/RS242460_0E1A0865_scl-768x512.jpg 768w, https:\/\/semmelweis.hu\/deutsch\/files\/2026\/09\/RS242460_0E1A0865_scl-753x502.jpg 753w, https:\/\/semmelweis.hu\/deutsch\/files\/2026\/09\/RS242460_0E1A0865_scl-203x135.jpg 203w, https:\/\/semmelweis.hu\/deutsch\/files\/2026\/09\/RS242460_0E1A0865_scl.jpg 1200w\" >\n        <\/a><\/div><\/span><span class=\"gallery-item\"><div class=\"hidden\"><a href=\"https:\/\/semmelweis.hu\/deutsch\/files\/2026\/09\/RS242477_0E1A0755_scl.jpg\">\n        <img src=https:\/\/semmelweis.hu\/deutsch\/files\/2026\/09\/RS242477_0E1A0755_scl.jpg alt=\"\" class=\"attachment-sote-gallery-big size-sote-gallery-big\" srcset=\"https:\/\/semmelweis.hu\/deutsch\/files\/2026\/09\/RS242477_0E1A0755_scl-400x267.jpg 400w, https:\/\/semmelweis.hu\/deutsch\/files\/2026\/09\/RS242477_0E1A0755_scl-1024x683.jpg 1024w, https:\/\/semmelweis.hu\/deutsch\/files\/2026\/09\/RS242477_0E1A0755_scl-768x512.jpg 768w, https:\/\/semmelweis.hu\/deutsch\/files\/2026\/09\/RS242477_0E1A0755_scl-753x502.jpg 753w, https:\/\/semmelweis.hu\/deutsch\/files\/2026\/09\/RS242477_0E1A0755_scl-203x135.jpg 203w, https:\/\/semmelweis.hu\/deutsch\/files\/2026\/09\/RS242477_0E1A0755_scl.jpg 1200w\" >\n        <\/a><\/div><\/span><span class=\"gallery-item\"><div class=\"hidden\"><a href=\"https:\/\/semmelweis.hu\/deutsch\/files\/2026\/09\/RS242454_0E1A0821_scl.jpg\">\n        <img src=https:\/\/semmelweis.hu\/deutsch\/files\/2026\/09\/RS242454_0E1A0821_scl.jpg alt=\"\" class=\"attachment-sote-gallery-big size-sote-gallery-big\" srcset=\"https:\/\/semmelweis.hu\/deutsch\/files\/2026\/09\/RS242454_0E1A0821_scl-400x267.jpg 400w, https:\/\/semmelweis.hu\/deutsch\/files\/2026\/09\/RS242454_0E1A0821_scl-1024x683.jpg 1024w, https:\/\/semmelweis.hu\/deutsch\/files\/2026\/09\/RS242454_0E1A0821_scl-768x512.jpg 768w, https:\/\/semmelweis.hu\/deutsch\/files\/2026\/09\/RS242454_0E1A0821_scl-753x502.jpg 753w, https:\/\/semmelweis.hu\/deutsch\/files\/2026\/09\/RS242454_0E1A0821_scl-203x135.jpg 203w, https:\/\/semmelweis.hu\/deutsch\/files\/2026\/09\/RS242454_0E1A0821_scl.jpg 1200w\" >\n        <\/a><\/div><\/span>\n            <\/div>\n\n            [\/slb_exclude]\n\t\n<p>Dr. Bal\u00e1zs Csizmadia, Judit D\u0151tsch<br \/>\n\u00dcbersetzung: Dr. Bal\u00e1zs Csizmadia<br \/>\nFoto: B\u00e1lint Barta, Bogl\u00e1rka Zellei \u2013 Semmelweis Universit\u00e4t<\/p>\n","protected":false},"excerpt":{"rendered":"<p>Die Konferenz diente auch als Orientierungswoche f\u00fcr Studierende im ersten Studienjahr.<\/p>\n","protected":false},"author":102369,"featured_media":40698,"comment_status":"closed","ping_status":"closed","sticky":false,"template":"","format":"standard","meta":{"_acf_changed":false,"footnotes":""},"categories":[78],"tags":[106],"class_list":["post-40695","post","type-post","status-publish","format-standard","has-post-thumbnail","hentry","category-aktuelles","tag-sommeruniversitaet"],"acf":[],"_links":{"self":[{"href":"https:\/\/semmelweis.hu\/deutsch\/wp-json\/wp\/v2\/posts\/40695","targetHints":{"allow":["GET"]}}],"collection":[{"href":"https:\/\/semmelweis.hu\/deutsch\/wp-json\/wp\/v2\/posts"}],"about":[{"href":"https:\/\/semmelweis.hu\/deutsch\/wp-json\/wp\/v2\/types\/post"}],"author":[{"embeddable":true,"href":"https:\/\/semmelweis.hu\/deutsch\/wp-json\/wp\/v2\/users\/102369"}],"replies":[{"embeddable":true,"href":"https:\/\/semmelweis.hu\/deutsch\/wp-json\/wp\/v2\/comments?post=40695"}],"version-history":[{"count":4,"href":"https:\/\/semmelweis.hu\/deutsch\/wp-json\/wp\/v2\/posts\/40695\/revisions"}],"predecessor-version":[{"id":40714,"href":"https:\/\/semmelweis.hu\/deutsch\/wp-json\/wp\/v2\/posts\/40695\/revisions\/40714"}],"wp:featuredmedia":[{"embeddable":true,"href":"https:\/\/semmelweis.hu\/deutsch\/wp-json\/wp\/v2\/media\/40698"}],"wp:attachment":[{"href":"https:\/\/semmelweis.hu\/deutsch\/wp-json\/wp\/v2\/media?parent=40695"}],"wp:term":[{"taxonomy":"category","embeddable":true,"href":"https:\/\/semmelweis.hu\/deutsch\/wp-json\/wp\/v2\/categories?post=40695"},{"taxonomy":"post_tag","embeddable":true,"href":"https:\/\/semmelweis.hu\/deutsch\/wp-json\/wp\/v2\/tags?post=40695"}],"curies":[{"name":"wp","href":"https:\/\/api.w.org\/{rel}","templated":true}]}}