{"id":39363,"date":"2025-09-18T06:00:00","date_gmt":"2025-09-18T04:00:00","guid":{"rendered":"https:\/\/semmelweis.hu\/deutsch\/?p=39363"},"modified":"2025-11-28T10:41:28","modified_gmt":"2025-11-28T09:41:28","slug":"eine-bei-sportlern-beobachtete-hirnerkrankung-wurde-auch-bei-obdachlosen-festgestellt","status":"publish","type":"post","link":"https:\/\/semmelweis.hu\/deutsch\/2025\/09\/18\/eine-bei-sportlern-beobachtete-hirnerkrankung-wurde-auch-bei-obdachlosen-festgestellt\/","title":{"rendered":"Eine bei Sportlern beobachtete Hirnerkrankung wurde auch bei Obdachlosen festgestellt"},"content":{"rendered":"<p><strong>Eine Krankheit, die mit wiederholten Kopfverletzungen in Verbindung gebracht wird und seit langem mit Kontaktsportarten wie Boxen und American Football einhergeht, wurde bei Menschen diagnostiziert, die als Obdachlose verstorben sind. <a href=\"https:\/\/link.springer.com\/article\/10.1007\/s00401-025-02867-6\">Die Studie, die erste ihrer Art, die sich auf eine Gruppe von Obdachlosen konzentriert<\/a>, untersuchte 34 Gehirne und fand die Krankheit in vier F\u00e4llen, wobei zwei weitere F\u00e4lle eng damit verbundene Sch\u00e4den aufwiesen. Keiner der Betroffenen hatte Profisport betrieben oder beim Milit\u00e4r gedient, was darauf hindeutet, dass wiederholte Kopfverletzungen auch au\u00dferhalb Kontaktsporte ein Risiko darstellen k\u00f6nnen.\u00a0<\/strong><\/p>\n<p><img loading=\"lazy\" decoding=\"async\" class=\"aligncenter wp-image-39372 size-full\" src=\"https:\/\/semmelweis.hu\/deutsch\/files\/2025\/09\/RS221946_stock-montazs_agyraszkodas-masolat.jpg\" alt=\"\" width=\"1200\" height=\"800\" srcset=\"https:\/\/semmelweis.hu\/deutsch\/files\/2025\/09\/RS221946_stock-montazs_agyraszkodas-masolat.jpg 1200w, https:\/\/semmelweis.hu\/deutsch\/files\/2025\/09\/RS221946_stock-montazs_agyraszkodas-masolat-400x267.jpg 400w, https:\/\/semmelweis.hu\/deutsch\/files\/2025\/09\/RS221946_stock-montazs_agyraszkodas-masolat-1024x683.jpg 1024w, https:\/\/semmelweis.hu\/deutsch\/files\/2025\/09\/RS221946_stock-montazs_agyraszkodas-masolat-768x512.jpg 768w, https:\/\/semmelweis.hu\/deutsch\/files\/2025\/09\/RS221946_stock-montazs_agyraszkodas-masolat-753x502.jpg 753w, https:\/\/semmelweis.hu\/deutsch\/files\/2025\/09\/RS221946_stock-montazs_agyraszkodas-masolat-203x135.jpg 203w\" sizes=\"auto, (max-width: 1200px) 100vw, 1200px\" \/><\/p>\n<p><span data-contrast=\"none\">In der in <em>\u201eActa Neuropathologica\u201d<\/em> ver\u00f6ffentlichten Studie wurde eine Analyse postmortaler Gehirne von 34 Erwachsenen im Alter von 41 bis 67 Jahren durchgef\u00fchrt, darunter \u00fcberwiegend M\u00e4nner (29 von 34). Bei vier Personen wurden die f\u00fcr die sogenannte chronisch-traumatische Enzephalopathie (CTE) typischen mikroskopischen Ver\u00e4nderungen festgestellt, bei zwei weiteren wurden CTE-\u00e4hnliche Ver\u00e4nderungen beobachtet, wenngleich nicht alle Merkmale in den untersuchten Bereichen vorhanden waren. Dies ist die erste Best\u00e4tigung der Krankheit in einer europ\u00e4ischen Nicht-Sportler-Population.<\/span><span data-ccp-props=\"{&quot;134233117&quot;:true,&quot;134233118&quot;:true,&quot;201341983&quot;:0,&quot;335551550&quot;:6,&quot;335551620&quot;:6,&quot;335559740&quot;:240}\">\u00a0<\/span><\/p>\n<p><span data-contrast=\"none\">CTE entwickelt sich nach wiederholten Schl\u00e4gen auf den Kopf und kann erst nach dem Tod durch eine charakteristische Ansammlung des Tau-Gehirnproteins nachgewiesen werden. Mit der Zeit k\u00f6nnen Stimmungsschwankungen, Aggressivit\u00e4t, Ged\u00e4chtnisverlust und Bewegungsprobleme auftreten.<\/span><span data-ccp-props=\"{&quot;134233117&quot;:true,&quot;134233118&quot;:true,&quot;201341983&quot;:0,&quot;335551550&quot;:6,&quot;335551620&quot;:6,&quot;335559740&quot;:240}\">\u00a0<\/span><\/p>\n<p><span data-contrast=\"none\"><img loading=\"lazy\" decoding=\"async\" class=\"size-medium wp-image-39371 alignleft\" src=\"https:\/\/semmelweis.hu\/deutsch\/files\/2025\/09\/RS218302_GV5A4319-scr-003-400x267.jpg\" alt=\"\" width=\"400\" height=\"267\" srcset=\"https:\/\/semmelweis.hu\/deutsch\/files\/2025\/09\/RS218302_GV5A4319-scr-003-400x267.jpg 400w, https:\/\/semmelweis.hu\/deutsch\/files\/2025\/09\/RS218302_GV5A4319-scr-003-1024x683.jpg 1024w, https:\/\/semmelweis.hu\/deutsch\/files\/2025\/09\/RS218302_GV5A4319-scr-003-768x512.jpg 768w, https:\/\/semmelweis.hu\/deutsch\/files\/2025\/09\/RS218302_GV5A4319-scr-003-753x502.jpg 753w, https:\/\/semmelweis.hu\/deutsch\/files\/2025\/09\/RS218302_GV5A4319-scr-003-203x135.jpg 203w, https:\/\/semmelweis.hu\/deutsch\/files\/2025\/09\/RS218302_GV5A4319-scr-003.jpg 1200w\" sizes=\"auto, (max-width: 400px) 100vw, 400px\" \/>Die Erstautorin und Assistenzprofessorin am Institut f\u00fcr Pathologie der Semmelweis Universit\u00e4t, Dr. Krisztina Danics, sagte: \u201eUnser Fokus lag hier darauf, pathologische Ver\u00e4nderungen im Gehirn einer sehr gef\u00e4hrdeten, oft \u00fcbersehenen Gruppe zu untersuchen, in der Hoffnung, fr\u00fche Formen h\u00e4ufiger Erkrankungen wie Alzheimer und Parkinson zu finden. Es war eine \u00dcberraschung, CTE bei Menschen ohne Elite-Sport- oder Milit\u00e4rhintergrund zu entdecken. <\/span><\/p>\n<blockquote>\n<p><span data-contrast=\"none\">Dies st\u00fctzt die Annahme, dass sich wiederholte Schl\u00e4ge auf den Kopf im Laufe eines Lebens summieren k\u00f6nnen \u2013 auch au\u00dferhalb von Stadien.\u201c<\/span><span data-ccp-props=\"{&quot;134233117&quot;:true,&quot;134233118&quot;:true,&quot;201341983&quot;:0,&quot;335551550&quot;:6,&quot;335551620&quot;:6,&quot;335559740&quot;:240}\">\u00a0<\/span><\/p>\n<\/blockquote>\n<p>&#8211; f\u00fcgte sie hinzu.<\/p>\n<p><span data-contrast=\"none\">In den CTE-F\u00e4llen unterschied sich das Sch\u00e4digungsmuster in den f\u00fcr das Ged\u00e4chtnis zust\u00e4ndigen Regionen des Gehirns von dem bei Alzheimer-Patienten beobachteten Muster. Andere altersbedingte Ver\u00e4nderungen traten in der gesamten Gruppe h\u00e4ufig auf, und vier F\u00e4lle zeigten eine weitere Form einer neurologischen St\u00f6rung, die normalerweise im h\u00f6heren Alter auftritt und als Argyrophilic-Grain-Krankheit (AGD) bekannt ist, obwohl es sich um relativ junge Menschen handelte.<\/span><span data-ccp-props=\"{&quot;134233117&quot;:true,&quot;134233118&quot;:true,&quot;201341983&quot;:0,&quot;335551550&quot;:6,&quot;335551620&quot;:6,&quot;335559740&quot;:240}\">\u00a0<\/span><\/p>\n<p><span data-contrast=\"none\"><img loading=\"lazy\" decoding=\"async\" class=\"size-medium wp-image-39370 alignleft\" src=\"https:\/\/semmelweis.hu\/deutsch\/files\/2025\/09\/R01_23_40_1_AT8_3_x2-400x345.png\" alt=\"\" width=\"400\" height=\"345\" srcset=\"https:\/\/semmelweis.hu\/deutsch\/files\/2025\/09\/R01_23_40_1_AT8_3_x2-400x345.png 400w, https:\/\/semmelweis.hu\/deutsch\/files\/2025\/09\/R01_23_40_1_AT8_3_x2-1024x883.png 1024w, https:\/\/semmelweis.hu\/deutsch\/files\/2025\/09\/R01_23_40_1_AT8_3_x2-768x662.png 768w, https:\/\/semmelweis.hu\/deutsch\/files\/2025\/09\/R01_23_40_1_AT8_3_x2-753x649.png 753w, https:\/\/semmelweis.hu\/deutsch\/files\/2025\/09\/R01_23_40_1_AT8_3_x2.png 1132w\" sizes=\"auto, (max-width: 400px) 100vw, 400px\" \/>Die Studie wurde von Forschern der Semmelweis Universit\u00e4t (Budapest, Ungarn), der Universit\u00e4t Toronto (Kanada) und der Macquarie Universit\u00e4t (Sydney, Australien) erstellt.<\/span><span data-ccp-props=\"{&quot;134233117&quot;:true,&quot;134233118&quot;:true,&quot;201341983&quot;:0,&quot;335551550&quot;:6,&quot;335551620&quot;:6,&quot;335559740&quot;:240}\">\u00a0<\/span><\/p>\n<p><span data-contrast=\"none\">Zuvor waren \u00e4hnliche CTE-bedingte Ver\u00e4nderungen im Gehirn auch bei Frauen in Australien dokumentiert worden, die langfristig h\u00e4uslicher Gewalt (durch ihren Partner) ausgesetzt waren.<\/span><span data-ccp-props=\"{&quot;134233117&quot;:true,&quot;134233118&quot;:true,&quot;201341983&quot;:0,&quot;335551550&quot;:6,&quot;335551620&quot;:6,&quot;335559740&quot;:240}\">\u00a0<\/span><\/p>\n<p><span data-contrast=\"none\">Hirnverletzungen sind bei Obdachlosen weitaus h\u00e4ufiger als in der Allgemeinbev\u00f6lkerung, oft aufgrund von St\u00fcrzen, \u00dcbergriffen oder Unf\u00e4llen. Die Autoren warnen davor, dass gewaltt\u00e4tiges oder aggressives Verhalten bei Obdachlosen manchmal nicht nur eine Ursache, sondern auch eine Folge einer zugrunde liegenden Hirnsch\u00e4digung sein kann. <\/span><\/p>\n<p><span data-contrast=\"none\"><img loading=\"lazy\" decoding=\"async\" class=\"size-medium wp-image-39369 alignright\" src=\"https:\/\/semmelweis.hu\/deutsch\/files\/2025\/09\/IMG_3519-400x267.jpg\" alt=\"\" width=\"400\" height=\"267\" srcset=\"https:\/\/semmelweis.hu\/deutsch\/files\/2025\/09\/IMG_3519-400x267.jpg 400w, https:\/\/semmelweis.hu\/deutsch\/files\/2025\/09\/IMG_3519-1024x682.jpg 1024w, https:\/\/semmelweis.hu\/deutsch\/files\/2025\/09\/IMG_3519-768x512.jpg 768w, https:\/\/semmelweis.hu\/deutsch\/files\/2025\/09\/IMG_3519-753x502.jpg 753w, https:\/\/semmelweis.hu\/deutsch\/files\/2025\/09\/IMG_3519-203x135.jpg 203w, https:\/\/semmelweis.hu\/deutsch\/files\/2025\/09\/IMG_3519.jpg 1181w\" sizes=\"auto, (max-width: 400px) 100vw, 400px\" \/>Der leitende Autor Dr. Gabor G. Kovacs, <\/span><span data-contrast=\"auto\">Professor am Institut f\u00fcr Labormedizin und Pathobiologie und leitender Forscher am Tanz Centre for Research in Neurodegenerative Disease der Universit\u00e4t Toronto<\/span><span data-contrast=\"none\">, f\u00fcgte hinzu: \u201eDie Feststellung von CTE bei einer mitteleurop\u00e4ischen Obdachlosenkohorte sollte zu einem Umdenken f\u00fchren: Es handelt sich nicht nur um eine Krankheit von Sportlern, und die Erkenntnis dar\u00fcber ist f\u00fcr die Pflege, die Sozialdienste und sogar f\u00fcr die Art und Weise, wie Gerichte \u00fcber Verhalten und Verantwortung urteilen, ebenfalls von Bedeutung.\u201c<\/span><span data-ccp-props=\"{&quot;134233117&quot;:true,&quot;134233118&quot;:true,&quot;201341983&quot;:0,&quot;335551550&quot;:6,&quot;335551620&quot;:6,&quot;335559740&quot;:240}\">\u00a0<\/span><\/p>\n<p><span data-contrast=\"none\">CTE tauchte erstmals 1928 in der medizinischen Literatur bei Boxern auf und erregte dann 2005 weltweite Aufmerksamkeit, als Dr. Bennet Omalu dar\u00fcber bei dem American-Football-Spieler Mike Webster berichtete. Ihre Geschichte wurde sp\u00e4ter in dem Film Concussion mit Oscar-Preistr\u00e4ger Will Smith erz\u00e4hlt, der f\u00fcr diese Rolle eine Golden-Globe-Nominierung erhielt. Dar\u00fcber hinaus wurden auf Initiative von Hirnpathologiestudien auch die Richtlinien der britischen Fu\u00dfballliga aktualisiert, um das Problem der Gehirnersch\u00fctterungen im Profisport anzugehen.<\/span><span data-ccp-props=\"{&quot;134233117&quot;:true,&quot;134233118&quot;:true,&quot;201341983&quot;:0,&quot;335551550&quot;:6,&quot;335551620&quot;:6,&quot;335559740&quot;:240}\">\u00a0<\/span><\/p>\n<p><span data-contrast=\"auto\"><img loading=\"lazy\" decoding=\"async\" class=\"size-medium wp-image-39368 alignleft\" src=\"https:\/\/semmelweis.hu\/deutsch\/files\/2025\/09\/Headshot_ShelleyForrest-311x400.jpg\" alt=\"\" width=\"311\" height=\"400\" srcset=\"https:\/\/semmelweis.hu\/deutsch\/files\/2025\/09\/Headshot_ShelleyForrest-311x400.jpg 311w, https:\/\/semmelweis.hu\/deutsch\/files\/2025\/09\/Headshot_ShelleyForrest-795x1024.jpg 795w, https:\/\/semmelweis.hu\/deutsch\/files\/2025\/09\/Headshot_ShelleyForrest-768x989.jpg 768w, https:\/\/semmelweis.hu\/deutsch\/files\/2025\/09\/Headshot_ShelleyForrest-1192x1536.jpg 1192w, https:\/\/semmelweis.hu\/deutsch\/files\/2025\/09\/Headshot_ShelleyForrest-1590x2048.jpg 1590w, https:\/\/semmelweis.hu\/deutsch\/files\/2025\/09\/Headshot_ShelleyForrest-753x970.jpg 753w, https:\/\/semmelweis.hu\/deutsch\/files\/2025\/09\/Headshot_ShelleyForrest-scaled.jpg 1987w\" sizes=\"auto, (max-width: 311px) 100vw, 311px\" \/>Mitautorin Dr. Shelley L. Forrest von der University of Toronto und der Macquarie University sagte: \u201eUnser Fokus lag hier eher auf dem benachteiligten sozio\u00f6konomischen Status als auf der Genetik. Wir haben strenge Kriterien angewendet und nur Personen ber\u00fccksichtigt, die auf der Stra\u00dfe lebten, keine professionelle Sportkarriere oder Milit\u00e4rdienst hinter sich hatten und deren Gehirne und R\u00fcckenmark mit denselben Methoden untersucht wurden \u2013 dies ist die weltweit erste Studie dieser Art zu einer obdachlosen Bev\u00f6lkerungsgruppe. Wir haben bei etwa 12 % der von uns untersuchten Obdachlosen in Mitteleuropa CTE festgestellt.\u201c<\/span><span data-ccp-props=\"{&quot;134233117&quot;:true,&quot;134233118&quot;:true,&quot;201341983&quot;:0,&quot;335551550&quot;:6,&quot;335551620&quot;:6,&quot;335559740&quot;:240}\">\u00a0<\/span><\/p>\n<p><span class=\"TextRun SCXW247512584 BCX0\" lang=\"DE-DE\" xml:lang=\"DE-DE\" data-contrast=\"auto\"><span class=\"NormalTextRun SCXW247512584 BCX0\" data-ccp-parastyle=\"Normal (Web)\">Laut dem internationalen Forschungsteam besteht der n\u00e4chste Schritt darin, bessere Instrumente zur Erkennung dieser Krankheit zu Lebzeiten zu entwickeln, da routinem\u00e4\u00dfige MRT-Untersuchungen CTE nicht aufdecken k\u00f6nnen und die Betroffenen fr\u00fcher identifiziert und <\/span><span class=\"NormalTextRun SCXW247512584 BCX0\" data-ccp-parastyle=\"Normal (Web)\">versorg<\/span><span class=\"NormalTextRun SCXW247512584 BCX0\" data-ccp-parastyle=\"Normal (Web)\">t <\/span><span class=\"NormalTextRun SCXW247512584 BCX0\" data-ccp-parastyle=\"Normal (Web)\">werden m\u00fcssen.<\/span><\/span><span class=\"EOP SCXW247512584 BCX0\" data-ccp-props=\"{&quot;134233117&quot;:true,&quot;134233118&quot;:true,&quot;201341983&quot;:0,&quot;335551550&quot;:6,&quot;335551620&quot;:6,&quot;335559740&quot;:240}\">\u00a0<\/span><\/p>\n<p>Angelika Erd\u00e9lyi<br \/>\nFoto: Bogl\u00e1rka Zellei, Tam\u00e1s Kiss &#8211; Semmelweis Universit\u00e4t; Gabor G. Kovacs &#8211; University of Toronto; <span data-contrast=\"auto\">Shelley L. Forrest &#8211; University of Macquarie<br \/>\nTitelbild: iStock by Getty Images\/ Yobro10, yodiyim, Srdjanns74<br \/>\n\u00dcbersetzung: Judit Szlov\u00e1k<\/span><\/p>\n","protected":false},"excerpt":{"rendered":"<p>Eine Krankheit, die mit wiederholten Kopfverletzungen in Verbindung gebracht wird und seit langem mit Kontaktsportarten wie Boxen und American Football einhergeht, wurde bei Menschen diagnostiziert, die als Obdachlose verstorben sind. <a href=\"https:\/\/link.springer.com\/article\/10.1007\/s00401-025-02867-6\">Die Studie, die erste ihrer Art, die sich auf eine Gruppe von Obdachlosen konzentriert<\/a> , untersuchte 34 Gehirne und fand die Krankheit in vier F\u00e4llen, wobei zwei weitere F\u00e4lle eng damit verbundene Sch\u00e4den aufwiesen. Keiner der Betroffenen hatte Profisport &hellip;<\/p>\n","protected":false},"author":101423,"featured_media":39367,"comment_status":"closed","ping_status":"closed","sticky":false,"template":"","format":"standard","meta":{"_acf_changed":false,"footnotes":""},"categories":[78],"tags":[72],"class_list":["post-39363","post","type-post","status-publish","format-standard","has-post-thumbnail","hentry","category-aktuelles","tag-presse"],"acf":[],"_links":{"self":[{"href":"https:\/\/semmelweis.hu\/deutsch\/wp-json\/wp\/v2\/posts\/39363","targetHints":{"allow":["GET"]}}],"collection":[{"href":"https:\/\/semmelweis.hu\/deutsch\/wp-json\/wp\/v2\/posts"}],"about":[{"href":"https:\/\/semmelweis.hu\/deutsch\/wp-json\/wp\/v2\/types\/post"}],"author":[{"embeddable":true,"href":"https:\/\/semmelweis.hu\/deutsch\/wp-json\/wp\/v2\/users\/101423"}],"replies":[{"embeddable":true,"href":"https:\/\/semmelweis.hu\/deutsch\/wp-json\/wp\/v2\/comments?post=39363"}],"version-history":[{"count":6,"href":"https:\/\/semmelweis.hu\/deutsch\/wp-json\/wp\/v2\/posts\/39363\/revisions"}],"predecessor-version":[{"id":39675,"href":"https:\/\/semmelweis.hu\/deutsch\/wp-json\/wp\/v2\/posts\/39363\/revisions\/39675"}],"wp:featuredmedia":[{"embeddable":true,"href":"https:\/\/semmelweis.hu\/deutsch\/wp-json\/wp\/v2\/media\/39367"}],"wp:attachment":[{"href":"https:\/\/semmelweis.hu\/deutsch\/wp-json\/wp\/v2\/media?parent=39363"}],"wp:term":[{"taxonomy":"category","embeddable":true,"href":"https:\/\/semmelweis.hu\/deutsch\/wp-json\/wp\/v2\/categories?post=39363"},{"taxonomy":"post_tag","embeddable":true,"href":"https:\/\/semmelweis.hu\/deutsch\/wp-json\/wp\/v2\/tags?post=39363"}],"curies":[{"name":"wp","href":"https:\/\/api.w.org\/{rel}","templated":true}]}}