{"id":35726,"date":"2024-01-09T09:30:09","date_gmt":"2024-01-09T08:30:09","guid":{"rendered":"https:\/\/semmelweis.hu\/deutsch\/?p=35726"},"modified":"2024-02-05T11:30:04","modified_gmt":"2024-02-05T10:30:04","slug":"psychologische-ursachen-von-gesichtsschmerzen-mit-video","status":"publish","type":"post","link":"https:\/\/semmelweis.hu\/deutsch\/2024\/01\/09\/psychologische-ursachen-von-gesichtsschmerzen-mit-video\/","title":{"rendered":"Psychologische Ursachen von Gesichtsschmerzen (MIT VIDEO)"},"content":{"rendered":"<div class=\"lead\">St\u00e4ndiges Kieferpressen, Z\u00e4hneknirschen und angespannte Kaumuskeln sind seltener auf Zahn- oder Gelenkprobleme zur\u00fcckzuf\u00fchren, sondern h\u00e4ufiger auf Stress. An der Semmelweis Universit\u00e4t wird ein neuer, weniger weit verbreiteter, komplexer Kieferheilungs-, Physiotherapie- und Psychotherapieansatz angewandt, um dieses Problem zu behandeln. Eine Physiotherapie f\u00fcr zu Hause, die zur Verbesserung des Zustands beitr\u00e4gt, ist mit Hilfe des begleitenden Lehrvideos f\u00fcr jeden zug\u00e4nglich.<\/div>\n<div>\n<p>Unwillk\u00fcrliches Z\u00e4hnepressen, extreme \u00dcberbeanspruchung der Kaumuskulatur und daraus resultierende Kiefergelenksbeschwerden (temporomandibul\u00e4rer\u202fDysfunktion, TMD) betreffen etwa 30% der Bev\u00f6lkerung im Inland und weltweit. Derartige Muskelbelastungen treten h\u00e4ufig in monotonen, konzentrationsfordernden Situationen und bei k\u00f6rperlicher Anstrengung auf, aber auch Stress und psychosoziale Belastungen der Patienten tragen wesentlich zum Auftreten der Symptome bei und sind oft die Ursache.<a href=\"https:\/\/semmelweis.hu\/deutsch\/files\/2023\/12\/RS187415_433A0324-scr.jpg\"><img loading=\"lazy\" decoding=\"async\" class=\"size-medium wp-image-35796 alignleft\" src=\"https:\/\/semmelweis.hu\/deutsch\/files\/2023\/12\/RS187415_433A0324-scr-267x400.jpg\" alt=\"\" width=\"267\" height=\"400\" srcset=\"https:\/\/semmelweis.hu\/deutsch\/files\/2023\/12\/RS187415_433A0324-scr-267x400.jpg 267w, https:\/\/semmelweis.hu\/deutsch\/files\/2023\/12\/RS187415_433A0324-scr.jpg 600w\" sizes=\"auto, (max-width: 267px) 100vw, 267px\" \/><\/a><\/p>\n<p>Bis vor kurzem bestand die g\u00e4ngige Praxis darin, die Z\u00e4hne und den Zahnkontakt zu korrigieren \u2013 mit Zahnspangen oder Aufbissschiene. \u201eEin Teil der Fachwelt hat inzwischen erkannt, dass dieser Ansatz, der den Kontakt der Kaufl\u00e4chen beeintr\u00e4chtigt, nicht der richtige Weg ist, da auch Menschen mit perfekter Kieferstellung und Okklusion solche Probleme haben k\u00f6nnen\u201c &#8211; sagt Dr. P\u00e9ter Schmidt klinischer Chefarzt und stellvertretender Direktor der Klinik f\u00fcr Zahn\u00e4rztliche Prothetik an der Semmelweis Universit\u00e4t. Bei der Behandlung von TMD ber\u00fccksichtigt das auf diese Krankheit spezialisierte Team der Klinik daher den biologischen, psychologischen und sozialen Hintergrund des Patienten.<\/p>\n<div class=\"keretes w-100\">\n<p style=\"text-align: left\">Bei der so genannten biaxialen Untersuchung untersuchen die Spezialisten der Klinik f\u00fcr Zahn\u00e4rztliche Prothetik das Gebiss, die Z\u00e4hne, die Kieferbewegung, das Gelenk, die Muskulatur (mit manuellen, bildgebenden und bewegungsanalytischen Ger\u00e4ten) und f\u00fcllen anschlie\u00dfend einen ausf\u00fchrlichen psychosozialen Fragebogen aus. Neben dem Beschwerdebereich werden die Patienten nach akuten und chronischen Schmerzen am ganzen K\u00f6rper (z.B. R\u00fcckschmerzen) und damit zusammenh\u00e4ngenden Symptomen (M\u00fcdigkeit, Schlafst\u00f6rungen, Verdauungsprobleme, Kurzatmigkeit) befragt, die auch auf andere psychische Probleme wie \u00c4ngste oder Depression hinweisen k\u00f6nnen. Man geht T\u00e4tigkeiten durch, die mit Z\u00e4hneknirschen und -pressen und anderen Kau- und Haltesituationen verbunden sind (kauen auf dem Ende eines Bleistifts, halten das Handy zwischen Kopf und Schulter), sowie \u00fcberpr\u00fcft das Verhalten des Patienten, seine psychische Verfassung und seine Selbsteinsch\u00e4tzung in Bezug auf die Beschwerden.<\/p>\n<\/div>\n<div class=\"w-100\">\n<p>\u201eDie Patienten kommen in die Klinik, um ihre Zahnprobleme zu l\u00f6sen, aber in vielen F\u00e4llen geschieht das nicht, weil die Ursache nicht an den Z\u00e4hnen liegt\u201c<span style=\"font-size: 1rem\">\u2013 sagt Dr. Szilvia Ambrus Zahn\u00e4rztin-Psychotherapeutin und Mitarbeiterin der Klinik f\u00fcr Zahn\u00e4rztliche Prothetik an der Semmelweis Universit\u00e4t. \u201eNach dem heutigen Stand der Wissenschaft kann die Einheit von K\u00f6rper und Seele nicht umgangen werden. Dies wird durch die Tatsache best\u00e4tigt, dass sich die Symptome chronischer Patienten in stressreichen Situationen ebenfalls verst\u00e4rken\u201c \u2013 f\u00fcgt sie hinzu. Neben biologischen und psychologischen Ursachen hat auch der soziale Hintergrund einen Einfluss auf den Zustand der Patienten. Schmerz ist ja auch ein erlerntes Verhalten, das je nach sozialem Hintergrund unterschiedlich behandelt wird.<\/span><\/p>\n<blockquote>\n<p>Wenn jemand mit Schmerzen lebt, kann sein sozialer Status anders sein, er kann stigmatisiert werden, das zu Angst, Depression und sogar Ausgrenzung f\u00fchren kann\u201c<\/p>\n<\/blockquote>\n<p>\u2013 sagt Dr. Szilvia Ambrus.<a href=\"https:\/\/semmelweis.hu\/deutsch\/files\/2023\/12\/RS187637_433A2820-scr.jpg\"><img loading=\"lazy\" decoding=\"async\" class=\"size-medium wp-image-35795 alignright\" src=\"https:\/\/semmelweis.hu\/deutsch\/files\/2023\/12\/RS187637_433A2820-scr-400x267.jpg\" alt=\"\" width=\"400\" height=\"267\" srcset=\"https:\/\/semmelweis.hu\/deutsch\/files\/2023\/12\/RS187637_433A2820-scr-400x267.jpg 400w, https:\/\/semmelweis.hu\/deutsch\/files\/2023\/12\/RS187637_433A2820-scr-1024x683.jpg 1024w, https:\/\/semmelweis.hu\/deutsch\/files\/2023\/12\/RS187637_433A2820-scr-768x512.jpg 768w, https:\/\/semmelweis.hu\/deutsch\/files\/2023\/12\/RS187637_433A2820-scr-753x502.jpg 753w, https:\/\/semmelweis.hu\/deutsch\/files\/2023\/12\/RS187637_433A2820-scr-203x135.jpg 203w, https:\/\/semmelweis.hu\/deutsch\/files\/2023\/12\/RS187637_433A2820-scr.jpg 1200w\" sizes=\"auto, (max-width: 400px) 100vw, 400px\" \/><\/a><\/p>\n<p>Daher ist neben der Diagnose auch das Informieren der Patienten eine Priorit\u00e4t. \u201eUm sicherzustellen, dass ein Patient, der mit einem knackenden Kiefergelenk in die Klinik kommt, versteht, wie sein Zustand zu verbessern ist, und nicht bef\u00fcrchtet, dass sich sein Zustand erheblich verschlechtert, sind Informationen unerl\u00e4sslich. Angst kann die Muskelspannung erh\u00f6hen und ein ansonsten einfaches Problem verschlimmern\u201c \u2013 erkl\u00e4rt sie.<\/p>\n<div class=\"fontos_div\">\n<p>Unbehandelte Symptome k\u00f6nnen langfristig zu psychischem Problem f\u00fchren, aber<span style=\"background-color: transparent;color: #313b40;font-family: Montserrat, sans-serif\">manche Menschen mit TMD sind ohnehin Perfektionisten, sie haben ein Bed\u00fcrfnis, etwas zu leisten, sie neigen zum Gr\u00fcbeln, sie versuchen, Probleme im Unbewussten zu verbergen, was sich in Form von Kieferpressen \u00e4u\u00dfern kann.<\/span><\/p>\n<\/div>\n<p>Die psychotherapeutische Unterst\u00fctzung ist auf den Einzelnen zugeschnitten, und bei Bedarf \u00fcberweist der Zahnarzt den Patienten an eine geeignete Behandlung. Das kann ein Selbsthilfebuch sein, eine achtsamkeitsbasierte Therapie, eine Verhaltenstherapie oder eine Beratung durch einen Psychologen. \u201eAll dies kann einem helfen, seine Probleme loszuwerden, anstatt mit den Z\u00e4hnen zu knirschen\u201c \u2013 sagt Dr. Szilvia Ambrus.<\/p>\n<p>Physiotherapie ist eine wichtige Erg\u00e4nzung zur zahnmedizinischen und psychologischen Behandlung von TMD, auch wenn sie oft nicht die Ursache behandelt. \u201eMit der Physiotherapie lindern wir die Schmerzen, verbessern die Funktion des Kaugelenks, was die Lebensqualit\u00e4t verbessert, und der Patient kann selbst das Problem kontrollieren, was auch eine psychologische Unterst\u00fctzung f\u00fcr ihn ist\u201c \u2013 sagt Bernadett Moln\u00e1r, Physiotherapeutin und eine der Entwickler des Kurses zur Physiotherapie und Kiefergelenksdysfunktion, die an der Fakult\u00e4t f\u00fcr Gesundheitswissenschaften an der Semmelweis Universit\u00e4t unterrichtet. Die Physiotherapie ist idealerweise auf den Einzelnen zugeschnitten, aber bestimme \u00dcbungen k\u00f6nnen auf Anraten eines Spezialisten f\u00fcr Kiefergelenksdysfunktion auch zu Hause durchgef\u00fchrt werden, wie es in der begleitenden Lehrvideo von Bernadett Moln\u00e1r erkl\u00e4rt wird.<a href=\"https:\/\/semmelweis.hu\/deutsch\/files\/2023\/12\/RS187631_IMG_7985-scr.jpg\"><img loading=\"lazy\" decoding=\"async\" class=\"size-medium wp-image-35794 alignright\" src=\"https:\/\/semmelweis.hu\/deutsch\/files\/2023\/12\/RS187631_IMG_7985-scr-267x400.jpg\" alt=\"\" width=\"267\" height=\"400\" srcset=\"https:\/\/semmelweis.hu\/deutsch\/files\/2023\/12\/RS187631_IMG_7985-scr-267x400.jpg 267w, https:\/\/semmelweis.hu\/deutsch\/files\/2023\/12\/RS187631_IMG_7985-scr.jpg 600w\" sizes=\"auto, (max-width: 267px) 100vw, 267px\" \/><\/a><\/p>\n<p>Neben der Beseitigung der Ursachen (Stress) geht es vor allem darum, unn\u00f6tige Bewegungen, die man nicht bewusst ausf\u00fchrt, bewusst zu machen und dann abzustellen. Wie bei der Unterst\u00fctzung der Raucherentw\u00f6hnung geschieht dies nicht von heute auf morgen; sind die kritischen Situationen erst einmal identifiziert, muss die Ersatzhandlung in diesen Situationen zun\u00e4chst durch eine andere T\u00e4tigkeit ersetzt werden, die keine Beschwerden verursacht. \u201ePost-it-Zettel mit der Aufschrift Entspannung an Orten, an denen wir viel Zeit verbringen, k\u00f6nnen dabei helfen&#8220; \u2013 sagt Bernadett Moln\u00e1r. \u201eMan kann eine Benachrichtigung auf dem Handy einstellen, die einen daran erinnert, von Zeit zu Zeit aufzustehen und Nacken- und Schulterdehnungen zu machen. Die Z\u00e4hne sollten einander im Ruhezustand nicht ber\u00fchren. Wenn Sie also dazu neigen, beim SMS-Schreiben die Z\u00e4hne zusammenzubei\u00dfen, empfehlen wir, stattdessen mit Zungenspitze den Gaumen zu ber\u00fchren&#8220;, erkl\u00e4rt sie.<\/p>\n<div class=\"fontos_div\">\n<p>TMD betrifft haupts\u00e4chlich die erwachsene Bev\u00f6lkerung, vor allem Frauen, aber auch Kinder und Jugendliche sind deutlich h\u00e4ufiger betroffen.\u00a0<\/p>\n<\/div>\n<p><iframe loading=\"lazy\" title=\"Semmelweis Oktat\u00f3vide\u00f3k: R\u00e1g\u00f3izmok laz\u00edt\u00e1sa otthon v\u00e9gezhet\u0151 gyakorlatokkal [ENG SUB]\" width=\"753\" height=\"424\" src=\"https:\/\/www.youtube.com\/embed\/j_ZnaHclDLk?feature=oembed\" frameborder=\"0\" allow=\"accelerometer; autoplay; clipboard-write; encrypted-media; gyroscope; picture-in-picture; web-share\" allowfullscreen><\/iframe><\/p>\n<p>Zs\u00f3fia V\u00e9gh<br \/>\n\u00dcbersetzung: Patr\u00edcia Hellinger<br \/>\nFoto: B\u00e1lint Barta, Bettina G\u00e1l \u2013 Semmelweis Universit\u00e4t\u00a0<br \/>\nVideo: Tamara Bartincki, Gergely Fodor-Nagy, Bettina G\u00e1l, N\u00e1ndor Gr\u0151ger, Eszter Kov\u00e1cs, Attila Kucsa, M\u00e1t\u00e9 Lefler, Z\u00e9t\u00e9ny Varga, Zs\u00f3fia V\u00e9gh, Anita Zsemlye \u2013 Semmelweis Univesit\u00e4t\u00a0<br \/>\nExpertin: Bernadett Alexa Moln\u00e1r, Physioterapeutin, Kieferspezialistin\u00a0<\/p>\n<\/div>\n<\/div>\n","protected":false},"excerpt":{"rendered":"<p>Schmerzen durch Z\u00e4hnepressen k\u00f6nnen bis zu 30% der Bev\u00f6lkerung betreffen. <\/p>\n","protected":false},"author":102282,"featured_media":35810,"comment_status":"closed","ping_status":"closed","sticky":false,"template":"","format":"standard","meta":{"_acf_changed":false,"footnotes":""},"categories":[78],"tags":[72],"class_list":["post-35726","post","type-post","status-publish","format-standard","has-post-thumbnail","hentry","category-aktuelles","tag-presse"],"acf":[],"_links":{"self":[{"href":"https:\/\/semmelweis.hu\/deutsch\/wp-json\/wp\/v2\/posts\/35726","targetHints":{"allow":["GET"]}}],"collection":[{"href":"https:\/\/semmelweis.hu\/deutsch\/wp-json\/wp\/v2\/posts"}],"about":[{"href":"https:\/\/semmelweis.hu\/deutsch\/wp-json\/wp\/v2\/types\/post"}],"author":[{"embeddable":true,"href":"https:\/\/semmelweis.hu\/deutsch\/wp-json\/wp\/v2\/users\/102282"}],"replies":[{"embeddable":true,"href":"https:\/\/semmelweis.hu\/deutsch\/wp-json\/wp\/v2\/comments?post=35726"}],"version-history":[{"count":9,"href":"https:\/\/semmelweis.hu\/deutsch\/wp-json\/wp\/v2\/posts\/35726\/revisions"}],"predecessor-version":[{"id":35886,"href":"https:\/\/semmelweis.hu\/deutsch\/wp-json\/wp\/v2\/posts\/35726\/revisions\/35886"}],"wp:featuredmedia":[{"embeddable":true,"href":"https:\/\/semmelweis.hu\/deutsch\/wp-json\/wp\/v2\/media\/35810"}],"wp:attachment":[{"href":"https:\/\/semmelweis.hu\/deutsch\/wp-json\/wp\/v2\/media?parent=35726"}],"wp:term":[{"taxonomy":"category","embeddable":true,"href":"https:\/\/semmelweis.hu\/deutsch\/wp-json\/wp\/v2\/categories?post=35726"},{"taxonomy":"post_tag","embeddable":true,"href":"https:\/\/semmelweis.hu\/deutsch\/wp-json\/wp\/v2\/tags?post=35726"}],"curies":[{"name":"wp","href":"https:\/\/api.w.org\/{rel}","templated":true}]}}