{"id":35521,"date":"2023-11-23T11:24:27","date_gmt":"2023-11-23T10:24:27","guid":{"rendered":"https:\/\/semmelweis.hu\/deutsch\/?p=35521"},"modified":"2023-11-23T11:24:27","modified_gmt":"2023-11-23T10:24:27","slug":"wie-kann-das-leben-von-menschen-mit-erblichen-netzhautkrankheiten-verbessert-werden","status":"publish","type":"post","link":"https:\/\/semmelweis.hu\/deutsch\/2023\/11\/23\/wie-kann-das-leben-von-menschen-mit-erblichen-netzhautkrankheiten-verbessert-werden\/","title":{"rendered":"Wie kann das Leben von Menschen mit erblichen Netzhautkrankheiten verbessert werden?"},"content":{"rendered":"<p style=\"text-align: justify\"><strong>Auf einer von der Klinik f\u00fcr Augenheilkunde der Semmelweis Universit\u00e4t und der Nationalen Vereinigung der Taubblinden organisierten Konferenz diskutierten Experten und betroffene Patienten \u00fcber die neuesten, angewandten und vielversprechenden Behandlungsm\u00f6glichkeiten f\u00fcr erbliche Netzhauterkrankungen, einschlie\u00dflich der Gentherapie.<\/strong><\/p>\n<p style=\"text-align: justify\"><img loading=\"lazy\" decoding=\"async\" class=\"size-medium wp-image-35520 alignleft\" src=\"https:\/\/semmelweis.hu\/deutsch\/files\/2023\/11\/RS183638_433A0314-scr-400x267.jpg\" alt=\"\" width=\"400\" height=\"267\" srcset=\"https:\/\/semmelweis.hu\/deutsch\/files\/2023\/11\/RS183638_433A0314-scr-400x267.jpg 400w, https:\/\/semmelweis.hu\/deutsch\/files\/2023\/11\/RS183638_433A0314-scr-1024x683.jpg 1024w, https:\/\/semmelweis.hu\/deutsch\/files\/2023\/11\/RS183638_433A0314-scr-768x512.jpg 768w, https:\/\/semmelweis.hu\/deutsch\/files\/2023\/11\/RS183638_433A0314-scr-753x502.jpg 753w, https:\/\/semmelweis.hu\/deutsch\/files\/2023\/11\/RS183638_433A0314-scr-203x135.jpg 203w, https:\/\/semmelweis.hu\/deutsch\/files\/2023\/11\/RS183638_433A0314-scr.jpg 1200w\" sizes=\"auto, (max-width: 400px) 100vw, 400px\" \/>In Ungarn leben mehr als eine halbe Million Menschen mit einer Behinderung, und ein F\u00fcnftel von ihnen hat eine kumulative Behinderung, d. h. sie haben mehr als eine Behinderung, die ihnen im t\u00e4glichen Leben Schwierigkeiten bereitet. Im engeren Sinne gibt es in Ungarn 3.000 Taubblinde, dazu kommen etwa 15.000 Menschen mit irgendeiner Form von Seh- oder H\u00f6rbehinderung. Durch die neue Pflegepolitik, die auf der gemeinsamen Verantwortung aller beruht, soll sichergestellt werden, dass nicht nur die Grundbed\u00fcrfnisse &#8211; wie in vergangenen Jahrzehnten &#8211; gedeckt werden, sondern die Familie, die lokalen Gemeinschaften und die Kirchen, und die Regierung und das Gesundheitssystem sollten einbezogen werden, um allen Betroffenen gleiche Chancen zu bieten und die soziale Eingliederung zu erleichtern&#8220; &#8211; sagte P\u00e9ter Csizi, Staatssekret\u00e4r f\u00fcr soziale Angelegenheiten des Innenministeriums, auf der von der Klinik f\u00fcr Augenheilkunde der Semmelweis Universit\u00e4t und der Nationalen Vereinigung der Taubblinden organisierten Veranstaltung zum Thema &#8222;Erbliche Netzhauterkrankungen&#8220;: Diagnostik, Therapie, Rehabilitation, Interessenvertretung.<\/p>\n<p style=\"text-align: justify\"><img loading=\"lazy\" decoding=\"async\" class=\"size-medium wp-image-35519 alignright\" src=\"https:\/\/semmelweis.hu\/deutsch\/files\/2023\/11\/RS183656_433A0360-scr-400x267.jpg\" alt=\"\" width=\"400\" height=\"267\" srcset=\"https:\/\/semmelweis.hu\/deutsch\/files\/2023\/11\/RS183656_433A0360-scr-400x267.jpg 400w, https:\/\/semmelweis.hu\/deutsch\/files\/2023\/11\/RS183656_433A0360-scr-1024x683.jpg 1024w, https:\/\/semmelweis.hu\/deutsch\/files\/2023\/11\/RS183656_433A0360-scr-768x512.jpg 768w, https:\/\/semmelweis.hu\/deutsch\/files\/2023\/11\/RS183656_433A0360-scr-753x502.jpg 753w, https:\/\/semmelweis.hu\/deutsch\/files\/2023\/11\/RS183656_433A0360-scr-203x135.jpg 203w, https:\/\/semmelweis.hu\/deutsch\/files\/2023\/11\/RS183656_433A0360-scr.jpg 1200w\" sizes=\"auto, (max-width: 400px) 100vw, 400px\" \/>Heutzutage wird der Informationserwerb beschleunigt und basiert zu 90-95 Prozent auf dem Sehen, und die meisten sehbehinderten Menschen sind auf externe Hilfe angewiesen &#8211; sagte Dr. Zolt\u00e1n Zsolt Nagy, Direktor der Klinik f\u00fcr Augenheilkunde an der Semmelweis Universit\u00e4t. Er betonte, dass die Entwicklung der Augenheilkunde und insbesondere der Gentherapie dazu gef\u00fchrt hat, dass die Lebensqualit\u00e4t von mehreren Patienten durch die heutigen medizinischen Behandlungen verbessert wird, und dass die Klinik f\u00fcr Augenheilkunde zusammen mit dem Institut f\u00fcr Anatomie auch mit der Forschungsgruppe von Dr. Botond Roska zusammenarbeitet, was hoffentlich zu bedeutenden Ver\u00e4nderungen im Leben der Patienten f\u00fchren wird. Er berichtete auch, dass die Klinik f\u00fcr Augenheilkunde bereits 10 erfolgreiche genchirurgische Eingriffe mit sehr positiven Ergebnissen durchgef\u00fchrt hat. Ich hoffe, dass diese Konferenz zu einer Tradition wird, bei der sich \u00c4rzte und Patienten sowie Patientenvertreter treffen und Informationen austauschen k\u00f6nnen&#8220; &#8211; f\u00fcgte Dr. Zolt\u00e1n Zsolt Nagy hinzu.<\/p>\n<p style=\"text-align: justify\">Auf der Konferenz wurde ein 30-min\u00fctiger Dokumentarfilm \u00fcber die Arbeit von Dr. Botond Roska gezeigt, der einen Einblick gibt, wie der in der Schweiz lebende Professor 20 Jahre lang geforscht und Durchbr\u00fcche in der Optogenetik zur Wiederherstellung des Sehverm\u00f6gens erzielt hat. Derzeit arbeitet er daran, die von ihm entdeckte sehverbessernde Behandlung zu einer f\u00fcr pharmazeutische Unternehmen rentablen Therapie zu entwickeln. Der Regisseur Ferenc T\u00e9gl\u00e1sy erz\u00e4hlte den Zuh\u00f6rern, was hinter den Kulissen des Dokumentarfilms geschah.<\/p>\n<p style=\"text-align: justify\">Das Fachprogramm wurde von Dr. Krisztina Kn\u00e9zy, Klinische Chef\u00e4rztin, mit einem Vortrag \u00fcber die Arten und Symptome erblicher Augenkrankheiten und die Bedeutung der altersbedingten Vorsorgeuntersuchungen im fr\u00fchen Kindesalter in Ungarn er\u00f6ffnet. Sie wies darauf hin, dass Krankenschwestern bei der Untersuchung von Kleinkindern unverzichtbar sind, und erw\u00e4hnte, dass die au\u00dferordentliche Professorin der Klinik, Dr. Amarilla Barcsay-Veress, Fortbildungskurse \u00fcber die neuesten Forschungsergebnisse zur Fr\u00fcherkennung von Netzhautdystrophien organisiert. Dr. Vikt\u00f3ria Szab\u00f3, au\u00dferordentliche Professorin der Klinik, gab einen \u00dcberblick \u00fcber die Situation des genetischen Screenings in Ungarn und erw\u00e4hnte, dass es seit 2019 eine Klinik f\u00fcr Augengenetik an der Semmelweis Universit\u00e4t gibt und dass die Einrichtung seit 2021 eine Kooperationsvereinbarung mit der Forschungsgruppe von Professor Roska in Basel hat.<\/p>\n<p style=\"text-align: justify\"><img loading=\"lazy\" decoding=\"async\" class=\"aligncenter wp-image-35518 size-full\" src=\"https:\/\/semmelweis.hu\/deutsch\/files\/2023\/11\/RS183681_433A0474-scr.jpg\" alt=\"\" width=\"1200\" height=\"800\" srcset=\"https:\/\/semmelweis.hu\/deutsch\/files\/2023\/11\/RS183681_433A0474-scr.jpg 1200w, https:\/\/semmelweis.hu\/deutsch\/files\/2023\/11\/RS183681_433A0474-scr-400x267.jpg 400w, https:\/\/semmelweis.hu\/deutsch\/files\/2023\/11\/RS183681_433A0474-scr-1024x683.jpg 1024w, https:\/\/semmelweis.hu\/deutsch\/files\/2023\/11\/RS183681_433A0474-scr-768x512.jpg 768w, https:\/\/semmelweis.hu\/deutsch\/files\/2023\/11\/RS183681_433A0474-scr-753x502.jpg 753w, https:\/\/semmelweis.hu\/deutsch\/files\/2023\/11\/RS183681_433A0474-scr-203x135.jpg 203w\" sizes=\"auto, (max-width: 1200px) 100vw, 1200px\" \/><\/p>\n<p style=\"text-align: justify\">Dr. Annam\u00e1ria Ditta Zobor, au\u00dferordentliche Professorin, erkl\u00e4rte, dass die Wissenschaft mehr als 300 solche Gene kennt, die Netzhauterkrankungen verursachen k\u00f6nnen, und dass die Funktion eines einzigen Gens sogar mehrere Krankheiten verursachen kann. Dies und die Wahl der Behandlungsstrategie h\u00e4ngen zum Teil davon ab, in welchem Stadium die Augen\u00e4rzte Patienten mit bestimmten Krankheiten antreffen. Oft sind die therapeutischen M\u00f6glichkeiten begrenzt und mitunter ist auch die Verhinderung einer weiteren Verschlechterung ein Erfolg. In ihrem Vortrag gab sie einen \u00dcberblick \u00fcber die derzeit verf\u00fcgbaren und die in der Versuchsphase befindlichen therapeutischen Optionen und die damit erzielbaren Ergebnisse: von medikament\u00f6sen Optionen bis hin zu Gentechnik, Stammzelltherapie, Optogenetik und subretinalen Implantaten (in Ungarn wurde bisher bei zwei Patienten ein solcher sehverbessernder Mikrochip implantiert).<\/p>\n<p style=\"text-align: justify\">Dr. Anita G\u00e1borj\u00e1n, Assistenzprofessorin und Leiterin der audiologischen Abteilung der Klinik f\u00fcr Hals-, Nasen- und Ohrenheilkunde und Kopf- und Halschirurgie der Semmelweis Universit\u00e4t, sprach \u00fcber die Behandlungsm\u00f6glichkeiten, die es heute im Bereich der Hals-, Nasen- und Ohrenheilkunde f\u00fcr genetische Syndrome gibt, die mit H\u00f6r- und Sehbehinderungen einhergehen. Die Konferenzteilnehmer h\u00f6rten einen Vortrag \u00fcber die beruflichen Interessenvertretungsaktivit\u00e4ten des Ungarischen Blinden- und Sehbehindertenverbands und der Nationalen Vereinigung der Taubblinden sowie einen Vortrag von Zsolt Szilaj, dem Leiter des Zentrums f\u00fcr prim\u00e4re Rehabilitationsmethodik f\u00fcr Sehbehinderte am Nationalen Institut f\u00fcr Sozialpolitik Margit Slachta, \u00fcber das heutige Angebot an prim\u00e4ren Rehabilitationsdiensten in Ungarn. Sie pr\u00e4sentierten auch die Dienstleistungen, die im Grundrehabilitationszentrum der Nationalen Vereinigung der Taubblinden angeboten werden.<\/p>\n\r\n        [slb_exclude]\r\n        <div class=\"row galeria-wrapper mx-0 h-auto\">\r\n            <div class=\"col-9 pl-0 pr-2\">\r\n            <span class=\"gallery-item frame\">\r\n\t\t\t\t<div class=\"galeria-left-img\"><a href=\"https:\/\/semmelweis.hu\/deutsch\/files\/2023\/11\/RS183653_433A0351-scr.jpg\"><img src=https:\/\/semmelweis.hu\/deutsch\/files\/2023\/11\/RS183653_433A0351-scr.jpg  \r\n                            alt=\"\" \r\n                            class=\"attachment-sote-gallery-big size-sote-gallery-big\" \r\n                            srcset=\"https:\/\/semmelweis.hu\/deutsch\/files\/2023\/11\/RS183653_433A0351-scr-400x267.jpg 400w, https:\/\/semmelweis.hu\/deutsch\/files\/2023\/11\/RS183653_433A0351-scr-1024x683.jpg 1024w, https:\/\/semmelweis.hu\/deutsch\/files\/2023\/11\/RS183653_433A0351-scr-768x512.jpg 768w, https:\/\/semmelweis.hu\/deutsch\/files\/2023\/11\/RS183653_433A0351-scr-753x502.jpg 753w, https:\/\/semmelweis.hu\/deutsch\/files\/2023\/11\/RS183653_433A0351-scr-203x135.jpg 203w, https:\/\/semmelweis.hu\/deutsch\/files\/2023\/11\/RS183653_433A0351-scr.jpg 1200w\" ><\/a><\/div>\r\n            <\/span>\r\n\r\n            <\/div>\r\n\r\n\t\t\t<div class=\"col-3 pl-0 pr-0\">\r\n\t\t\t\t<div class=\"galeria-right-img d-flex justify-content-between flex-column h-100 w-100 px-0 mx-0 \">\r\n                <div class=\"galeria-box\">\r\n\t\t\t\t\t<h3 class=\"galeria-title\">Galerie<\/h3>\r\n\t\t\t\t\t<div class=\"galeria-subtitle\">\r\n\r\n\t\t\t\t\t\t<div class=\"galeria-page-counter\"><span>14<\/span>bilder<\/div>\r\n                    <\/div> <\/div>\r\n                    <span class=\"gallery-item frame d-none d-md-flex\">\r\n\t\t\t\t\t<div class=\"galeria-small-img mt-0\"><a href=\"https:\/\/semmelweis.hu\/deutsch\/files\/2023\/11\/RS183638_433A0314-scr-1.jpg\"><img src=https:\/\/semmelweis.hu\/deutsch\/files\/2023\/11\/RS183638_433A0314-scr-1.jpg \r\n                                alt=\"\"  \r\n                                class=\"attachment-sote-gallery-small size-sote-gallery-small\" \r\n                                srcset=\"https:\/\/semmelweis.hu\/deutsch\/files\/2023\/11\/RS183638_433A0314-scr-1-400x267.jpg 400w, https:\/\/semmelweis.hu\/deutsch\/files\/2023\/11\/RS183638_433A0314-scr-1-1024x683.jpg 1024w, https:\/\/semmelweis.hu\/deutsch\/files\/2023\/11\/RS183638_433A0314-scr-1-768x512.jpg 768w, https:\/\/semmelweis.hu\/deutsch\/files\/2023\/11\/RS183638_433A0314-scr-1-753x502.jpg 753w, https:\/\/semmelweis.hu\/deutsch\/files\/2023\/11\/RS183638_433A0314-scr-1-203x135.jpg 203w, https:\/\/semmelweis.hu\/deutsch\/files\/2023\/11\/RS183638_433A0314-scr-1.jpg 1200w\" ><\/a><\/div>\r\n                    <\/span>\r\n                    <span class=\"gallery-item frame d-none d-md-flex\">\r\n\t\t\t\t\t<div class=\"galeria-small-img mt-0\"><a href=\"https:\/\/semmelweis.hu\/deutsch\/files\/2023\/11\/RS183656_433A0360-scr-1.jpg\"><img src=https:\/\/semmelweis.hu\/deutsch\/files\/2023\/11\/RS183656_433A0360-scr-1.jpg \r\n                                alt=\"\" \r\n                                class=\"attachment-sote-gallery-small size-sote-gallery-small\" \r\n                                srcset=\"https:\/\/semmelweis.hu\/deutsch\/files\/2023\/11\/RS183656_433A0360-scr-1-400x267.jpg 400w, https:\/\/semmelweis.hu\/deutsch\/files\/2023\/11\/RS183656_433A0360-scr-1-1024x683.jpg 1024w, https:\/\/semmelweis.hu\/deutsch\/files\/2023\/11\/RS183656_433A0360-scr-1-768x512.jpg 768w, https:\/\/semmelweis.hu\/deutsch\/files\/2023\/11\/RS183656_433A0360-scr-1-753x502.jpg 753w, https:\/\/semmelweis.hu\/deutsch\/files\/2023\/11\/RS183656_433A0360-scr-1-203x135.jpg 203w, https:\/\/semmelweis.hu\/deutsch\/files\/2023\/11\/RS183656_433A0360-scr-1.jpg 1200w\" ><\/a><\/div>\r\n                    <\/span>\r\n\r\n                <\/div>\r\n\r\n            <\/div>\r\n\r\n            <span class=\"gallery-item\"><div class=\"hidden\"><a href=\"https:\/\/semmelweis.hu\/deutsch\/files\/2023\/11\/RS183661_433A0383-scr.jpg\">\r\n        <img src=https:\/\/semmelweis.hu\/deutsch\/files\/2023\/11\/RS183661_433A0383-scr.jpg alt=\"\" class=\"attachment-sote-gallery-big size-sote-gallery-big\" srcset=\"https:\/\/semmelweis.hu\/deutsch\/files\/2023\/11\/RS183661_433A0383-scr-400x267.jpg 400w, https:\/\/semmelweis.hu\/deutsch\/files\/2023\/11\/RS183661_433A0383-scr-1024x683.jpg 1024w, https:\/\/semmelweis.hu\/deutsch\/files\/2023\/11\/RS183661_433A0383-scr-768x512.jpg 768w, https:\/\/semmelweis.hu\/deutsch\/files\/2023\/11\/RS183661_433A0383-scr-753x502.jpg 753w, https:\/\/semmelweis.hu\/deutsch\/files\/2023\/11\/RS183661_433A0383-scr-203x135.jpg 203w, https:\/\/semmelweis.hu\/deutsch\/files\/2023\/11\/RS183661_433A0383-scr.jpg 1200w\" >\r\n        <\/a><\/div><\/span><span class=\"gallery-item\"><div class=\"hidden\"><a href=\"https:\/\/semmelweis.hu\/deutsch\/files\/2023\/11\/RS183644_433A0331-scr.jpg\">\r\n        <img src=https:\/\/semmelweis.hu\/deutsch\/files\/2023\/11\/RS183644_433A0331-scr.jpg alt=\"\" class=\"attachment-sote-gallery-big size-sote-gallery-big\" srcset=\"https:\/\/semmelweis.hu\/deutsch\/files\/2023\/11\/RS183644_433A0331-scr-400x267.jpg 400w, https:\/\/semmelweis.hu\/deutsch\/files\/2023\/11\/RS183644_433A0331-scr-1024x683.jpg 1024w, https:\/\/semmelweis.hu\/deutsch\/files\/2023\/11\/RS183644_433A0331-scr-768x512.jpg 768w, https:\/\/semmelweis.hu\/deutsch\/files\/2023\/11\/RS183644_433A0331-scr-753x502.jpg 753w, https:\/\/semmelweis.hu\/deutsch\/files\/2023\/11\/RS183644_433A0331-scr-203x135.jpg 203w, https:\/\/semmelweis.hu\/deutsch\/files\/2023\/11\/RS183644_433A0331-scr.jpg 1200w\" >\r\n        <\/a><\/div><\/span><span class=\"gallery-item\"><div class=\"hidden\"><a href=\"https:\/\/semmelweis.hu\/deutsch\/files\/2023\/11\/RS183665_433A0410-scr.jpg\">\r\n        <img src=https:\/\/semmelweis.hu\/deutsch\/files\/2023\/11\/RS183665_433A0410-scr.jpg alt=\"\" class=\"attachment-sote-gallery-big size-sote-gallery-big\" srcset=\"https:\/\/semmelweis.hu\/deutsch\/files\/2023\/11\/RS183665_433A0410-scr-400x267.jpg 400w, https:\/\/semmelweis.hu\/deutsch\/files\/2023\/11\/RS183665_433A0410-scr-1024x683.jpg 1024w, https:\/\/semmelweis.hu\/deutsch\/files\/2023\/11\/RS183665_433A0410-scr-768x512.jpg 768w, https:\/\/semmelweis.hu\/deutsch\/files\/2023\/11\/RS183665_433A0410-scr-753x502.jpg 753w, https:\/\/semmelweis.hu\/deutsch\/files\/2023\/11\/RS183665_433A0410-scr-203x135.jpg 203w, https:\/\/semmelweis.hu\/deutsch\/files\/2023\/11\/RS183665_433A0410-scr.jpg 1200w\" >\r\n        <\/a><\/div><\/span><span class=\"gallery-item\"><div class=\"hidden\"><a href=\"https:\/\/semmelweis.hu\/deutsch\/files\/2023\/11\/RS183670_433A0432-scr.jpg\">\r\n        <img src=https:\/\/semmelweis.hu\/deutsch\/files\/2023\/11\/RS183670_433A0432-scr.jpg alt=\"\" class=\"attachment-sote-gallery-big size-sote-gallery-big\" srcset=\"https:\/\/semmelweis.hu\/deutsch\/files\/2023\/11\/RS183670_433A0432-scr-400x267.jpg 400w, https:\/\/semmelweis.hu\/deutsch\/files\/2023\/11\/RS183670_433A0432-scr-1024x683.jpg 1024w, https:\/\/semmelweis.hu\/deutsch\/files\/2023\/11\/RS183670_433A0432-scr-768x512.jpg 768w, https:\/\/semmelweis.hu\/deutsch\/files\/2023\/11\/RS183670_433A0432-scr-753x502.jpg 753w, https:\/\/semmelweis.hu\/deutsch\/files\/2023\/11\/RS183670_433A0432-scr-203x135.jpg 203w, https:\/\/semmelweis.hu\/deutsch\/files\/2023\/11\/RS183670_433A0432-scr.jpg 1200w\" >\r\n        <\/a><\/div><\/span><span class=\"gallery-item\"><div class=\"hidden\"><a href=\"https:\/\/semmelweis.hu\/deutsch\/files\/2023\/11\/RS183681_433A0474-scr-1.jpg\">\r\n        <img src=https:\/\/semmelweis.hu\/deutsch\/files\/2023\/11\/RS183681_433A0474-scr-1.jpg alt=\"\" class=\"attachment-sote-gallery-big size-sote-gallery-big\" srcset=\"https:\/\/semmelweis.hu\/deutsch\/files\/2023\/11\/RS183681_433A0474-scr-1-400x267.jpg 400w, https:\/\/semmelweis.hu\/deutsch\/files\/2023\/11\/RS183681_433A0474-scr-1-1024x683.jpg 1024w, https:\/\/semmelweis.hu\/deutsch\/files\/2023\/11\/RS183681_433A0474-scr-1-768x512.jpg 768w, https:\/\/semmelweis.hu\/deutsch\/files\/2023\/11\/RS183681_433A0474-scr-1-753x502.jpg 753w, https:\/\/semmelweis.hu\/deutsch\/files\/2023\/11\/RS183681_433A0474-scr-1-203x135.jpg 203w, https:\/\/semmelweis.hu\/deutsch\/files\/2023\/11\/RS183681_433A0474-scr-1.jpg 1200w\" >\r\n        <\/a><\/div><\/span><span class=\"gallery-item\"><div class=\"hidden\"><a href=\"https:\/\/semmelweis.hu\/deutsch\/files\/2023\/11\/RS183647_433A0337-scr.jpg\">\r\n        <img src=https:\/\/semmelweis.hu\/deutsch\/files\/2023\/11\/RS183647_433A0337-scr.jpg alt=\"\" class=\"attachment-sote-gallery-big size-sote-gallery-big\" srcset=\"https:\/\/semmelweis.hu\/deutsch\/files\/2023\/11\/RS183647_433A0337-scr-400x267.jpg 400w, https:\/\/semmelweis.hu\/deutsch\/files\/2023\/11\/RS183647_433A0337-scr-1024x683.jpg 1024w, https:\/\/semmelweis.hu\/deutsch\/files\/2023\/11\/RS183647_433A0337-scr-768x512.jpg 768w, https:\/\/semmelweis.hu\/deutsch\/files\/2023\/11\/RS183647_433A0337-scr-753x502.jpg 753w, https:\/\/semmelweis.hu\/deutsch\/files\/2023\/11\/RS183647_433A0337-scr-203x135.jpg 203w, https:\/\/semmelweis.hu\/deutsch\/files\/2023\/11\/RS183647_433A0337-scr.jpg 1200w\" >\r\n        <\/a><\/div><\/span><span class=\"gallery-item\"><div class=\"hidden\"><a href=\"https:\/\/semmelweis.hu\/deutsch\/files\/2023\/11\/RS183674_433A0458-scr.jpg\">\r\n        <img src=https:\/\/semmelweis.hu\/deutsch\/files\/2023\/11\/RS183674_433A0458-scr.jpg alt=\"\" class=\"attachment-sote-gallery-big size-sote-gallery-big\" srcset=\"https:\/\/semmelweis.hu\/deutsch\/files\/2023\/11\/RS183674_433A0458-scr-400x267.jpg 400w, https:\/\/semmelweis.hu\/deutsch\/files\/2023\/11\/RS183674_433A0458-scr-1024x683.jpg 1024w, https:\/\/semmelweis.hu\/deutsch\/files\/2023\/11\/RS183674_433A0458-scr-768x512.jpg 768w, https:\/\/semmelweis.hu\/deutsch\/files\/2023\/11\/RS183674_433A0458-scr-753x502.jpg 753w, https:\/\/semmelweis.hu\/deutsch\/files\/2023\/11\/RS183674_433A0458-scr-203x135.jpg 203w, https:\/\/semmelweis.hu\/deutsch\/files\/2023\/11\/RS183674_433A0458-scr.jpg 1200w\" >\r\n        <\/a><\/div><\/span><span class=\"gallery-item\"><div class=\"hidden\"><a href=\"https:\/\/semmelweis.hu\/deutsch\/files\/2023\/11\/RS183675_433A0461-scr-e1700734128197.jpg\">\r\n        <img src=https:\/\/semmelweis.hu\/deutsch\/files\/2023\/11\/RS183675_433A0461-scr-e1700734128197.jpg alt=\"\" class=\"attachment-sote-gallery-big size-sote-gallery-big\" srcset=\"https:\/\/semmelweis.hu\/deutsch\/files\/2023\/11\/RS183675_433A0461-scr-400x267.jpg 400w, https:\/\/semmelweis.hu\/deutsch\/files\/2023\/11\/RS183675_433A0461-scr-1024x683.jpg 1024w, https:\/\/semmelweis.hu\/deutsch\/files\/2023\/11\/RS183675_433A0461-scr-768x512.jpg 768w, https:\/\/semmelweis.hu\/deutsch\/files\/2023\/11\/RS183675_433A0461-scr-753x502.jpg 753w, https:\/\/semmelweis.hu\/deutsch\/files\/2023\/11\/RS183675_433A0461-scr-203x135.jpg 203w, https:\/\/semmelweis.hu\/deutsch\/files\/2023\/11\/RS183675_433A0461-scr-e1700734128197.jpg 700w\" >\r\n        <\/a><\/div><\/span><span class=\"gallery-item\"><div class=\"hidden\"><a href=\"https:\/\/semmelweis.hu\/deutsch\/files\/2023\/11\/RS183682_433A0478-scr.jpg\">\r\n        <img src=https:\/\/semmelweis.hu\/deutsch\/files\/2023\/11\/RS183682_433A0478-scr.jpg alt=\"\" class=\"attachment-sote-gallery-big size-sote-gallery-big\" srcset=\"https:\/\/semmelweis.hu\/deutsch\/files\/2023\/11\/RS183682_433A0478-scr-400x267.jpg 400w, https:\/\/semmelweis.hu\/deutsch\/files\/2023\/11\/RS183682_433A0478-scr-1024x683.jpg 1024w, https:\/\/semmelweis.hu\/deutsch\/files\/2023\/11\/RS183682_433A0478-scr-768x512.jpg 768w, https:\/\/semmelweis.hu\/deutsch\/files\/2023\/11\/RS183682_433A0478-scr-753x502.jpg 753w, https:\/\/semmelweis.hu\/deutsch\/files\/2023\/11\/RS183682_433A0478-scr-203x135.jpg 203w, https:\/\/semmelweis.hu\/deutsch\/files\/2023\/11\/RS183682_433A0478-scr.jpg 1200w\" >\r\n        <\/a><\/div><\/span><span class=\"gallery-item\"><div class=\"hidden\"><a href=\"https:\/\/semmelweis.hu\/deutsch\/files\/2023\/11\/RS183683_433A0479-scr.jpg\">\r\n        <img src=https:\/\/semmelweis.hu\/deutsch\/files\/2023\/11\/RS183683_433A0479-scr.jpg alt=\"\" class=\"attachment-sote-gallery-big size-sote-gallery-big\" srcset=\"https:\/\/semmelweis.hu\/deutsch\/files\/2023\/11\/RS183683_433A0479-scr-400x267.jpg 400w, https:\/\/semmelweis.hu\/deutsch\/files\/2023\/11\/RS183683_433A0479-scr-1024x683.jpg 1024w, https:\/\/semmelweis.hu\/deutsch\/files\/2023\/11\/RS183683_433A0479-scr-768x512.jpg 768w, https:\/\/semmelweis.hu\/deutsch\/files\/2023\/11\/RS183683_433A0479-scr-753x502.jpg 753w, https:\/\/semmelweis.hu\/deutsch\/files\/2023\/11\/RS183683_433A0479-scr-203x135.jpg 203w, https:\/\/semmelweis.hu\/deutsch\/files\/2023\/11\/RS183683_433A0479-scr.jpg 1200w\" >\r\n        <\/a><\/div><\/span><span class=\"gallery-item\"><div class=\"hidden\"><a href=\"https:\/\/semmelweis.hu\/deutsch\/files\/2023\/11\/RS183684_433A0486-scr.jpg\">\r\n        <img src=https:\/\/semmelweis.hu\/deutsch\/files\/2023\/11\/RS183684_433A0486-scr.jpg alt=\"\" class=\"attachment-sote-gallery-big size-sote-gallery-big\" srcset=\"https:\/\/semmelweis.hu\/deutsch\/files\/2023\/11\/RS183684_433A0486-scr-400x267.jpg 400w, https:\/\/semmelweis.hu\/deutsch\/files\/2023\/11\/RS183684_433A0486-scr-1024x683.jpg 1024w, https:\/\/semmelweis.hu\/deutsch\/files\/2023\/11\/RS183684_433A0486-scr-768x512.jpg 768w, https:\/\/semmelweis.hu\/deutsch\/files\/2023\/11\/RS183684_433A0486-scr-753x502.jpg 753w, https:\/\/semmelweis.hu\/deutsch\/files\/2023\/11\/RS183684_433A0486-scr-203x135.jpg 203w, https:\/\/semmelweis.hu\/deutsch\/files\/2023\/11\/RS183684_433A0486-scr.jpg 1200w\" >\r\n        <\/a><\/div><\/span>\r\n            <\/div>\r\n\r\n            [\/slb_exclude]\r\n\t\n<p style=\"text-align: justify\">Die Veranstaltung stand nicht nur Fachleuten &#8211; Augen\u00e4rzten, HNO-\u00c4rzten, Medizinstudenten, Heilp\u00e4dagogen &#8211; offen, sondern auch seh- und h\u00f6rbehinderten Menschen und ihren Familien, die von Geb\u00e4rdendolmetschern und synchroner Textprojektion unterst\u00fctzt wurden.<\/p>\n<p style=\"text-align: justify\">\u00a0<\/p>\n<p style=\"text-align: justify\">Melinda Katalin Kiss <br \/>\nPhoto: B\u00e1lint Barta \u2013 Semmelweis Universit\u00e4t<br \/>\n\u00dcbersetzung: Judit Szlov\u00e1k<\/p>\n","protected":false},"excerpt":{"rendered":"<p>Auf einer von der Klinik f\u00fcr Augenheilkunde der Semmelweis Universit\u00e4t und der Nationalen Vereinigung der Taubblinden organisierten Konferenz diskutierten Experten und betroffene Patienten \u00fcber die neuesten, angewandten und vielversprechenden Behandlungsm\u00f6glichkeiten f\u00fcr erbliche Netzhauterkrankungen, einschlie\u00dflich der Gentherapie. In Ungarn leben mehr als eine halbe Million Menschen mit einer Behinderung, und ein F\u00fcnftel von ihnen hat eine &hellip;<\/p>\n","protected":false},"author":101423,"featured_media":35507,"comment_status":"closed","ping_status":"closed","sticky":false,"template":"","format":"standard","meta":{"_acf_changed":false,"footnotes":""},"categories":[78],"tags":[117],"class_list":["post-35521","post","type-post","status-publish","format-standard","has-post-thumbnail","hentry","category-aktuelles","tag-patientenversorgung"],"acf":[],"_links":{"self":[{"href":"https:\/\/semmelweis.hu\/deutsch\/wp-json\/wp\/v2\/posts\/35521","targetHints":{"allow":["GET"]}}],"collection":[{"href":"https:\/\/semmelweis.hu\/deutsch\/wp-json\/wp\/v2\/posts"}],"about":[{"href":"https:\/\/semmelweis.hu\/deutsch\/wp-json\/wp\/v2\/types\/post"}],"author":[{"embeddable":true,"href":"https:\/\/semmelweis.hu\/deutsch\/wp-json\/wp\/v2\/users\/101423"}],"replies":[{"embeddable":true,"href":"https:\/\/semmelweis.hu\/deutsch\/wp-json\/wp\/v2\/comments?post=35521"}],"version-history":[{"count":2,"href":"https:\/\/semmelweis.hu\/deutsch\/wp-json\/wp\/v2\/posts\/35521\/revisions"}],"predecessor-version":[{"id":35523,"href":"https:\/\/semmelweis.hu\/deutsch\/wp-json\/wp\/v2\/posts\/35521\/revisions\/35523"}],"wp:featuredmedia":[{"embeddable":true,"href":"https:\/\/semmelweis.hu\/deutsch\/wp-json\/wp\/v2\/media\/35507"}],"wp:attachment":[{"href":"https:\/\/semmelweis.hu\/deutsch\/wp-json\/wp\/v2\/media?parent=35521"}],"wp:term":[{"taxonomy":"category","embeddable":true,"href":"https:\/\/semmelweis.hu\/deutsch\/wp-json\/wp\/v2\/categories?post=35521"},{"taxonomy":"post_tag","embeddable":true,"href":"https:\/\/semmelweis.hu\/deutsch\/wp-json\/wp\/v2\/tags?post=35521"}],"curies":[{"name":"wp","href":"https:\/\/api.w.org\/{rel}","templated":true}]}}