{"id":3477,"date":"2019-09-20T17:16:04","date_gmt":"2019-09-20T15:16:04","guid":{"rendered":"http:\/\/test.semmelweis.hu\/medizinstudium\/?p=3477"},"modified":"2019-09-20T17:16:04","modified_gmt":"2019-09-20T15:16:04","slug":"herbstferien","status":"publish","type":"post","link":"https:\/\/semmelweis.hu\/deutsch\/2019\/09\/20\/herbstferien\/","title":{"rendered":"Herbstferien"},"content":{"rendered":"<p>Liebe Studierende!<\/p>\n<p>hiermit m\u00f6chte ich Ihnen Folgendes bekannt geben:<\/p>\n<p>Von Prof. Dr. B\u00e9la Merkely, Rektor der Semmelweis Universit\u00e4t wurden f\u00fcr die Studierenden im Herbstsemester des Studienjahres 2019\/20 <strong>vom 23. Oktober bis 27. Oktober 2019 Herbstferien<\/strong> angeordnet.<\/p>\n<p>Mit freundlichen Gr\u00fc\u00dfen<\/p>\n<p>Edit Gimpl<\/p>\n<p>Administrative Leiterin<br \/>\nStudentensekretariat des Deutschsprachigen Studiums<\/p>\n","protected":false},"excerpt":{"rendered":"<p>Liebe Studierende!<br \/>\nhiermit m\u00f6chte ich Ihnen Folgendes bekannt geben:<br \/>\nVon Prof. Dr. B\u00e9la Merkely, Rektor der Semmelweis Universit\u00e4t wurden f\u00fcr die Studierenden im Herbstsemester des Studienjahres 2019\/20 vom 23. Oktober bis 27. Oktober 2019 Herbstferien angeordnet.<br \/>\nMit freundlichen Gr\u00fc\u00dfen<br \/>\nEdit Gimpl<br \/>\nAdministrative Leiterin<br \/>\nStudentensekretariat des Deutschsprachigen Studiums<\/p>\n","protected":false},"author":101614,"featured_media":3478,"comment_status":"closed","ping_status":"closed","sticky":false,"template":"","format":"standard","meta":{"_acf_changed":false,"footnotes":""},"categories":[30],"tags":[],"class_list":["post-3477","post","type-post","status-publish","format-standard","has-post-thumbnail","hentry","category-studium-aktuell"],"acf":[],"_links":{"self":[{"href":"https:\/\/semmelweis.hu\/deutsch\/wp-json\/wp\/v2\/posts\/3477","targetHints":{"allow":["GET"]}}],"collection":[{"href":"https:\/\/semmelweis.hu\/deutsch\/wp-json\/wp\/v2\/posts"}],"about":[{"href":"https:\/\/semmelweis.hu\/deutsch\/wp-json\/wp\/v2\/types\/post"}],"author":[{"embeddable":true,"href":"https:\/\/semmelweis.hu\/deutsch\/wp-json\/wp\/v2\/users\/101614"}],"replies":[{"embeddable":true,"href":"https:\/\/semmelweis.hu\/deutsch\/wp-json\/wp\/v2\/comments?post=3477"}],"version-history":[{"count":0,"href":"https:\/\/semmelweis.hu\/deutsch\/wp-json\/wp\/v2\/posts\/3477\/revisions"}],"wp:featuredmedia":[{"embeddable":true,"href":"https:\/\/semmelweis.hu\/deutsch\/wp-json\/wp\/v2\/media\/3478"}],"wp:attachment":[{"href":"https:\/\/semmelweis.hu\/deutsch\/wp-json\/wp\/v2\/media?parent=3477"}],"wp:term":[{"taxonomy":"category","embeddable":true,"href":"https:\/\/semmelweis.hu\/deutsch\/wp-json\/wp\/v2\/categories?post=3477"},{"taxonomy":"post_tag","embeddable":true,"href":"https:\/\/semmelweis.hu\/deutsch\/wp-json\/wp\/v2\/tags?post=3477"}],"curies":[{"name":"wp","href":"https:\/\/api.w.org\/{rel}","templated":true}]}}