{"id":3325,"date":"2019-09-19T06:31:44","date_gmt":"2019-09-19T04:31:44","guid":{"rendered":"http:\/\/test.semmelweis.hu\/medizinstudium\/?p=3325"},"modified":"2019-09-19T06:31:44","modified_gmt":"2019-09-19T04:31:44","slug":"rektori-koeszoento","status":"publish","type":"post","link":"https:\/\/semmelweis.hu\/deutsch\/2019\/09\/19\/rektori-koeszoento\/","title":{"rendered":"Rede des Rektors zum Jubil\u00e4umsjahr"},"content":{"rendered":"<p>Liebe Studierende der Semmelweis Universit\u00e4t!<br \/>\nLiebe Mitarbeiterinnen und Miarbeiter der Semmelweis Universit\u00e4t!<\/p>\n<p>&nbsp;<\/p>\n<p>2019 feiert unsere Universit\u00e4t \u2013 die sowohl landesweit als auch auf internationaler Ebene als Flaggschiff der \u00e4rztlichen und gesundheitswissenschaftlichen Ausbildung, Forschung und Kliniken z\u00e4hlt \u2013 die 250. Jahresfeier ihrer Gr\u00fcndung. Dieses Jubil\u00e4um ist ein Meilenstein, der f\u00fcr uns alle die M\u00f6glichkeit gibt, neu zu definieren, wie die Semmelweis Universit\u00e4t und dadurch die Mediziner-, die Pharmazeuten- sowie die gesundheitswissenschaftliche Ausbildung, Forschung und Innovation und nicht zuletzt die Patientenversorgung in Ungarn, die all dies begr\u00fcndet, f\u00fcr die n\u00e4chsten 250 Jahre erneuert werden kann.<\/p>\n<p>Wir arbeiten an der Gestaltung einer Universit\u00e4t, die die hervorragendsten \u00c4rztinnen und \u00c4rzte und Medizinerinnen und Mediziner aus- und weiterbildet. Unser wichtigstes Ziel ist es, dass die Patienten durch unsere, an der Semmelweis Universit\u00e4t ausgebildeten Medizinexperten die beste \u00e4rztliche, zahn\u00e4rztliche, medizinische, pharmazeutische Versorgung oder konduktive Therapie erhalten.<\/p>\n<p>Weiterhin ist es wichtig, dass die \u00c4rzteausbildung in Ungarn insofern erneuert wird, dass die praxisorientierte Ausbildung im Vordergrund steht. Die uns umgebende Welt ver\u00e4ndert sich st\u00e4ndig. Deshalb ist es besonders wichtig, unsere Ziele und Aufgaben den ge\u00e4nderten Bedingungen und Trends unserer heutigen Zeit entsprechend festzulegen. Sie werden eine starke Basis unserer Arbeit f\u00fcr die n\u00e4chsten Jahre bilden.<\/p>\n<p>Ein weiteres wichtiges Ziel der Semmelweis Universit\u00e4t ist die st\u00e4ndige Innovation. Im Rahmen dieser erneuert sich im Studienjahr 2019\/20 das Humanmedizinische Curriculum, die Umgestaltung der postgraduellen Ausbildung wird verwirklicht.<\/p>\n<p>Wir haben vor, immer mehr unserer Absolventinnen und Absolventen in den Kreis der Semmelweis-Kollegen aufzunehmen. Sie sollen von Studierenden zum Meister werden, Teil einer generationen\u00fcbergreifenden Entwicklung sein, die unsere Universit\u00e4t gro\u00df macht und sie dadurch bis zum Jahr 2030 unter die besten 100 Universit\u00e4ten der Welt und in ihrem Fachgebiet unter die besten 5 Universit\u00e4ten Europas bringt.<\/p>\n<p>Es ist selbstverst\u00e4ndlich f\u00fcr uns, dass all diese Ziele nur mit einer intensiven Arbeit von h\u00f6chster Qualit\u00e4t und durch die starke Kooperation mit unseren Partnern zu erreichen sind. Deshalb ist es f\u00fcr uns besonders wichtig, die Qualit\u00e4t der Zusammenarbeit mit unseren jetzigen Partnern zu erh\u00f6hen und auch neue Partner zu finden. Wir arbeiten mit Partnern zusammen, durch deren Unterst\u00fctzung\u00a0 die st\u00e4ndige Entwicklung der Ausbildungsqualit\u00e4t, die Verst\u00e4rkung der Intensit\u00e4t der wissenschaftlichen Forschung und die Qualit\u00e4t der Patientenversorgung erh\u00f6ht werden k\u00f6nnen.<\/p>\n<p>Die deutschsprachigen Studierenden und Absolventinnen und Absolventen der Semmelweis Universit\u00e4t bilden die st\u00e4rkste Verbindungskette in der Weiterentwicklung der deutsch-ungarischen Zusammenarbeit. Als Rektor der Semmelweis Universit\u00e4t habe ich die Wichtigkeit der internationalen Studierenden und ihre Rolle in unserem Universit\u00e4tsleben stets betont. Ich m\u00f6chte alles daf\u00fcr tun, die Verpflichtung unserer internationalen Studierenden gegen\u00fcber unserem Land und ihrem Beruf zu st\u00e4rken. Wir erwarten Sie zu fachlichen Weiterbildungen, in der Doktoranden (Ph.D.)-Schule und sp\u00e4ter in den Forschungsgruppen der Semmelweis Universit\u00e4t, um unsere Zusammenarbeit in Forschung und Innovation gemeinsam weiterentwickeln zu k\u00f6nnen.<\/p>\n<p>Sie, als Studierende, Dozentinnen und Dozenten, Forscherinnen und Forscher, Mitarbeiterinnen und Mitarbeiter der Semmelweis Universit\u00e4t haben einen spannenden Beruf gew\u00e4hlt. Herzlichen Gl\u00fcckwunsch zu Ihrer Berufswahl! Haben Sie viel Kraft, Zufriedenheit und Freude in der t\u00e4glichen Arbeit! Sie machen die Welt \u2013 zumindest f\u00fcr die von Ihnen betreuten Menschen \u2013 ein St\u00fcck besser.<\/p>\n<p>Ich, als Rektor der Semmelweis Universit\u00e4t werde Sie bei Ihrer Arbeit immer unterst\u00fctzen, meine T\u00fcr steht f\u00fcr Sie jederzeit offen.<\/p>\n<p>&nbsp;<\/p>\n<p><em>Prof. Dr. B\u00e9la Merkely<\/em><\/p>\n<p>Rektor der Semmelweis Universit\u00e4t<\/p>\n","protected":false},"excerpt":{"rendered":"<p>Liebe Studierende der Semmelweis Universit\u00e4t! Liebe Mitarbeiterinnen und Miarbeiter der Semmelweis Universit\u00e4t! &nbsp; 2019 feiert unsere Universit\u00e4t \u2013 die sowohl landesweit als auch auf internationaler Ebene als Flaggschiff der \u00e4rztlichen und gesundheitswissenschaftlichen Ausbildung, Forschung und Kliniken z\u00e4hlt \u2013 die 250. Jahresfeier ihrer Gr\u00fcndung. Dieses Jubil\u00e4um ist ein Meilenstein, der f\u00fcr uns alle die M\u00f6glichkeit gibt, &hellip;<\/p>\n","protected":false},"author":101614,"featured_media":3329,"comment_status":"closed","ping_status":"closed","sticky":false,"template":"","format":"standard","meta":{"_acf_changed":false,"footnotes":""},"categories":[30],"tags":[],"class_list":["post-3325","post","type-post","status-publish","format-standard","has-post-thumbnail","hentry","category-studium-aktuell"],"acf":[],"_links":{"self":[{"href":"https:\/\/semmelweis.hu\/deutsch\/wp-json\/wp\/v2\/posts\/3325","targetHints":{"allow":["GET"]}}],"collection":[{"href":"https:\/\/semmelweis.hu\/deutsch\/wp-json\/wp\/v2\/posts"}],"about":[{"href":"https:\/\/semmelweis.hu\/deutsch\/wp-json\/wp\/v2\/types\/post"}],"author":[{"embeddable":true,"href":"https:\/\/semmelweis.hu\/deutsch\/wp-json\/wp\/v2\/users\/101614"}],"replies":[{"embeddable":true,"href":"https:\/\/semmelweis.hu\/deutsch\/wp-json\/wp\/v2\/comments?post=3325"}],"version-history":[{"count":0,"href":"https:\/\/semmelweis.hu\/deutsch\/wp-json\/wp\/v2\/posts\/3325\/revisions"}],"wp:featuredmedia":[{"embeddable":true,"href":"https:\/\/semmelweis.hu\/deutsch\/wp-json\/wp\/v2\/media\/3329"}],"wp:attachment":[{"href":"https:\/\/semmelweis.hu\/deutsch\/wp-json\/wp\/v2\/media?parent=3325"}],"wp:term":[{"taxonomy":"category","embeddable":true,"href":"https:\/\/semmelweis.hu\/deutsch\/wp-json\/wp\/v2\/categories?post=3325"},{"taxonomy":"post_tag","embeddable":true,"href":"https:\/\/semmelweis.hu\/deutsch\/wp-json\/wp\/v2\/tags?post=3325"}],"curies":[{"name":"wp","href":"https:\/\/api.w.org\/{rel}","templated":true}]}}