{"id":28963,"date":"2022-01-13T09:48:58","date_gmt":"2022-01-13T08:48:58","guid":{"rendered":"https:\/\/semmelweis.hu\/nki\/?p=28963"},"modified":"2022-10-03T13:11:25","modified_gmt":"2022-10-03T11:11:25","slug":"durch-das-neue-ct-spitzengeraet-der-universitaet-ist-schnellere-und-praezisere-diagnose-zu-erwarten","status":"publish","type":"post","link":"https:\/\/semmelweis.hu\/deutsch\/2022\/01\/13\/durch-das-neue-ct-spitzengeraet-der-universitaet-ist-schnellere-und-praezisere-diagnose-zu-erwarten\/","title":{"rendered":"Schnellere und pr\u00e4zisere Diagnose mit Hilfe des neuen CT-Spitzenger\u00e4t der Universit\u00e4t"},"content":{"rendered":"<p style=\"text-align: justify\"><strong>Das neue CT-Ger\u00e4t, das diese Woche an der Semmelweis Universit\u00e4t in Betrieb genommen wurde, wird die kardiovaskul\u00e4re Medizin und die onkologische Diagnostik revolutionieren k\u00f6nnen. Das neue photonenz\u00e4hlende CT-Ger\u00e4t von der Klinik f\u00fcr Medizinische Bildgebung liefert ein solches detaillierte Bild, mit dem sich Tumorl\u00e4sionen und Ablagerungen an den Herzkranzgef\u00e4\u00dfen, so genannte Plaques, fr\u00fchzeitig erkannt werden, und bei der Photonenz\u00e4hler-Technologie wird die Strahlendosis um fast die H\u00e4lfte reduziert. Das neue, von Siemens Healthineers entwickelte Ger\u00e4t wurde im Rahmen einer \u00dcbergabefeier in der Klinik eingeweiht, an der auch Dr. L\u00e1szl\u00f3 Palkovics, Minister f\u00fcr Innovation und Technologie, und Dr. B\u00e9la Merkely, Rektor der Semmelweis Universit\u00e4t Budapest, teilnahmen.<\/strong><\/p>\n<p style=\"text-align: justify\"><img loading=\"lazy\" decoding=\"async\" class=\"alignright wp-image-28962 size-full\" src=\"https:\/\/semmelweis.hu\/nki\/files\/2022\/01\/RS144617_C19A5734-scr-400x253-1.jpg\" alt=\"\" width=\"400\" height=\"253\" \/>Dank der einzigartigen Photonenz\u00e4hltechnologie bietet der Naeotom Alpha CT-Scanner von Siemens Healthineers eine wesentlich h\u00f6here r\u00e4umliche Aufl\u00f6sung als herk\u00f6mmliche CT-Scanner und erm\u00f6glicht die Identifizierung abnormaler L\u00e4sionen von nur wenigen Millimetern &#8211; von Tumoren bis hin zu verkalkten Blutgef\u00e4\u00dfen und Stenosen. Das CT-Ger\u00e4t mit photonenz\u00e4hlendem Detektor ist ein echter technischer Durchbruch &#8211; sagte Dr. P\u00e1l Maurovich Horvat. Der Naeotom Alpha CT-Scanner kann neben Graustufenbildern auch Farb-CT-Bilder aufgrund Gewebeeigenschaften erzeugen, was eine noch genauere Diagnose in der Onkologie und Kardiologie sowie in der Bildgebung von Erkrankungen der Lunge, Sch\u00e4del und Gelenke erm\u00f6glicht &#8211; betonte der Direktor der Klinik f\u00fcr Medizinische Bildgebung. F\u00fcr die onkologische Diagnostik ist es von gro\u00dfer Bedeutung, dass der neue CT in der Lage ist, die Zusammensetzung von L\u00e4sionen mit einer r\u00e4umlichen Aufl\u00f6sung von 0,2 mm zu quantifizieren und so die Unterscheidung von gutartigen und b\u00f6sartigen Tumoren mit gr\u00f6\u00dferer Sicherheit zu erm\u00f6glichen &#8211; sagte Dr. P\u00e1l Maurovich Horvat, der die F\u00fchrung durch die Klinik f\u00fcr Medizinische Bildgebung leitete. Weiterhin betonte er, dass es sich um den weltweit modernsten CT-Scanner handelt, der derzeit verf\u00fcgbar ist.<\/p>\n<p>&#8222;Es ist au\u00dferordentlich wichtig, dass die Universit\u00e4ten diese innovativen Instrumente erhalten, denn die medizinischen Fakult\u00e4ten haben eine dreifache Funktion: Neben Heilung forschen und lehren sie auch &#8211; betonte der Minister f\u00fcr Innovation und Technologie Dr. L\u00e1szl\u00f3 Palkovics, anl\u00e4sslich der Einweihungs- und \u00dcbergabezeremonie.\u00a0 &#8222;Ich halte es f\u00fcr angemessen, dass die Semmelweis Universit\u00e4t eine solche Einrichtung als erste in Mitteleuropa bekommt, wo neben der direkten Heilungst\u00e4tigkeit auch die Entwicklung der vorhandenen Ausr\u00fcstung und die Ver\u00f6ffentlichung wissenschaftlicher Publikationen erm\u00f6glicht werden\u201c &#8211;\u00a0 sagte der Minister.<\/p>\n\r\n        [slb_exclude]\r\n        <div class=\"row galeria-wrapper mx-0 h-auto\">\r\n            <div class=\"col-9 pl-0 pr-2\">\r\n            <span class=\"gallery-item frame\">\r\n\t\t\t\t<div class=\"galeria-left-img\"><a href=\"https:\/\/semmelweis.hu\/deutsch\/files\/2022\/01\/RS144605_C19A5645-scr.jpg\"><img src=https:\/\/semmelweis.hu\/deutsch\/files\/2022\/01\/RS144605_C19A5645-scr.jpg  \r\n                            alt=\"\" \r\n                            class=\"attachment-sote-gallery-big size-sote-gallery-big\" \r\n                            srcset=\"https:\/\/semmelweis.hu\/deutsch\/files\/2022\/01\/RS144605_C19A5645-scr-400x248.jpg 400w, https:\/\/semmelweis.hu\/deutsch\/files\/2022\/01\/RS144605_C19A5645-scr-1024x635.jpg 1024w, https:\/\/semmelweis.hu\/deutsch\/files\/2022\/01\/RS144605_C19A5645-scr-768x476.jpg 768w, https:\/\/semmelweis.hu\/deutsch\/files\/2022\/01\/RS144605_C19A5645-scr-753x467.jpg 753w, https:\/\/semmelweis.hu\/deutsch\/files\/2022\/01\/RS144605_C19A5645-scr.jpg 1200w\" ><\/a><\/div>\r\n            <\/span>\r\n\r\n            <\/div>\r\n\r\n\t\t\t<div class=\"col-3 pl-0 pr-0\">\r\n\t\t\t\t<div class=\"galeria-right-img d-flex justify-content-between flex-column h-100 w-100 px-0 mx-0 \">\r\n                <div class=\"galeria-box\">\r\n\t\t\t\t\t<h3 class=\"galeria-title\">Galerie<\/h3>\r\n\t\t\t\t\t<div class=\"galeria-subtitle\">\r\n\r\n\t\t\t\t\t\t<div class=\"galeria-page-counter\"><span>4<\/span>bilder<\/div>\r\n                    <\/div> <\/div>\r\n                    <span class=\"gallery-item frame d-none d-md-flex\">\r\n\t\t\t\t\t<div class=\"galeria-small-img mt-0\"><a href=\"https:\/\/semmelweis.hu\/deutsch\/files\/2022\/01\/RS144583_C19A5513-scr.jpg\"><img src=https:\/\/semmelweis.hu\/deutsch\/files\/2022\/01\/RS144583_C19A5513-scr.jpg \r\n                                alt=\"\"  \r\n                                class=\"attachment-sote-gallery-small size-sote-gallery-small\" \r\n                                srcset=\"https:\/\/semmelweis.hu\/deutsch\/files\/2022\/01\/RS144583_C19A5513-scr-400x267.jpg 400w, https:\/\/semmelweis.hu\/deutsch\/files\/2022\/01\/RS144583_C19A5513-scr-1024x683.jpg 1024w, https:\/\/semmelweis.hu\/deutsch\/files\/2022\/01\/RS144583_C19A5513-scr-768x512.jpg 768w, https:\/\/semmelweis.hu\/deutsch\/files\/2022\/01\/RS144583_C19A5513-scr-753x502.jpg 753w, https:\/\/semmelweis.hu\/deutsch\/files\/2022\/01\/RS144583_C19A5513-scr-203x135.jpg 203w, https:\/\/semmelweis.hu\/deutsch\/files\/2022\/01\/RS144583_C19A5513-scr.jpg 1200w\" ><\/a><\/div>\r\n                    <\/span>\r\n                    <span class=\"gallery-item frame d-none d-md-flex\">\r\n\t\t\t\t\t<div class=\"galeria-small-img mt-0\"><a href=\"https:\/\/semmelweis.hu\/deutsch\/files\/2022\/01\/RS144587_C19A5522-scr-1-e1642062771675.jpg\"><img src=https:\/\/semmelweis.hu\/deutsch\/files\/2022\/01\/RS144587_C19A5522-scr-1-e1642062771675.jpg \r\n                                alt=\"\" \r\n                                class=\"attachment-sote-gallery-small size-sote-gallery-small\" \r\n                                srcset=\"https:\/\/semmelweis.hu\/deutsch\/files\/2022\/01\/RS144587_C19A5522-scr-1-e1642062771675-400x267.jpg 400w, https:\/\/semmelweis.hu\/deutsch\/files\/2022\/01\/RS144587_C19A5522-scr-1-e1642062771675-203x135.jpg 203w, https:\/\/semmelweis.hu\/deutsch\/files\/2022\/01\/RS144587_C19A5522-scr-1-e1642062771675.jpg 600w\" ><\/a><\/div>\r\n                    <\/span>\r\n\r\n                <\/div>\r\n\r\n            <\/div>\r\n\r\n            <span class=\"gallery-item\"><div class=\"hidden\"><a href=\"https:\/\/semmelweis.hu\/deutsch\/files\/2022\/01\/RS144627_C19A5792-scr.jpg\">\r\n        <img src=https:\/\/semmelweis.hu\/deutsch\/files\/2022\/01\/RS144627_C19A5792-scr.jpg alt=\"\" class=\"attachment-sote-gallery-big size-sote-gallery-big\" srcset=\"https:\/\/semmelweis.hu\/deutsch\/files\/2022\/01\/RS144627_C19A5792-scr-400x266.jpg 400w, https:\/\/semmelweis.hu\/deutsch\/files\/2022\/01\/RS144627_C19A5792-scr-1024x680.jpg 1024w, https:\/\/semmelweis.hu\/deutsch\/files\/2022\/01\/RS144627_C19A5792-scr-768x510.jpg 768w, https:\/\/semmelweis.hu\/deutsch\/files\/2022\/01\/RS144627_C19A5792-scr-753x500.jpg 753w, https:\/\/semmelweis.hu\/deutsch\/files\/2022\/01\/RS144627_C19A5792-scr-203x135.jpg 203w, https:\/\/semmelweis.hu\/deutsch\/files\/2022\/01\/RS144627_C19A5792-scr.jpg 1200w\" >\r\n        <\/a><\/div><\/span>\r\n            <\/div>\r\n\r\n            [\/slb_exclude]\r\n\t\n<p style=\"text-align: justify\">Dies ist eine echte Innovation, ein solches diagnostische Mittel, das schneller und mit weniger Strahlenbelastung als je zuvor ein viel genaueres Bild liefern kann &#8211; betonte der Rektor Dr. B\u00e9la Merkely. Er sprach auch dar\u00fcber, dass es in seinem eigenen Beruf, in der Kardiologie, schwierig ist, das Ausma\u00df der Koronarstenose bei vorhandenen Kalkablagerungen mit herk\u00f6mmlichen CT-Scannern zu beurteilen. Dank der Photonenz\u00e4hltechnologie ist es jedoch m\u00f6glich, \u201ehinter die verkalkte Plaque und den implantierten Stent zu sehen\u201c, weshalb das neue CT-Ger\u00e4t eine Schl\u00fcsselrolle bei der Erkennung von Herz-Kreislauf-Erkrankungen spielen kann &#8211; betonte Dr. B\u00e9la Merkely. \u00dcber solche Ger\u00e4te m\u00fcssen die \u00c4rzte verf\u00fcgen, um weltweit anerkannte Ergebnisse erreichen zu k\u00f6nnen &#8211; f\u00fcgte dann noch dazu.<\/p>\n<div class=\"w-100 fontos_div\" style=\"text-align: justify\">Das neue Ger\u00e4t wird neben der Heilungs- und Forschungst\u00e4tigkeit sowohl bei der graduellen als auch bei der postgraduellen Bildung benutzt. Unsere Ergebnisse werden dank dieses einzigartigen Ger\u00e4tes &#8211; aufgrund der darauf basierenden Publikationen &#8211; auch auf internationaler Ebene zu einer Referenz f\u00fcr die neuen diagnostischen M\u00f6glichkeiten &#8211; betonte der Rektor.<\/div>\n<p style=\"text-align: justify\">Die gesch\u00e4ftsf\u00fchrende Direktorin von Siemens Healthcare Kft. Rita Oroszn\u00e9 Vincze sagte folgendes: die mehr als 15-j\u00e4hrige Forschungs- und Entwicklungsarbeit bei Siemens Healthineers hat nun ihre Fr\u00fcchte getragen. W\u00e4hrend der Entwicklung wurde ber\u00fccksichtigt, damit das Ger\u00e4t den speziellen Erwartungen f\u00fcr Bildgebung der kardiologischen, onkologischen und pneumologischen Bereiche ebenso entspricht. Die enge Zusammenarbeit auf Gebiet Forschung &amp; Entwicklung begann vor zwei Jahren &#8211; sagte die Direktorin. Durch die neue Einrichtung k\u00f6nnen weitere M\u00f6glichkeiten der Zusammenarbeit zwischen der Universit\u00e4t und Siemens Healthineers er\u00f6ffnet werden. Hinsichtlich Bildgebungsgeschwindigkeit des Ger\u00e4tes stellte die Direktorin fest, dass w\u00e4hrend eines einzigen Herzschlags das gesamte Herz abgebildet werden kann. Wir freuen uns sehr, dass eine der ersten 20 Maschinen der Welt nach Ungarn an die Semmelweis Universit\u00e4t gebracht werden konnte &#8211; f\u00fcgte sie noch dazu.<\/p>\n<p style=\"text-align: justify\">Das Weltpremiere feiernde Photon Counting CT-Ger\u00e4t wurde erstmal Ende November 2021 auf der Konferenz der Nordamerikanischen Gesellschaft f\u00fcr Radiologie in Chicago vorgestellt. Das mit Universit\u00e4tsgeldern finanzierte Ger\u00e4t im Wert von einer Milliarden Forint kam noch letztes Jahr &#8211; etwa zur gleichen Zeit wie die Weltpremiere &#8211; an der Semmelweis Universit\u00e4t an.<\/p>\n<p style=\"text-align: justify\">\u00a0<\/p>\n<p style=\"text-align: justify\">Orsolya D\u00e1vid, P\u00e1lma Dobozi, \u00c9va Fekete-Obrecz\u00e1nyi<br \/>\nFoto: Attila Kov\u00e1cs &#8211; Semmelweis Universit\u00e4t<br \/>\n\u00dcbersetzung: Judit Szlov\u00e1k<\/p>\n<p style=\"text-align: justify\">\u00a0<\/p>\n","protected":false},"excerpt":{"rendered":"<p>Das neue CT-Ger\u00e4t, das diese Woche an der Semmelweis Universit\u00e4t in Betrieb genommen wurde, wird die kardiovaskul\u00e4re Medizin und die onkologische Diagnostik revolutionieren k\u00f6nnen. Das neue photonenz\u00e4hlende CT-Ger\u00e4t von der Klinik f\u00fcr Medizinische Bildgebung liefert ein solches detaillierte Bild, mit dem sich Tumorl\u00e4sionen und Ablagerungen an den Herzkranzgef\u00e4\u00dfen, so genannte Plaques, fr\u00fchzeitig erkannt werden, und &hellip;<\/p>\n","protected":false},"author":101423,"featured_media":28959,"comment_status":"closed","ping_status":"closed","sticky":false,"template":"","format":"standard","meta":{"_acf_changed":false,"footnotes":""},"categories":[78],"tags":[85,72],"class_list":["post-28963","post","type-post","status-publish","format-standard","has-post-thumbnail","hentry","category-aktuelles","tag-forschung","tag-presse"],"acf":[],"_links":{"self":[{"href":"https:\/\/semmelweis.hu\/deutsch\/wp-json\/wp\/v2\/posts\/28963","targetHints":{"allow":["GET"]}}],"collection":[{"href":"https:\/\/semmelweis.hu\/deutsch\/wp-json\/wp\/v2\/posts"}],"about":[{"href":"https:\/\/semmelweis.hu\/deutsch\/wp-json\/wp\/v2\/types\/post"}],"author":[{"embeddable":true,"href":"https:\/\/semmelweis.hu\/deutsch\/wp-json\/wp\/v2\/users\/101423"}],"replies":[{"embeddable":true,"href":"https:\/\/semmelweis.hu\/deutsch\/wp-json\/wp\/v2\/comments?post=28963"}],"version-history":[{"count":1,"href":"https:\/\/semmelweis.hu\/deutsch\/wp-json\/wp\/v2\/posts\/28963\/revisions"}],"predecessor-version":[{"id":32421,"href":"https:\/\/semmelweis.hu\/deutsch\/wp-json\/wp\/v2\/posts\/28963\/revisions\/32421"}],"wp:featuredmedia":[{"embeddable":true,"href":"https:\/\/semmelweis.hu\/deutsch\/wp-json\/wp\/v2\/media\/28959"}],"wp:attachment":[{"href":"https:\/\/semmelweis.hu\/deutsch\/wp-json\/wp\/v2\/media?parent=28963"}],"wp:term":[{"taxonomy":"category","embeddable":true,"href":"https:\/\/semmelweis.hu\/deutsch\/wp-json\/wp\/v2\/categories?post=28963"},{"taxonomy":"post_tag","embeddable":true,"href":"https:\/\/semmelweis.hu\/deutsch\/wp-json\/wp\/v2\/tags?post=28963"}],"curies":[{"name":"wp","href":"https:\/\/api.w.org\/{rel}","templated":true}]}}