{"id":1273,"date":"2019-05-15T00:00:00","date_gmt":"2019-05-15T00:00:00","guid":{"rendered":"http:\/\/test.semmelweis.hu\/medizinstudium\/2019\/05\/15\/prasentationen-an-dem-tag-der-offenen-tur-2019\/"},"modified":"2019-05-15T00:00:00","modified_gmt":"2019-05-15T00:00:00","slug":"prasentationen-an-dem-tag-der-offenen-tur-2019","status":"publish","type":"post","link":"https:\/\/semmelweis.hu\/deutsch\/2019\/05\/15\/prasentationen-an-dem-tag-der-offenen-tur-2019\/","title":{"rendered":"Pr\u00e4sentationen an dem Tag der Offenen T\u00fcr 2019"},"content":{"rendered":"<p>Mit etwa 150 Besuchern, \u00fcberwiegend aus Deutschland, \u00d6sterreich sowie aus der Schweiz fand die Veranstaltung \u201eTag der Offenen T\u00fcr\u201d an der Semmelweis Universit\u00e4t am Samstag, den 4. Mai 2019 erfolgreich statt.<\/p>\n<p>&nbsp;<\/p>\n<p>Die Besucher konnten sich aus der ersten Hand \u00fcber die deutschsprachigen Studieng\u00e4nge an der Semmelweis Universit\u00e4t, aber auch an der Universit\u00e4t Szeged, bzw. an der Universit\u00e4t P\u00e9cs informieren.<\/p>\n<p>Die Veranstaltung bot den G\u00e4sten zudem eine sehr gute M\u00f6glichkeit, pers\u00f6nliche Eindr\u00fccke vor Ort von der Semmelweis Universit\u00e4t, den R\u00e4umlichkeiten des Geb\u00e4udes Zentrum f\u00fcr Vorklinische Medizin zu gewinnen, einige Dozenten und Studenten der Semmelweis Universit\u00e4t kennen zu lernen.<\/p>\n<p>&nbsp;<\/p>\n<p>Die Pr\u00e4sentationen der drei Universit\u00e4ten k\u00f6nnen heruntergeladen werden:<\/p>\n<p>&nbsp;<\/p>\n<p><span class=\"contentBlue\"><a href=\"https:\/\/semmelweis.hu\/deutsch\/files\/2019\/08\/2019-05-04_tag_der_offenen_tur_mocsai.pdf\">Semmelweis Universit\u00e4t<\/a><\/span><\/p>\n<p><span class=\"contentBlue\"><a href=\"https:\/\/semmelweis.hu\/deutsch\/files\/2019\/08\/2019-05-04_tag_der_offenen_tur_szeged.pdf\">Universit\u00e4t Szeged<\/a><\/span><\/p>\n<p><a href=\"https:\/\/semmelweis.hu\/deutsch\/files\/2019\/08\/2019-05-04_tag_der_offenen_tur_pecs.pdf\">Universit\u00e4t P\u00e9cs<\/a><\/p>\n","protected":false},"excerpt":{"rendered":"<p>Mit etwa 150 Besuchern, \u00fcberwiegend aus Deutschland, \u00d6sterreich sowie aus der Schweiz fand die Veranstaltung \u201eTag der Offenen T\u00fcr\u201d an der Semmelweis Universit\u00e4t am Samstag, den 4. Mai 2019 erfolgreich statt. &nbsp; Die Besucher konnten sich aus der ersten Hand \u00fcber die deutschsprachigen Studieng\u00e4nge an der Semmelweis Universit\u00e4t, aber auch an der Universit\u00e4t Szeged, bzw. &hellip;<\/p>\n","protected":false},"author":101614,"featured_media":1910,"comment_status":"closed","ping_status":"closed","sticky":false,"template":"","format":"standard","meta":{"_acf_changed":false,"footnotes":""},"categories":[30],"tags":[],"class_list":["post-1273","post","type-post","status-publish","format-standard","has-post-thumbnail","hentry","category-studium-aktuell"],"acf":[],"_links":{"self":[{"href":"https:\/\/semmelweis.hu\/deutsch\/wp-json\/wp\/v2\/posts\/1273","targetHints":{"allow":["GET"]}}],"collection":[{"href":"https:\/\/semmelweis.hu\/deutsch\/wp-json\/wp\/v2\/posts"}],"about":[{"href":"https:\/\/semmelweis.hu\/deutsch\/wp-json\/wp\/v2\/types\/post"}],"author":[{"embeddable":true,"href":"https:\/\/semmelweis.hu\/deutsch\/wp-json\/wp\/v2\/users\/101614"}],"replies":[{"embeddable":true,"href":"https:\/\/semmelweis.hu\/deutsch\/wp-json\/wp\/v2\/comments?post=1273"}],"version-history":[{"count":0,"href":"https:\/\/semmelweis.hu\/deutsch\/wp-json\/wp\/v2\/posts\/1273\/revisions"}],"wp:featuredmedia":[{"embeddable":true,"href":"https:\/\/semmelweis.hu\/deutsch\/wp-json\/wp\/v2\/media\/1910"}],"wp:attachment":[{"href":"https:\/\/semmelweis.hu\/deutsch\/wp-json\/wp\/v2\/media?parent=1273"}],"wp:term":[{"taxonomy":"category","embeddable":true,"href":"https:\/\/semmelweis.hu\/deutsch\/wp-json\/wp\/v2\/categories?post=1273"},{"taxonomy":"post_tag","embeddable":true,"href":"https:\/\/semmelweis.hu\/deutsch\/wp-json\/wp\/v2\/tags?post=1273"}],"curies":[{"name":"wp","href":"https:\/\/api.w.org\/{rel}","templated":true}]}}