{"id":1272,"date":"2019-04-17T00:00:00","date_gmt":"2019-04-17T00:00:00","guid":{"rendered":"http:\/\/test.semmelweis.hu\/medizinstudium\/2019\/04\/17\/tag-der-offenen-tur-am-4-mai-2019-programm-der-veranstaltung\/"},"modified":"2020-10-16T15:21:38","modified_gmt":"2020-10-16T13:21:38","slug":"tag-der-offenen-tur-am-4-mai-2019-programm-der-veranstaltung","status":"publish","type":"post","link":"https:\/\/semmelweis.hu\/deutsch\/2019\/04\/17\/tag-der-offenen-tur-am-4-mai-2019-programm-der-veranstaltung\/","title":{"rendered":"Tag der Offenen T\u00fcr am 4. Mai 2019 \u2013 Programm der Veranstaltung"},"content":{"rendered":"<p>An der Semmelweis Universit\u00e4t findet am Samstag, den 4. Mai 2019 von 10.15 \u2013 15.00 Uhr der Tag der Offenen T\u00fcr statt.<\/p>\n<p>&nbsp;<\/p>\n<p>Ort der Veranstaltung: Zentrum f\u00fcr Vorklinische Medizin, H-1094 Budapest, IX. Bezirk T\u0171zolt\u00f3 u. 37\u201347<\/p>\n<p>&nbsp;<\/p>\n<p><a href=\"http:\/\/khtweb.semmelweis.hu\/nemet\/nyiltnap\/nyiltnap.php\" target=\"_blank\" rel=\"noopener noreferrer\">Registrierung:\u00a0unter diesem Link<\/a>.<\/p>\n<p>&nbsp;<\/p>\n<p>Registrierungsfrist f\u00fcr die Teilnahme:<strong><span class=\"contentRed\"> 1. Mai 2019<\/span><\/strong><\/p>\n<p>Nach erfolgreicher Registrierung erhalten Sie eine Best\u00e4tigung \u00fcber Ihre Anmeldung.<\/p>\n<p>&nbsp;<\/p>\n<p><a href=\"https:\/\/semmelweis.hu\/deutsch\/files\/2019\/08\/programm_tag_der_offenen_tur_2019.pdf\">Programm<\/a><\/p>\n<p>&nbsp;<\/p>\n<p>W\u00e4hrend der F\u00fchrungen bzw. nach den Vorlesungen k\u00f6nnen gerne Fragen gestellt werden.<\/p>\n<p>Am Ende der Veranstaltung besteht die M\u00f6glichkeit f\u00fcr Individualgespr\u00e4che.<\/p>\n<p>&nbsp;<\/p>\n<p>Alle Interessenten sind herzlichst eingeladen!<\/p>\n<p>&nbsp;<\/p>\n<p>&nbsp;<\/p>\n\n<!-- iframe plugin v.4.9 wordpress.org\/plugins\/iframe\/ -->\n<iframe loading=\"lazy\" src=\"https:\/\/www.google.com\/maps\/embed?pb=!1m14!1m8!1m3!1d2267.4432746673747!2d19.07817858371562!3d47.48095784583179!3m2!1i1024!2i768!4f13.1!3m3!1m2!1s0x0:0xce2db871d19119b!2sSemmelweis%20Egyetem%20EOK!5e0!3m2!1shu!2shu!4v1490177410278\" width=\"300\" height=\"225\" scrolling=\"yes\" class=\"iframe-class\" frameborder=\"0\"><\/iframe>\n\n<p>&nbsp;<\/p>\n","protected":false},"excerpt":{"rendered":"<p>An der Semmelweis Universit\u00e4t findet am Samstag, den 4. Mai 2019 von 10.15 \u2013 15.00 Uhr der Tag der Offenen T\u00fcr statt. &nbsp; Ort der Veranstaltung: Zentrum f\u00fcr Vorklinische Medizin, H-1094 Budapest, IX. Bezirk T\u0171zolt\u00f3 u. 37\u201347 &nbsp; <a href=\"http:\/\/khtweb.semmelweis.hu\/nemet\/nyiltnap\/nyiltnap.php\" target=\"_blank\" rel=\"noopener noreferrer\">Registrierung:\u00a0unter diesem Link<\/a> . &nbsp; Registrierungsfrist f\u00fcr die Teilnahme: 1. Mai 2019 Nach erfolgreicher Registrierung erhalten Sie eine Best\u00e4tigung \u00fcber &hellip;<\/p>\n","protected":false},"author":101614,"featured_media":1912,"comment_status":"closed","ping_status":"closed","sticky":false,"template":"","format":"standard","meta":{"_acf_changed":false,"footnotes":""},"categories":[30],"tags":[],"class_list":["post-1272","post","type-post","status-publish","format-standard","has-post-thumbnail","hentry","category-studium-aktuell"],"acf":[],"_links":{"self":[{"href":"https:\/\/semmelweis.hu\/deutsch\/wp-json\/wp\/v2\/posts\/1272","targetHints":{"allow":["GET"]}}],"collection":[{"href":"https:\/\/semmelweis.hu\/deutsch\/wp-json\/wp\/v2\/posts"}],"about":[{"href":"https:\/\/semmelweis.hu\/deutsch\/wp-json\/wp\/v2\/types\/post"}],"author":[{"embeddable":true,"href":"https:\/\/semmelweis.hu\/deutsch\/wp-json\/wp\/v2\/users\/101614"}],"replies":[{"embeddable":true,"href":"https:\/\/semmelweis.hu\/deutsch\/wp-json\/wp\/v2\/comments?post=1272"}],"version-history":[{"count":1,"href":"https:\/\/semmelweis.hu\/deutsch\/wp-json\/wp\/v2\/posts\/1272\/revisions"}],"predecessor-version":[{"id":6697,"href":"https:\/\/semmelweis.hu\/deutsch\/wp-json\/wp\/v2\/posts\/1272\/revisions\/6697"}],"wp:featuredmedia":[{"embeddable":true,"href":"https:\/\/semmelweis.hu\/deutsch\/wp-json\/wp\/v2\/media\/1912"}],"wp:attachment":[{"href":"https:\/\/semmelweis.hu\/deutsch\/wp-json\/wp\/v2\/media?parent=1272"}],"wp:term":[{"taxonomy":"category","embeddable":true,"href":"https:\/\/semmelweis.hu\/deutsch\/wp-json\/wp\/v2\/categories?post=1272"},{"taxonomy":"post_tag","embeddable":true,"href":"https:\/\/semmelweis.hu\/deutsch\/wp-json\/wp\/v2\/tags?post=1272"}],"curies":[{"name":"wp","href":"https:\/\/api.w.org\/{rel}","templated":true}]}}