{"id":1270,"date":"2019-02-11T00:00:00","date_gmt":"2019-02-11T00:00:00","guid":{"rendered":"http:\/\/test.semmelweis.hu\/medizinstudium\/2019\/02\/11\/4-mai-2019-samstag-tag-der-offenen-tur-an-der-semmelweis-universitat-budapest\/"},"modified":"2019-02-11T00:00:00","modified_gmt":"2019-02-11T00:00:00","slug":"4-mai-2019-samstag-tag-der-offenen-tur-an-der-semmelweis-universitat-budapest","status":"publish","type":"post","link":"https:\/\/semmelweis.hu\/deutsch\/2019\/02\/11\/4-mai-2019-samstag-tag-der-offenen-tur-an-der-semmelweis-universitat-budapest\/","title":{"rendered":"4. Mai 2019 (Samstag): Tag der Offenen T\u00fcr an der Semmelweis Universit\u00e4t, Budapest"},"content":{"rendered":"<p><span style=\"font-family: Arial;font-size: small\"><strong>Ort der Veranstaltung:<\/strong> Zentrum f\u00fcr Vorklinische Medizin, H-1094 Budapest, IX. Bezirk T\u0171zolt\u00f3 u. 37-47<\/span>\u00a0<\/p>\n<p>&nbsp;<\/p>\n<p><span style=\"font-size: small\"><span style=\"font-family: Arial\">Am Tag der Offenen T\u00fcr wird das Deutschsprachige Medizinstudium an der Semmelweis Universit\u00e4t im Rahmen von den Dozenten und Professoren der Semmelweis Universit\u00e4t gehaltenen Pr\u00e4sentationen und Vortr\u00e4gen vorgestellt. F\u00fchrungen im Geb\u00e4ude bieten eine Einsicht in die R\u00e4umlichkeiten (Praktikums-\/Seminarr\u00e4ume, H\u00f6rs\u00e4le) des Zentrums f\u00fcr Vorklinische Medizin.<\/span><\/span><\/p>\n<p>&nbsp;<\/p>\n<p><span style=\"font-size: small\"><span style=\"font-family: Arial\"><strong>Programmvorschau<\/strong> sowie <strong>Anmeldung zur Teilnahme<\/strong> an der Veranstaltung:\u00a0voraussichtlich ab Ende M\u00e4rz 2019<\/span><\/span> \u00a0<\/p>\n<p>&nbsp;<\/p>\n<p><span style=\"font-family: Arial;font-size: small\">Alle Interessenten sind herzlichst eingeladen!<br \/>\n<\/span><\/p>\n","protected":false},"excerpt":{"rendered":"<p>Ort der Veranstaltung: Zentrum f\u00fcr Vorklinische Medizin, H-1094 Budapest, IX. Bezirk T\u0171zolt\u00f3 u. 37-47\u00a0 &nbsp; Am Tag der Offenen T\u00fcr wird das Deutschsprachige Medizinstudium an der Semmelweis Universit\u00e4t im Rahmen von den Dozenten und Professoren der Semmelweis Universit\u00e4t gehaltenen Pr\u00e4sentationen und Vortr\u00e4gen vorgestellt. F\u00fchrungen im Geb\u00e4ude bieten eine Einsicht in die R\u00e4umlichkeiten (Praktikums-\/Seminarr\u00e4ume, H\u00f6rs\u00e4le) des &hellip;<\/p>\n","protected":false},"author":101614,"featured_media":0,"comment_status":"closed","ping_status":"closed","sticky":false,"template":"","format":"standard","meta":{"_acf_changed":false,"footnotes":""},"categories":[30],"tags":[],"class_list":["post-1270","post","type-post","status-publish","format-standard","hentry","category-studium-aktuell"],"acf":[],"_links":{"self":[{"href":"https:\/\/semmelweis.hu\/deutsch\/wp-json\/wp\/v2\/posts\/1270","targetHints":{"allow":["GET"]}}],"collection":[{"href":"https:\/\/semmelweis.hu\/deutsch\/wp-json\/wp\/v2\/posts"}],"about":[{"href":"https:\/\/semmelweis.hu\/deutsch\/wp-json\/wp\/v2\/types\/post"}],"author":[{"embeddable":true,"href":"https:\/\/semmelweis.hu\/deutsch\/wp-json\/wp\/v2\/users\/101614"}],"replies":[{"embeddable":true,"href":"https:\/\/semmelweis.hu\/deutsch\/wp-json\/wp\/v2\/comments?post=1270"}],"version-history":[{"count":0,"href":"https:\/\/semmelweis.hu\/deutsch\/wp-json\/wp\/v2\/posts\/1270\/revisions"}],"wp:attachment":[{"href":"https:\/\/semmelweis.hu\/deutsch\/wp-json\/wp\/v2\/media?parent=1270"}],"wp:term":[{"taxonomy":"category","embeddable":true,"href":"https:\/\/semmelweis.hu\/deutsch\/wp-json\/wp\/v2\/categories?post=1270"},{"taxonomy":"post_tag","embeddable":true,"href":"https:\/\/semmelweis.hu\/deutsch\/wp-json\/wp\/v2\/tags?post=1270"}],"curies":[{"name":"wp","href":"https:\/\/api.w.org\/{rel}","templated":true}]}}