{"id":1269,"date":"2019-03-19T00:00:00","date_gmt":"2019-03-19T00:00:00","guid":{"rendered":"http:\/\/test.semmelweis.hu\/medizinstudium\/2019\/03\/19\/tag-der-offenen-tur-am-4-mai-2019-registration-moglich\/"},"modified":"2020-10-16T15:21:30","modified_gmt":"2020-10-16T13:21:30","slug":"tag-der-offenen-tur-am-4-mai-2019-registration-moglich","status":"publish","type":"post","link":"https:\/\/semmelweis.hu\/deutsch\/2019\/03\/19\/tag-der-offenen-tur-am-4-mai-2019-registration-moglich\/","title":{"rendered":"Tag der Offenen T\u00fcr am 4. Mai 2019 \u2013 Registration m\u00f6glich"},"content":{"rendered":"<p>&nbsp;<\/p>\n<p>Wie bereits verk\u00fcndet, findet an der Semmelweis Universit\u00e4t am Samstag, den 4. Mai 2019 von 10.15 \u2013 15.00 Uhr ein Tag der Offenen T\u00fcr statt.<\/p>\n<p>Alle Interessenten sind herzlichst eingeladen!<\/p>\n<p><strong>\u00a0<\/strong><\/p>\n<p><strong>Ort der Veranstaltung<\/strong>: Zentrum f\u00fcr Vorklinische Medizin, H-1094 Budapest, IX. Bezirk T\u0171zolt\u00f3 u. 37\u201347<\/p>\n<p>&nbsp;<\/p>\n<p><em><a href=\"http:\/\/khtweb.semmelweis.hu\/nemet\/nyiltnap\/nyiltnap.php\" target=\"_blank\" rel=\"noopener noreferrer\"><strong>Registrierung:<\/strong> unter diesem Link<\/a>.<\/em><\/p>\n<p>&nbsp;<\/p>\n<p><strong>Registrierungsfrist f\u00fcr die Teilnahme<\/strong>: 1. Mai 2019<\/p>\n<p>Nach erfolgreicher Registrierung erhalten Sie eine Best\u00e4tigung \u00fcber Ihre Anmeldung.<\/p>\n<p>&nbsp;<\/p>\n<p><strong><em><a href=\"https:\/\/semmelweis.hu\/deutsch\/files\/2019\/08\/programmvorschau_tag_der_offenen_tur_2019.pdf\">Programmvorschau<\/a>\u00a0<\/em><\/strong><\/p>\n<p>&nbsp;<\/p>\n<p>W\u00e4hrend der F\u00fchrungen bzw. nach den Vorlesungen k\u00f6nnen gerne Fragen gestellt werden.<\/p>\n<p>Am Ende der Veranstaltung besteht die M\u00f6glichkeit f\u00fcr Individualgespr\u00e4che.<\/p>\n<p>Das endg\u00fcltige Programm wird demn\u00e4chst ver\u00f6ffentlicht und die angemeldeten Besucher\/innen erhalten dieses per E-Mail.<\/p>\n<p>&nbsp;<\/p>\n<p>&nbsp;<\/p>\n\n<!-- iframe plugin v.4.9 wordpress.org\/plugins\/iframe\/ -->\n<iframe loading=\"lazy\" src=\"https:\/\/www.google.com\/maps\/embed?pb=!1m14!1m8!1m3!1d2267.4432746673747!2d19.07817858371562!3d47.48095784583179!3m2!1i1024!2i768!4f13.1!3m3!1m2!1s0x0:0xce2db871d19119b!2sSemmelweis%20Egyetem%20EOK!5e0!3m2!1shu!2shu!4v1490177410278\" width=\"300\" height=\"225\" scrolling=\"yes\" class=\"iframe-class\" frameborder=\"0\"><\/iframe>\n\n<p>&nbsp;<\/p>\n<p>&nbsp;<\/p>\n","protected":false},"excerpt":{"rendered":"<p>&nbsp; Wie bereits verk\u00fcndet, findet an der Semmelweis Universit\u00e4t am Samstag, den 4. Mai 2019 von 10.15 \u2013 15.00 Uhr ein Tag der Offenen T\u00fcr statt. Alle Interessenten sind herzlichst eingeladen! \u00a0 Ort der Veranstaltung: Zentrum f\u00fcr Vorklinische Medizin, H-1094 Budapest, IX. Bezirk T\u0171zolt\u00f3 u. 37\u201347 &nbsp; <a href=\"http:\/\/khtweb.semmelweis.hu\/nemet\/nyiltnap\/nyiltnap.php\" target=\"_blank\" rel=\"noopener noreferrer\">Registrierung: unter diesem Link<\/a> . &nbsp; Registrierungsfrist f\u00fcr die Teilnahme: 1. Mai &hellip;<\/p>\n","protected":false},"author":101614,"featured_media":0,"comment_status":"closed","ping_status":"closed","sticky":false,"template":"","format":"standard","meta":{"_acf_changed":false,"footnotes":""},"categories":[30],"tags":[],"class_list":["post-1269","post","type-post","status-publish","format-standard","hentry","category-studium-aktuell"],"acf":[],"_links":{"self":[{"href":"https:\/\/semmelweis.hu\/deutsch\/wp-json\/wp\/v2\/posts\/1269","targetHints":{"allow":["GET"]}}],"collection":[{"href":"https:\/\/semmelweis.hu\/deutsch\/wp-json\/wp\/v2\/posts"}],"about":[{"href":"https:\/\/semmelweis.hu\/deutsch\/wp-json\/wp\/v2\/types\/post"}],"author":[{"embeddable":true,"href":"https:\/\/semmelweis.hu\/deutsch\/wp-json\/wp\/v2\/users\/101614"}],"replies":[{"embeddable":true,"href":"https:\/\/semmelweis.hu\/deutsch\/wp-json\/wp\/v2\/comments?post=1269"}],"version-history":[{"count":1,"href":"https:\/\/semmelweis.hu\/deutsch\/wp-json\/wp\/v2\/posts\/1269\/revisions"}],"predecessor-version":[{"id":6696,"href":"https:\/\/semmelweis.hu\/deutsch\/wp-json\/wp\/v2\/posts\/1269\/revisions\/6696"}],"wp:attachment":[{"href":"https:\/\/semmelweis.hu\/deutsch\/wp-json\/wp\/v2\/media?parent=1269"}],"wp:term":[{"taxonomy":"category","embeddable":true,"href":"https:\/\/semmelweis.hu\/deutsch\/wp-json\/wp\/v2\/categories?post=1269"},{"taxonomy":"post_tag","embeddable":true,"href":"https:\/\/semmelweis.hu\/deutsch\/wp-json\/wp\/v2\/tags?post=1269"}],"curies":[{"name":"wp","href":"https:\/\/api.w.org\/{rel}","templated":true}]}}