{"id":1268,"date":"2019-01-30T00:00:00","date_gmt":"2019-01-30T00:00:00","guid":{"rendered":"http:\/\/test.semmelweis.hu\/medizinstudium\/2019\/01\/30\/prasenz-der-semmelweis-universitat-an-bildungsmessen-in-deutschland-und-osterreich\/"},"modified":"2019-01-30T00:00:00","modified_gmt":"2019-01-30T00:00:00","slug":"prasenz-der-semmelweis-universitat-an-bildungsmessen-in-deutschland-und-osterreich","status":"publish","type":"post","link":"https:\/\/semmelweis.hu\/deutsch\/2019\/01\/30\/prasenz-der-semmelweis-universitat-an-bildungsmessen-in-deutschland-und-osterreich\/","title":{"rendered":"Pr\u00e4senz der Semmelweis Universit\u00e4t an Bildungsmessen"},"content":{"rendered":"<p>Pr\u00e4senz der Semmelweis Universit\u00e4t an Bildungsmessen in Deutschland und \u00d6sterreich:<\/p>\n<p><strong><span class=\"contentBlue\">Messestand &#8222;Deutschsprachiges Medizin-,\u00a0Zahnmedizin- und Pharmaziestudium in Ungarn&#8220;<\/span><\/strong><\/p>\n<p>&nbsp;<\/p>\n<p>Februar\u00a02019<\/p>\n<p><a href=\"https:\/\/www.einstieg.com\" target=\"_blank\" rel=\"noopener noreferrer\">Einstieg <strong>K\u00f6ln<\/strong><\/a> 8-9. Februar 2019<\/p>\n<p><a href=\"https:\/\/horizon-messe.de\/stuttgart\/\" target=\"_blank\" rel=\"noopener noreferrer\">Horizon <strong>Stuttgart<\/strong><\/a> 9-10. Februar 2019<\/p>\n<p><a href=\"https:\/\/www.einstieg.com\/\" target=\"_blank\" rel=\"noopener noreferrer\">Einstieg <strong>Hamburg<\/strong><\/a> 22-23. Februar 2019<\/p>\n<p>&nbsp;<\/p>\n<p>M\u00e4rz 2019<\/p>\n<p><a href=\"https:\/\/www.bestinfo.at\/de\/\" target=\"_blank\" rel=\"noopener noreferrer\">Best <\/a><strong><a href=\"https:\/\/www.bestinfo.at\/de\/\" target=\"_blank\" rel=\"noopener noreferrer\">Wien<\/a>\u00a0<\/strong>7-10. M\u00e4rz 2019\u00a0<\/p>\n","protected":false},"excerpt":{"rendered":"<p>Pr\u00e4senz der Semmelweis Universit\u00e4t an Bildungsmessen in Deutschland und \u00d6sterreich:<br \/>\nMessestand &#8222;Deutschsprachiges Medizin-,\u00a0Zahnmedizin- und Pharmaziestudium in Ungarn&#8220;<br \/>\n&nbsp;<br \/>\nFebruar\u00a02019<br \/>\n<a href=\"https:\/\/www.einstieg.com\" target=\"_blank\" rel=\"noopener noreferrer\">Einstieg K\u00f6ln<\/a> 8-9. Februar 2019<br \/>\n<a href=\"https:\/\/horizon-messe.de\/stuttgart\/\" target=\"_blank\" rel=\"noopener noreferrer\">Horizon Stuttgart<\/a> 9-10. Februar 2019<br \/>\n<a href=\"https:\/\/www.einstieg.com\/\" target=\"_blank\" rel=\"noopener noreferrer\">Einstieg Hamburg<\/a> 22-23. Februar 2019<br \/>\n&nbsp;<br \/>\nM\u00e4rz 2019<br \/>\n<a href=\"https:\/\/www.bestinfo.at\/de\/\" target=\"_blank\" rel=\"noopener noreferrer\">Best <\/a><a href=\"https:\/\/www.bestinfo.at\/de\/\" target=\"_blank\" rel=\"noopener noreferrer\">Wien<\/a>\u00a07-10. M\u00e4rz 2019\u00a0<\/p>\n","protected":false},"author":101614,"featured_media":0,"comment_status":"closed","ping_status":"closed","sticky":false,"template":"","format":"standard","meta":{"_acf_changed":false,"footnotes":""},"categories":[30],"tags":[],"class_list":["post-1268","post","type-post","status-publish","format-standard","hentry","category-studium-aktuell"],"acf":[],"_links":{"self":[{"href":"https:\/\/semmelweis.hu\/deutsch\/wp-json\/wp\/v2\/posts\/1268","targetHints":{"allow":["GET"]}}],"collection":[{"href":"https:\/\/semmelweis.hu\/deutsch\/wp-json\/wp\/v2\/posts"}],"about":[{"href":"https:\/\/semmelweis.hu\/deutsch\/wp-json\/wp\/v2\/types\/post"}],"author":[{"embeddable":true,"href":"https:\/\/semmelweis.hu\/deutsch\/wp-json\/wp\/v2\/users\/101614"}],"replies":[{"embeddable":true,"href":"https:\/\/semmelweis.hu\/deutsch\/wp-json\/wp\/v2\/comments?post=1268"}],"version-history":[{"count":0,"href":"https:\/\/semmelweis.hu\/deutsch\/wp-json\/wp\/v2\/posts\/1268\/revisions"}],"wp:attachment":[{"href":"https:\/\/semmelweis.hu\/deutsch\/wp-json\/wp\/v2\/media?parent=1268"}],"wp:term":[{"taxonomy":"category","embeddable":true,"href":"https:\/\/semmelweis.hu\/deutsch\/wp-json\/wp\/v2\/categories?post=1268"},{"taxonomy":"post_tag","embeddable":true,"href":"https:\/\/semmelweis.hu\/deutsch\/wp-json\/wp\/v2\/tags?post=1268"}],"curies":[{"name":"wp","href":"https:\/\/api.w.org\/{rel}","templated":true}]}}