{"id":1267,"date":"2018-09-04T00:00:00","date_gmt":"2018-09-04T00:00:00","guid":{"rendered":"http:\/\/test.semmelweis.hu\/medizinstudium\/2018\/09\/04\/bewerbungsfrist-fur-das-vorbereitungsjahr-verlangert-3\/"},"modified":"2018-09-04T00:00:00","modified_gmt":"2018-09-04T00:00:00","slug":"bewerbungsfrist-fur-das-vorbereitungsjahr-verlangert-3","status":"publish","type":"post","link":"https:\/\/semmelweis.hu\/deutsch\/2018\/09\/04\/bewerbungsfrist-fur-das-vorbereitungsjahr-verlangert-3\/","title":{"rendered":"Bewerbungsfrist f\u00fcr das Vorbereitungsjahr verl\u00e4ngert"},"content":{"rendered":"<p><span style=\"font-family: Times New Roman;font-size: small\">Die Bewerbungsfrist f\u00fcr das Vorbereitungsjahr am McDaniel College Budapest Campus wurde bis zum 20. September 2018 verl\u00e4ngert. <\/span><\/p>\n<p><span style=\"font-family: Times New Roman;font-size: small\">Das McDaniel College Budapest organisiert in Kooperation mit der Semmelweis Universit\u00e4t ein Vorbereitungsjahr f\u00fcr angehende Studenten, die Ihre naturwissenschaftlichen Kenntnisse in den F\u00e4chern Physik, Chemie, Biologie (und Ungarisch) auffrischen m\u00f6chten.<\/span><\/p>\n<p><span style=\"font-family: Times New Roman;font-size: small\">Die am Vorbereitungsjahr erbrachten Leistungen werden bei der Bewerbung an der Semmelweis Universit\u00e4t entsprechend bewertet.<\/span><\/p>\n<p><span style=\"font-family: Times New Roman;font-size: small\">Weitere Informationen entnehmen Sie der Webseite <a href=\"http:\/\/www.ungarnstudium.hu\" target=\"_blank\" rel=\"noopener noreferrer\">http:\/\/www.ungarnstudium.hu<\/a><\/span><\/p>\n","protected":false},"excerpt":{"rendered":"<p>Die Bewerbungsfrist f\u00fcr das Vorbereitungsjahr am McDaniel College Budapest Campus wurde bis zum 20. September 2018 verl\u00e4ngert. Das McDaniel College Budapest organisiert in Kooperation mit der Semmelweis Universit\u00e4t ein Vorbereitungsjahr f\u00fcr angehende Studenten, die Ihre naturwissenschaftlichen Kenntnisse in den F\u00e4chern Physik, Chemie, Biologie (und Ungarisch) auffrischen m\u00f6chten. Die am Vorbereitungsjahr erbrachten Leistungen werden bei der &hellip;<\/p>\n","protected":false},"author":101614,"featured_media":1908,"comment_status":"closed","ping_status":"closed","sticky":false,"template":"","format":"standard","meta":{"_acf_changed":false,"footnotes":""},"categories":[30],"tags":[],"class_list":["post-1267","post","type-post","status-publish","format-standard","has-post-thumbnail","hentry","category-studium-aktuell"],"acf":[],"_links":{"self":[{"href":"https:\/\/semmelweis.hu\/deutsch\/wp-json\/wp\/v2\/posts\/1267","targetHints":{"allow":["GET"]}}],"collection":[{"href":"https:\/\/semmelweis.hu\/deutsch\/wp-json\/wp\/v2\/posts"}],"about":[{"href":"https:\/\/semmelweis.hu\/deutsch\/wp-json\/wp\/v2\/types\/post"}],"author":[{"embeddable":true,"href":"https:\/\/semmelweis.hu\/deutsch\/wp-json\/wp\/v2\/users\/101614"}],"replies":[{"embeddable":true,"href":"https:\/\/semmelweis.hu\/deutsch\/wp-json\/wp\/v2\/comments?post=1267"}],"version-history":[{"count":0,"href":"https:\/\/semmelweis.hu\/deutsch\/wp-json\/wp\/v2\/posts\/1267\/revisions"}],"wp:featuredmedia":[{"embeddable":true,"href":"https:\/\/semmelweis.hu\/deutsch\/wp-json\/wp\/v2\/media\/1908"}],"wp:attachment":[{"href":"https:\/\/semmelweis.hu\/deutsch\/wp-json\/wp\/v2\/media?parent=1267"}],"wp:term":[{"taxonomy":"category","embeddable":true,"href":"https:\/\/semmelweis.hu\/deutsch\/wp-json\/wp\/v2\/categories?post=1267"},{"taxonomy":"post_tag","embeddable":true,"href":"https:\/\/semmelweis.hu\/deutsch\/wp-json\/wp\/v2\/tags?post=1267"}],"curies":[{"name":"wp","href":"https:\/\/api.w.org\/{rel}","templated":true}]}}