{"id":1266,"date":"2018-08-03T00:00:00","date_gmt":"2018-08-03T00:00:00","guid":{"rendered":"http:\/\/test.semmelweis.hu\/medizinstudium\/2018\/08\/03\/programmvorschau-der-einschreibewoche-fur-studienanfanger\/"},"modified":"2018-08-03T00:00:00","modified_gmt":"2018-08-03T00:00:00","slug":"programmvorschau-der-einschreibewoche-fur-studienanfanger","status":"publish","type":"post","link":"https:\/\/semmelweis.hu\/deutsch\/2018\/08\/03\/programmvorschau-der-einschreibewoche-fur-studienanfanger\/","title":{"rendered":"Programmvorschau der Einschreibewoche f\u00fcr Studienanf\u00e4nger"},"content":{"rendered":"<p>Die Einschreibewoche beginnt mit der feierlichen Er\u00f6ffnung des Studienjahres am Sonntag, den 2. September 2018.<\/p>\n<p>Die Einschreibung findet am Dienstag, den 4. September 2018 statt.<\/p>\n<p>&nbsp;<\/p>\n<p><a href=\"https:\/\/semmelweis.hu\/deutsch\/files\/2019\/08\/programmvorschau_der_einschreibewoche_18.pdf\">Programmvorschau der Einschreibewoche<\/a><\/p>\n<p>&nbsp;<\/p>\n<p>Das <strong>endg\u00fcltige Programm wird am 22. August 2018<\/strong> hier erscheinen und mit weiteren Informationen\/Dokumenten (Einladungskarte zur feierlichen Er\u00f6ffnung des Studienjahres, Vertrag, Informationsblatt der Krankenversicherung, u. s. w.) gleichzeitig per E-Mail an die zugelassenen Studenten, die den angebotenen Studienplatz angenommen haben, versendet.<\/p>\n","protected":false},"excerpt":{"rendered":"<p>Die Einschreibewoche beginnt mit der feierlichen Er\u00f6ffnung des Studienjahres am Sonntag, den 2. September 2018. Die Einschreibung findet am Dienstag, den 4. September 2018 statt. &nbsp; <a href=\"https:\/\/semmelweis.hu\/deutsch\/files\/2019\/08\/programmvorschau_der_einschreibewoche_18.pdf\">Programmvorschau der Einschreibewoche<\/a> &nbsp; Das endg\u00fcltige Programm wird am 22. August 2018 hier erscheinen und mit weiteren Informationen\/Dokumenten (Einladungskarte zur feierlichen Er\u00f6ffnung des Studienjahres, Vertrag, Informationsblatt der Krankenversicherung, u. s. w.) gleichzeitig &hellip;<\/p>\n","protected":false},"author":101614,"featured_media":0,"comment_status":"closed","ping_status":"closed","sticky":false,"template":"","format":"standard","meta":{"_acf_changed":false,"footnotes":""},"categories":[30],"tags":[],"class_list":["post-1266","post","type-post","status-publish","format-standard","hentry","category-studium-aktuell"],"acf":[],"_links":{"self":[{"href":"https:\/\/semmelweis.hu\/deutsch\/wp-json\/wp\/v2\/posts\/1266","targetHints":{"allow":["GET"]}}],"collection":[{"href":"https:\/\/semmelweis.hu\/deutsch\/wp-json\/wp\/v2\/posts"}],"about":[{"href":"https:\/\/semmelweis.hu\/deutsch\/wp-json\/wp\/v2\/types\/post"}],"author":[{"embeddable":true,"href":"https:\/\/semmelweis.hu\/deutsch\/wp-json\/wp\/v2\/users\/101614"}],"replies":[{"embeddable":true,"href":"https:\/\/semmelweis.hu\/deutsch\/wp-json\/wp\/v2\/comments?post=1266"}],"version-history":[{"count":0,"href":"https:\/\/semmelweis.hu\/deutsch\/wp-json\/wp\/v2\/posts\/1266\/revisions"}],"wp:attachment":[{"href":"https:\/\/semmelweis.hu\/deutsch\/wp-json\/wp\/v2\/media?parent=1266"}],"wp:term":[{"taxonomy":"category","embeddable":true,"href":"https:\/\/semmelweis.hu\/deutsch\/wp-json\/wp\/v2\/categories?post=1266"},{"taxonomy":"post_tag","embeddable":true,"href":"https:\/\/semmelweis.hu\/deutsch\/wp-json\/wp\/v2\/tags?post=1266"}],"curies":[{"name":"wp","href":"https:\/\/api.w.org\/{rel}","templated":true}]}}