{"id":1264,"date":"2018-05-08T00:00:00","date_gmt":"2018-05-08T00:00:00","guid":{"rendered":"http:\/\/test.semmelweis.hu\/medizinstudium\/2018\/05\/08\/prasentationen-der-drei-universitaten-an-dem-tag-der-offenen-tur-2018\/"},"modified":"2018-05-08T00:00:00","modified_gmt":"2018-05-08T00:00:00","slug":"prasentationen-der-drei-universitaten-an-dem-tag-der-offenen-tur-2018","status":"publish","type":"post","link":"https:\/\/semmelweis.hu\/deutsch\/2018\/05\/08\/prasentationen-der-drei-universitaten-an-dem-tag-der-offenen-tur-2018\/","title":{"rendered":"Pr\u00e4sentationen der drei Universit\u00e4ten an dem Tag der Offenen T\u00fcr 2018"},"content":{"rendered":"<p>Mit etwa 120 Besuchern, \u00fcberwiegend aus Deutschland, \u00d6sterreich sowie aus der Schweiz fand die Veranstaltung \u201eTag der Offenen T\u00fcr\u201d an der Semmelweis Universit\u00e4t am Samstag, den 5. Mai 2018 erfolgreich statt.<\/p>\n<p>&nbsp;<\/p>\n<p>Die Besucher konnten sich aus der ersten Hand \u00fcber die deutschsprachigen Studieng\u00e4nge an der Semmelweis Universit\u00e4t, aber auch an der Universit\u00e4t Szeged, bzw. an der Universit\u00e4t P\u00e9cs informieren.<\/p>\n<p>&nbsp;<\/p>\n<p>Die Veranstaltung bot den G\u00e4sten zudem eine sehr gute M\u00f6glichkeit, im Rahmen eines Kurzurlaubes in Budapest pers\u00f6nliche Eindr\u00fccke vor Ort von der Semmelweis Universit\u00e4t, den R\u00e4umlichkeiten des Geb\u00e4udes Zentrum f\u00fcr Vorklinische Medizin zu gewinnen, einige Dozenten und Studenten der Semmelweis Universit\u00e4t kennen zu lernen.<\/p>\n<p>&nbsp;<\/p>\n<p>Die Pr\u00e4sentationen der drei Universit\u00e4ten k\u00f6nnen heruntergeladen werden:<\/p>\n<p>&nbsp;<\/p>\n<p><a href=\"https:\/\/semmelweis.hu\/deutsch\/files\/2019\/08\/tagderoffenentur_2018_semmelweis.pdf\">Semmelweis Universit\u00e4t<\/a><\/p>\n<p>&nbsp;<\/p>\n<p><a href=\"https:\/\/semmelweis.hu\/deutsch\/files\/2019\/08\/tagderoffenentur_2018_szeged.pdf\">Universit\u00e4t Szeged<\/a><\/p>\n<p>&nbsp;<\/p>\n<p><a href=\"https:\/\/semmelweis.hu\/deutsch\/files\/2019\/08\/tagderoffenentur_2018_pecs.pdf\">Universit\u00e4t P\u00e9cs<\/a><\/p>\n","protected":false},"excerpt":{"rendered":"<p>Mit etwa 120 Besuchern, \u00fcberwiegend aus Deutschland, \u00d6sterreich sowie aus der Schweiz fand die Veranstaltung \u201eTag der Offenen T\u00fcr\u201d an der Semmelweis Universit\u00e4t am Samstag, den 5. Mai 2018 erfolgreich statt. &nbsp; Die Besucher konnten sich aus der ersten Hand \u00fcber die deutschsprachigen Studieng\u00e4nge an der Semmelweis Universit\u00e4t, aber auch an der Universit\u00e4t Szeged, bzw. &hellip;<\/p>\n","protected":false},"author":101614,"featured_media":0,"comment_status":"closed","ping_status":"closed","sticky":false,"template":"","format":"standard","meta":{"_acf_changed":false,"footnotes":""},"categories":[30],"tags":[],"class_list":["post-1264","post","type-post","status-publish","format-standard","hentry","category-studium-aktuell"],"acf":[],"_links":{"self":[{"href":"https:\/\/semmelweis.hu\/deutsch\/wp-json\/wp\/v2\/posts\/1264","targetHints":{"allow":["GET"]}}],"collection":[{"href":"https:\/\/semmelweis.hu\/deutsch\/wp-json\/wp\/v2\/posts"}],"about":[{"href":"https:\/\/semmelweis.hu\/deutsch\/wp-json\/wp\/v2\/types\/post"}],"author":[{"embeddable":true,"href":"https:\/\/semmelweis.hu\/deutsch\/wp-json\/wp\/v2\/users\/101614"}],"replies":[{"embeddable":true,"href":"https:\/\/semmelweis.hu\/deutsch\/wp-json\/wp\/v2\/comments?post=1264"}],"version-history":[{"count":0,"href":"https:\/\/semmelweis.hu\/deutsch\/wp-json\/wp\/v2\/posts\/1264\/revisions"}],"wp:attachment":[{"href":"https:\/\/semmelweis.hu\/deutsch\/wp-json\/wp\/v2\/media?parent=1264"}],"wp:term":[{"taxonomy":"category","embeddable":true,"href":"https:\/\/semmelweis.hu\/deutsch\/wp-json\/wp\/v2\/categories?post=1264"},{"taxonomy":"post_tag","embeddable":true,"href":"https:\/\/semmelweis.hu\/deutsch\/wp-json\/wp\/v2\/tags?post=1264"}],"curies":[{"name":"wp","href":"https:\/\/api.w.org\/{rel}","templated":true}]}}