{"id":1263,"date":"2018-04-20T00:00:00","date_gmt":"2018-04-20T00:00:00","guid":{"rendered":"http:\/\/test.semmelweis.hu\/medizinstudium\/2018\/04\/20\/programm-der-veranstaltung-tag-der-offenen-tur-am-5-mai-2018\/"},"modified":"2018-04-20T00:00:00","modified_gmt":"2018-04-20T00:00:00","slug":"programm-der-veranstaltung-tag-der-offenen-tur-am-5-mai-2018","status":"publish","type":"post","link":"https:\/\/semmelweis.hu\/deutsch\/2018\/04\/20\/programm-der-veranstaltung-tag-der-offenen-tur-am-5-mai-2018\/","title":{"rendered":"Programm der Veranstaltung Tag der Offenen T\u00fcr am 5. Mai 2018"},"content":{"rendered":"<p>Wie bereits verk\u00fcndet, findet an der Semmelweis Universit\u00e4t am Samstag, den 5. Mai 2018 von 10.15-15.00 Uhr ein Tag der Offenen T\u00fcr statt:<\/p>\n<p>&nbsp;<\/p>\n<p><a href=\"https:\/\/semmelweis.hu\/deutsch\/files\/2019\/08\/programm_tag_der_offenen_tur_2018.pdf\">Ausf\u00fchrliches Programm der Veranstaltung<\/a><\/p>\n<p>&nbsp;<\/p>\n<p>Die Veranstaltung ist registrationspflichtig, die Registrierung ist bis 1. Mai 2018 unter dem Link: <span style=\"text-decoration: underline\"><span style=\"text-decoration: underline\"><a href=\"http:\/\/khtweb.semmelweis.hu\/nemet\/nyiltnap\/nyiltnap.php\">http:\/\/khtweb.semmelweis.hu\/nemet\/nyiltnap\/nyiltnap.php<\/a><\/span><\/span> noch m\u00f6glich.<\/p>\n<p>&nbsp;<\/p>\n<p>Alle Interessenten sind herzlichst eingeladen!<\/p>\n","protected":false},"excerpt":{"rendered":"<p>Wie bereits verk\u00fcndet, findet an der Semmelweis Universit\u00e4t am Samstag, den 5. Mai 2018 von 10.15-15.00 Uhr ein Tag der Offenen T\u00fcr statt:<br \/>\n&nbsp;<br \/>\n<a href=\"https:\/\/semmelweis.hu\/deutsch\/files\/2019\/08\/programm_tag_der_offenen_tur_2018.pdf\">Ausf\u00fchrliches Programm der Veranstaltung<\/a><br \/>\n&nbsp;<br \/>\nDie Veranstaltung ist registrationspflichtig, die Registrierung ist bis 1. Mai 2018 unter dem Link: <a href=\"http:\/\/khtweb.semmelweis.hu\/nemet\/nyiltnap\/nyiltnap.php\">http:\/\/khtweb.semmelweis.hu\/nemet\/nyiltnap\/nyiltnap.php<\/a> noch m\u00f6glich.<br \/>\n&nbsp;<br \/>\nAlle Interessenten sind herzlichst eingeladen!<\/p>\n","protected":false},"author":101614,"featured_media":552,"comment_status":"closed","ping_status":"closed","sticky":false,"template":"","format":"standard","meta":{"_acf_changed":false,"footnotes":""},"categories":[30],"tags":[],"class_list":["post-1263","post","type-post","status-publish","format-standard","has-post-thumbnail","hentry","category-studium-aktuell"],"acf":[],"_links":{"self":[{"href":"https:\/\/semmelweis.hu\/deutsch\/wp-json\/wp\/v2\/posts\/1263","targetHints":{"allow":["GET"]}}],"collection":[{"href":"https:\/\/semmelweis.hu\/deutsch\/wp-json\/wp\/v2\/posts"}],"about":[{"href":"https:\/\/semmelweis.hu\/deutsch\/wp-json\/wp\/v2\/types\/post"}],"author":[{"embeddable":true,"href":"https:\/\/semmelweis.hu\/deutsch\/wp-json\/wp\/v2\/users\/101614"}],"replies":[{"embeddable":true,"href":"https:\/\/semmelweis.hu\/deutsch\/wp-json\/wp\/v2\/comments?post=1263"}],"version-history":[{"count":0,"href":"https:\/\/semmelweis.hu\/deutsch\/wp-json\/wp\/v2\/posts\/1263\/revisions"}],"wp:featuredmedia":[{"embeddable":true,"href":"https:\/\/semmelweis.hu\/deutsch\/wp-json\/wp\/v2\/media\/552"}],"wp:attachment":[{"href":"https:\/\/semmelweis.hu\/deutsch\/wp-json\/wp\/v2\/media?parent=1263"}],"wp:term":[{"taxonomy":"category","embeddable":true,"href":"https:\/\/semmelweis.hu\/deutsch\/wp-json\/wp\/v2\/categories?post=1263"},{"taxonomy":"post_tag","embeddable":true,"href":"https:\/\/semmelweis.hu\/deutsch\/wp-json\/wp\/v2\/tags?post=1263"}],"curies":[{"name":"wp","href":"https:\/\/api.w.org\/{rel}","templated":true}]}}