{"id":1261,"date":"2018-03-23T00:00:00","date_gmt":"2018-03-23T00:00:00","guid":{"rendered":"http:\/\/test.semmelweis.hu\/medizinstudium\/2018\/03\/23\/tag-der-offenen-tur-am-5-mai-2018-registration-bereits-moglich\/"},"modified":"2020-10-16T15:21:23","modified_gmt":"2020-10-16T13:21:23","slug":"tag-der-offenen-tur-am-5-mai-2018-registration-bereits-moglich","status":"publish","type":"post","link":"https:\/\/semmelweis.hu\/deutsch\/2018\/03\/23\/tag-der-offenen-tur-am-5-mai-2018-registration-bereits-moglich\/","title":{"rendered":"Tag der Offenen T\u00fcr am 5. Mai 2018 &#8211; Registration bereits m\u00f6glich"},"content":{"rendered":"<p>Wie bereits verk\u00fcndet, findet an der Semmelweis Universit\u00e4t am Samstag, den 5. Mai 2018 von voraussichtlich 10.00-15.00 Uhr ein Tag der Offenen T\u00fcr statt.<\/p>\n<p>Alle Interessenten sind herzlichst eingeladen!<\/p>\n<p><strong>Ort der Veranstaltung<\/strong>: Zentrum f\u00fcr Vorklinische Medizin, H-1094 Budapest, IX. Bezirk T\u0171zolt\u00f3 u. 37-47<\/p>\n<p>&nbsp;<\/p>\n\n<!-- iframe plugin v.4.9 wordpress.org\/plugins\/iframe\/ -->\n<iframe loading=\"lazy\" src=\"https:\/\/www.google.com\/maps\/embed?pb=!1m14!1m8!1m3!1d2267.4432746673747!2d19.07817858371562!3d47.48095784583179!3m2!1i1024!2i768!4f13.1!3m3!1m2!1s0x0:0xce2db871d19119b!2sSemmelweis%20Egyetem%20EOK!5e0!3m2!1shu!2shu!4v1490177410278\" width=\"600\" height=\"450\" scrolling=\"yes\" class=\"iframe-class\" frameborder=\"0\"><\/iframe>\n\n<p>&nbsp;<\/p>\n<p><strong>Registrierungsfrist f\u00fcr die Teilnahme<\/strong>: 1. Mai 2018<\/p>\n<p>Registrierung unter dem Link: <span style=\"text-decoration: underline;\"><a href=\"http:\/\/khtweb.semmelweis.hu\/nemet\/nyiltnap\/nyiltnap.php\">http:\/\/khtweb.semmelweis.hu\/nemet\/nyiltnap\/nyiltnap.php<\/a><\/span><\/p>\n<p>Nach erfolgreicher Registrierung erhalten Sie eine Best\u00e4tigung \u00fcber Ihre Anmeldung.<\/p>\n<p><strong><em>\u00a0<\/em><\/strong><\/p>\n<p><strong><em>Programmvorschau<\/em><\/strong>:<\/p>\n<p><em>Vormittag<\/em>:<\/p>\n<p>&#8212; Pr\u00e4sentation \u00fcber die deutschsprachigen Studieng\u00e4nge an der <strong>Semmelweis Universit\u00e4t<\/strong>, Vortragender: Prof. Dr. Attila M\u00f3csai, Direktor des Deutschsprachigen Medizinstudiums<\/p>\n<p>&#8212; Pr\u00e4sentation \u00fcber die M\u00f6glichkeit der Fortsetzung des Studiums der Humanmedizin nach dem Physikum am <strong>Asklepios Campus Hamburg der Semmelweis Universit\u00e4t<\/strong><\/p>\n<p>&#8212; Pr\u00e4sentation \u00fcber die deutschsprachigen Studieng\u00e4nge an der <strong>Universit\u00e4t Szeged<\/strong> und an der <strong>Universit\u00e4t P\u00e9cs<\/strong><\/p>\n<p>&#8212; Pr\u00e4sentation und Vorstellung der <strong>Deutschsprachigen Studentenvertretung Semmelweis<\/strong> (DSVS), Studieren an der Semmelweis Universit\u00e4t und Leben in Budapest aus Studentensicht<\/p>\n<p>&#8212; Pr\u00e4sentation <strong>McDaniel College<\/strong>, Informationen und Wissenswertes \u00fcber das <strong>Vorbereitungsjahr<\/strong> zum Studium an der Semmelweis Universit\u00e4t und an der Universit\u00e4t P\u00e9cs<\/p>\n<p>&nbsp;<\/p>\n<p><em>Pause<\/em>: Erfrischung bei Getr\u00e4nken, Kaffee, Sandwiches und Geb\u00e4ck<\/p>\n<p>&nbsp;<\/p>\n<p><em>Nachmittag<\/em>:<\/p>\n<p><strong>&#8212; F\u00fchrung<\/strong> in einigen Einrichtungen der Semmelweis Universit\u00e4t (Zentrum f\u00fcr Vorklinische Medizin, Institut f\u00fcr Anatomie, Histologie und Embryologie, Anatomisches Museum<\/p>\n<p><strong>&#8212; Schnuppervorlesungen<\/strong>in den F\u00e4chern Medizinische Biophysik, Chemie f\u00fcr Mediziner und Anatomie<\/p>\n<p>&nbsp;<\/p>\n<p>W\u00e4hrend der F\u00fchrungen bzw. nach den Vorlesungen k\u00f6nnen gerne Fragen gestellt werden.<\/p>\n<p>&nbsp;<\/p>\n<p>Zu Beginn der Veranstaltung besteht die M\u00f6glichkeit zur Anmeldung f\u00fcr ein individuelles Gespr\u00e4ch mit der Leiterin bzw. den Mitarbeiterinnen des Studentensekretariates f\u00fcr das Deutschsprachige Medizinstudium.<\/p>\n<p>&nbsp;<\/p>\n<p>Das endg\u00fcltige Programm wird in K\u00fcrze erscheinen und die angemeldeten Besucher erhalten dieses per E-Mail.<\/p>\n","protected":false},"excerpt":{"rendered":"<p>Wie bereits verk\u00fcndet, findet an der Semmelweis Universit\u00e4t am Samstag, den 5. Mai 2018 von voraussichtlich 10.00-15.00 Uhr ein Tag der Offenen T\u00fcr statt. Alle Interessenten sind herzlichst eingeladen! Ort der Veranstaltung: Zentrum f\u00fcr Vorklinische Medizin, H-1094 Budapest, IX. Bezirk T\u0171zolt\u00f3 u. 37-47 &nbsp; &nbsp; Registrierungsfrist f\u00fcr die Teilnahme: 1. Mai 2018 Registrierung unter dem &hellip;<\/p>\n","protected":false},"author":101614,"featured_media":0,"comment_status":"closed","ping_status":"closed","sticky":false,"template":"","format":"standard","meta":{"_acf_changed":false,"footnotes":""},"categories":[30],"tags":[],"class_list":["post-1261","post","type-post","status-publish","format-standard","hentry","category-studium-aktuell"],"acf":[],"_links":{"self":[{"href":"https:\/\/semmelweis.hu\/deutsch\/wp-json\/wp\/v2\/posts\/1261","targetHints":{"allow":["GET"]}}],"collection":[{"href":"https:\/\/semmelweis.hu\/deutsch\/wp-json\/wp\/v2\/posts"}],"about":[{"href":"https:\/\/semmelweis.hu\/deutsch\/wp-json\/wp\/v2\/types\/post"}],"author":[{"embeddable":true,"href":"https:\/\/semmelweis.hu\/deutsch\/wp-json\/wp\/v2\/users\/101614"}],"replies":[{"embeddable":true,"href":"https:\/\/semmelweis.hu\/deutsch\/wp-json\/wp\/v2\/comments?post=1261"}],"version-history":[{"count":1,"href":"https:\/\/semmelweis.hu\/deutsch\/wp-json\/wp\/v2\/posts\/1261\/revisions"}],"predecessor-version":[{"id":6695,"href":"https:\/\/semmelweis.hu\/deutsch\/wp-json\/wp\/v2\/posts\/1261\/revisions\/6695"}],"wp:attachment":[{"href":"https:\/\/semmelweis.hu\/deutsch\/wp-json\/wp\/v2\/media?parent=1261"}],"wp:term":[{"taxonomy":"category","embeddable":true,"href":"https:\/\/semmelweis.hu\/deutsch\/wp-json\/wp\/v2\/categories?post=1261"},{"taxonomy":"post_tag","embeddable":true,"href":"https:\/\/semmelweis.hu\/deutsch\/wp-json\/wp\/v2\/tags?post=1261"}],"curies":[{"name":"wp","href":"https:\/\/api.w.org\/{rel}","templated":true}]}}