{"id":8296,"date":"2026-04-28T14:32:24","date_gmt":"2026-04-28T12:32:24","guid":{"rendered":"https:\/\/semmelweis.hu\/csot\/?p=8296"},"modified":"2026-04-28T14:32:24","modified_gmt":"2026-04-28T12:32:24","slug":"rezidens-felveteli-2026","status":"publish","type":"post","link":"https:\/\/semmelweis.hu\/csot\/2026\/04\/28\/rezidens-felveteli-2026\/","title":{"rendered":"REZIDENS FELV\u00c9TELI 2026"},"content":{"rendered":"<div class=\"elementToProof\">Kedves Hatod\u00e9ves Hallgat\u00f3k!<\/div>\n<div class=\"elementToProof\">V\u00e1runk Benneteket a h\u00e1ziorvos rezidensek csapat\u00e1ba!\u00a0\u00a0<\/div>\n<div class=\"elementToProof\">2026 \u00e9vre <b>50 f\u0151 h\u00e1ziorvostan rezidensi \u00e1ll\u00e1shelyre<\/b>\u00a0ny\u00fajthat\u00f3 be p\u00e1ly\u00e1zat az eg\u00e9szs\u00e9g\u00fcgyi fels\u0151fok\u00fa szakir\u00e1ny\u00fa szakk\u00e9pz\u00e9si rendszerr\u0151l sz\u00f3l\u00f3 162\/2015. (IV.30) Korm\u00e1nyrendelet alapj\u00e1n a Semmelweis Egyetem r\u00e9gi\u00f3j\u00e1ban.<\/div>\n<div class=\"elementToProof\"><b>Akik 2026. j\u00fanius v\u00e9g\u00e9ig sz\u00f3beli z\u00e1r\u00f3vizsg\u00e1t tesznek,<\/b>\u00a0j\u00f6jjenek el b\u00e1tran a 2026. j\u00fanius 15-i meghallgat\u00e1sra. A z\u00e1r\u00f3vizsga igazol\u00e1s leadhat\u00f3 a meghallgat\u00e1st k\u00f6vet\u0151en hi\u00e1nyp\u00f3tl\u00e1sk\u00e9nt.<br \/>\nA 2026. j\u00fanius 15-\u00e9n felv\u00e9telre ker\u00fclt p\u00e1ly\u00e1z\u00f3k <b>2026. szeptember 1-\u00e9n kezdhetik meg a h\u00e1ziorvos rezidensk\u00e9pz\u00e9st.<\/b><\/div>\n<div class=\"elementToProof\">\u00a0<\/div>\n<div class=\"elementToProof\"><b>Felv\u00e9teli id\u0151pont:<\/b><\/div>\n<div class=\"elementToProof\">Meghallgat\u00e1s id\u0151pontja: 2026. j\u00fanius 15. H\u00e9tf\u0151 \u2013 9.00<\/div>\n<div class=\"elementToProof\">Helye: SE Csal\u00e1dorvosi Tansz\u00e9k, 1091 Budapest, \u00dcll\u0151i \u00fat 25. I. emelet.\u00a0<\/div>\n<div class=\"elementToProof\"><b>A jelentkez\u00e9si lapok lead\u00e1s\u00e1nak hat\u00e1rideje: <u>2026. m\u00e1jus 22. (p\u00e9ntek)<\/u><\/b><\/div>\n<div class=\"elementToProof\">A bel\u00e9p\u00e9s tervezett id\u0151pontja: 2026. szeptember 1.<\/div>\n<div class=\"elementToProof\">\u00a0<\/div>\n<div class=\"elementToProof\"><b>Tov\u00e1bbi felv\u00e9teli id\u0151pont 2026-ban:<\/b><\/div>\n<div class=\"elementToProof\">Meghallgat\u00e1s id\u0151pontja: 2026. okt\u00f3ber 12. H\u00e9tf\u0151 \u2013 9.00<\/div>\n<div class=\"elementToProof\">Helye: SE Csal\u00e1dorvosi Tansz\u00e9k, 1091 Budapest, \u00dcll\u0151i \u00fat 25. I. emelet.\u00a0<\/div>\n<div class=\"elementToProof\">A jelentkez\u00e9si lapok lead\u00e1s\u00e1nak hat\u00e1rideje: 2026. szeptember 25. (p\u00e9ntek)<\/div>\n<div class=\"elementToProof\">A bel\u00e9p\u00e9s tervezett id\u0151pontja: 2026. december 1.<\/div>\n<div class=\"elementToProof\">\u00a0<\/div>\n<div class=\"elementToProof\">A jelentkez\u00e9ssel kapcsolatos t\u00e1j\u00e9koztat\u00f3, hirdetm\u00e9ny, let\u00f6lthet\u0151 jelentkez\u00e9si lap (kit\u00f6lt\u00e9si \u00fatmutat\u00f3, mell\u00e9keltek) megtal\u00e1lhat\u00f3:<\/div>\n<div class=\"elementToProof\"><a id=\"OWA171083b4-f61d-2f73-0e94-5dbf87d5c6d5\" class=\"OWAAutoLink\" href=\"https:\/\/semmelweis.hu\/szak-es-tovabbkepzes\/szakkepzes\/haziorvostan\/\"><u>https:\/\/semmelweis.hu\/szak-es-tovabbkepzes\/szakkepzes\/haziorvostan\/<\/u><\/a>\u00a0 el\u00e9rhet\u0151s\u00e9gen a \u2019Let\u00f6lthet\u0151 dokumentumok\u2019 c\u00edmsz\u00f3 alatt.<\/div>\n<div class=\"elementToProof\">\u00a0<\/div>\n<div class=\"elementToProof\"><b>A jelentkez\u00e9ssel kapcsolatban \u00e9rdekl\u0151dni <\/b>a Szak- \u00e9s Tov\u00e1bbk\u00e9pz\u00e9si K\u00f6zpont, Akkredit\u00e1ci\u00f3s \u00e9s Rendszerbev\u00e9teli Csoport \u00fcgyint\u00e9z\u0151j\u00e9n\u00e9l\u00a0Szab\u00f3-Sipos Ildik\u00f3n\u00e1l lehet:<\/div>\n<div class=\"elementToProof\">Telefon: +36-1-459-1500 \/ 62385<br \/>\nE-mail: <a id=\"OWAde17278d-b35b-a8a5-aa5f-3d56de7e471b\" class=\"OWAAutoLink\" href=\"mailto:szabo.ildiko2@semmelweis.hu\"><u>szabo.ildiko2@semmelweis.hu<\/u><\/a><\/div>\n<div class=\"elementToProof\">\u00a0<\/div>\n<div class=\"elementToProof\"><b>A jelentkez\u00e9si lapok lead\u00e1sa<\/b><br \/>\nA jelentkez\u00e9si lapok lead\u00e1sa e-mailben t\u00f6rt\u00e9nik a <a id=\"OWAeaaf0860-dd66-2e87-b8d9-a2a6b7750f7e\" class=\"OWAAutoLink\" href=\"mailto:szabo.ildiko2@semmelweis.hu\"><u>szabo.ildiko2@semmelweis.hu<\/u><\/a>\u00a0e-mail c\u00edmre.<br \/>\nA lead\u00e1si hat\u00e1rid\u0151 ut\u00e1n e-mailben kaptok \u00e9rtes\u00edt\u00e9st a meghallgat\u00e1s lefolytat\u00e1s\u00e1nak r\u00e9szleteir\u0151l, pontos id\u0151beoszt\u00e1sr\u00f3l.<\/div>\n<div class=\"elementToProof\">\u00a0<\/div>\n<div class=\"elementToProof\"><b>Inform\u00e1ci\u00f3k a szakorvosk\u00e9pz\u00e9sr\u0151l<\/b><\/div>\n<div class=\"elementToProof\">Csal\u00e1dorvosi Tansz\u00e9k honlapj\u00e1n: <a id=\"OWA5f30a990-70e5-3309-0833-e3cd64e90f6a\" class=\"OWAAutoLink\" href=\"https:\/\/semmelweis.hu\/csot\/rezidenskepzes\/\"><u>https:\/\/semmelweis.hu\/csot\/rezidenskepzes\/<\/u><\/a><\/div>\n<div class=\"elementToProof\"><b>Szak- \u00e9s Tov\u00e1bbk\u00e9pz\u00e9si K\u00f6zpont honlapj\u00e1n:<\/b>\u00a0<a id=\"OWAd001ae36-3fc8-e66b-80d1-438ab55b0c85\" class=\"OWAAutoLink\" href=\"https:\/\/semmelweis.hu\/szak-es-tovabbkepzes\/aok\/\"><u>https:\/\/semmelweis.hu\/szak-es-tovabbkepzes\/aok\/<\/u><\/a><\/div>\n<div class=\"elementToProof\">\u00a0<\/div>\n<div class=\"elementToProof\">V\u00e1rjuk jelentkez\u00e9seteket!<\/div>\n<div class=\"elementToProof\">\u00dcdv\u00f6zlettel,<br \/>\nCsal\u00e1dorvosi Tansz\u00e9k<\/div>\n","protected":false},"excerpt":{"rendered":"<p>Kedves Hatod\u00e9ves Hallgat\u00f3k! V\u00e1runk Benneteket a h\u00e1ziorvos rezidensek csapat\u00e1ba!\u00a0\u00a0 2026 \u00e9vre 50 f\u0151 h\u00e1ziorvostan rezidensi \u00e1ll\u00e1shelyre\u00a0ny\u00fajthat\u00f3 be p\u00e1ly\u00e1zat az eg\u00e9szs\u00e9g\u00fcgyi fels\u0151fok\u00fa szakir\u00e1ny\u00fa szakk\u00e9pz\u00e9si rendszerr\u0151l sz\u00f3l\u00f3 162\/2015. (IV.30) Korm\u00e1nyrendelet alapj\u00e1n a Semmelweis Egyetem r\u00e9gi\u00f3j\u00e1ban. Akik 2026. j\u00fanius v\u00e9g\u00e9ig sz\u00f3beli z\u00e1r\u00f3vizsg\u00e1t tesznek,\u00a0j\u00f6jjenek el b\u00e1tran a 2026. j\u00fanius 15-i meghallgat\u00e1sra. A z\u00e1r\u00f3vizsga igazol\u00e1s leadhat\u00f3 a meghallgat\u00e1st k\u00f6vet\u0151en hi\u00e1nyp\u00f3tl\u00e1sk\u00e9nt. &hellip;<\/p>\n","protected":false},"author":101661,"featured_media":0,"comment_status":"closed","ping_status":"closed","sticky":false,"template":"","format":"standard","meta":{"_acf_changed":false,"footnotes":""},"categories":[3,1,5],"tags":[],"class_list":["post-8296","post","type-post","status-publish","format-standard","hentry","category-egyeb","category-news","category-rezidens"],"acf":[],"publishpress_future_action":{"enabled":false,"date":"1970-01-01 01:00:00","action":"","terms":[],"taxonomy":"","browser_timezone_offset":0},"_links":{"self":[{"href":"https:\/\/semmelweis.hu\/csot\/wp-json\/wp\/v2\/posts\/8296","targetHints":{"allow":["GET"]}}],"collection":[{"href":"https:\/\/semmelweis.hu\/csot\/wp-json\/wp\/v2\/posts"}],"about":[{"href":"https:\/\/semmelweis.hu\/csot\/wp-json\/wp\/v2\/types\/post"}],"author":[{"embeddable":true,"href":"https:\/\/semmelweis.hu\/csot\/wp-json\/wp\/v2\/users\/101661"}],"replies":[{"embeddable":true,"href":"https:\/\/semmelweis.hu\/csot\/wp-json\/wp\/v2\/comments?post=8296"}],"version-history":[{"count":1,"href":"https:\/\/semmelweis.hu\/csot\/wp-json\/wp\/v2\/posts\/8296\/revisions"}],"predecessor-version":[{"id":8297,"href":"https:\/\/semmelweis.hu\/csot\/wp-json\/wp\/v2\/posts\/8296\/revisions\/8297"}],"wp:attachment":[{"href":"https:\/\/semmelweis.hu\/csot\/wp-json\/wp\/v2\/media?parent=8296"}],"wp:term":[{"taxonomy":"category","embeddable":true,"href":"https:\/\/semmelweis.hu\/csot\/wp-json\/wp\/v2\/categories?post=8296"},{"taxonomy":"post_tag","embeddable":true,"href":"https:\/\/semmelweis.hu\/csot\/wp-json\/wp\/v2\/tags?post=8296"}],"curies":[{"name":"wp","href":"https:\/\/api.w.org\/{rel}","templated":true}]}}