{"id":6466,"date":"2023-04-14T21:12:53","date_gmt":"2023-04-14T19:12:53","guid":{"rendered":"https:\/\/semmelweis.hu\/csot\/?p=6466"},"modified":"2026-01-20T14:53:26","modified_gmt":"2026-01-20T13:53:26","slug":"akkreditacio-megujitasa","status":"publish","type":"post","link":"https:\/\/semmelweis.hu\/csot\/2023\/04\/14\/akkreditacio-megujitasa\/","title":{"rendered":"Akkredit\u00e1ci\u00f3 meg\u00faj\u00edt\u00e1sa"},"content":{"rendered":"<p><strong>Tisztelt oktat\u00f3 Koll\u00e9gan\u0151k, Koll\u00e9g\u00e1k!<\/strong><\/p>\n<p>2022. szeptember 1-t\u0151l megv\u00e1ltozott a h\u00e1ziorvostan szakorvosk\u00e9pz\u00e9s programja (28\/2022. (VIII.25.) BM rendelet), ennek megfelel\u0151en \u00faj akkredit\u00e1ci\u00f3s p\u00e1ly\u00e1zatok beny\u00fajt\u00e1sa sz\u00fcks\u00e9ges.<\/p>\n<p>Az \u00faj k\u00e9pz\u00e9si program hossza maradt 36 h\u00f3nap, de v\u00e1ltoztak a k\u00e9pz\u00e9si elemek. 2022.09.01. ut\u00e1n a rezidensek m\u00e1r csak az \u00faj szakk\u00e9pz\u00e9si tematika szerinti k\u00e9pz\u00e9sbe l\u00e9phetnek be. A 2022.09.01. el\u0151tti bel\u00e9p\u0151k v\u00e1laszthattak, hogy melyik tematika szerint folytatj\u00e1k a szakorvosk\u00e9pz\u00e9st.<\/p>\n<p>Az oktat\u00f3 praxisok akkredit\u00e1ci\u00f3j\u00e1nak meg\u00faj\u00edt\u00e1sa n\u00e9lk\u00fcl nem lehets\u00e9ges az \u00faj rezidensek oktat\u00e1sa.<\/p>\n<p>A reny.hu oldalon kialak\u00edt\u00e1sra ker\u00fcltek az \u00faj p\u00e1ly\u00e1zati adatlapok \u00e9s kik\u00fcldt\u00e9k t\u00e1j\u00e9koztat\u00f3 level\u00fcket minden oktat\u00f3 csal\u00e1dorvosi praxis r\u00e9sz\u00e9re, a kor\u00e1bbi akkredit\u00e1ci\u00f3kor megadott email c\u00edmre.<br \/>\nA reny.hu port\u00e1lra t\u00f6rt\u00e9n\u0151 bel\u00e9p\u00e9shez a K\u00e9pz\u0151helyhez tartoz\u00f3 bel\u00e9p\u00e9si n\u00e9v \u00e9s jelsz\u00f3 sz\u00fcks\u00e9ges, amit a rendszer m\u00e9g az els\u0151 akkredit\u00e1ci\u00f3kor adott meg \u00e9s k\u00fcld\u00f6tt el a fenti e-mail c\u00edmre. Amennyiben erre nem eml\u00e9kszik, vagy nem tal\u00e1lja, k\u00e9rj\u00fck vegye fel a kapcsolatot a Szak- \u00e9s Tov\u00e1bbk\u00e9pz\u00e9si K\u00f6zpont lent megadott \u00fcgyint\u00e9z\u0151ivel, \u0151k tudj\u00e1k kik\u00fcldeni a bel\u00e9p\u00e9shez sz\u00fcks\u00e9ges azonos\u00edt\u00f3kat.<\/p>\n<p>A Csal\u00e1dorvosi Tansz\u00e9k \u00e9s a j\u00f6v\u0151 h\u00e1ziorvos rezidensei sz\u00e1m\u00e1ra nagyon fontos, hogy a h\u00e1ziorvosi, h\u00e1zi gyermekorvosi praxisok, mint k\u00e9pz\u0151helyek meg\u00faj\u00edts\u00e1k akkredit\u00e1ci\u00f3jukat, \u00e9s ezzel biztos\u00edts\u00e1k a szakorvosk\u00e9pz\u00e9s folyamatoss\u00e1g\u00e1nak h\u00e1tter\u00e9t.<\/p>\n<p>A mell\u00e9kelt dokumentum (pdf) tartalmazza az akkredit\u00e1ci\u00f3 meg\u00faj\u00edt\u00e1s\u00e1hoz sz\u00fcks\u00e9ges inform\u00e1ci\u00f3kat.<\/p>\n<p>[wpba-attachment-list]<\/p>\n<p>A felmer\u00fcl\u0151 k\u00e9rd\u00e9sekre az Egyetem Szak- \u00e9s Tov\u00e1bbk\u00e9pz\u00e9si K\u00f6zpont Akkredit\u00e1ci\u00f3s \u00e9s Rendszerbev\u00e9teli Csoportj\u00e1nak munkat\u00e1rsai tudnak v\u00e1laszolni:<\/p>\n<p><a href=\"https:\/\/semmelweis.hu\/szak-es-tovabbkepzes\/aok\/akkreditacio\/\" target=\"_blank\" rel=\"noopener\">https:\/\/semmelweis.hu\/szak-es-tovabbkepzes\/aok\/akkreditacio\/<\/a><\/p>\n<p>Szab\u00f3 Ildik\u00f3, titk\u00e1rs\u00e1gi szak\u00e9rt\u0151\u00a0<br \/>\ne-mail: <a id=\"OWA11c7bba9-dd33-c590-3bae-a0d487e8e78d\" class=\"OWAAutoLink\" href=\"mailto:szabo.ildiko2@semmelweis.hu\">szabo.ildiko2@semmelweis.hu<\/a><br \/>\ntelefon: +36-1-459-1500\/ 62385<\/p>\n<p>Szab\u00f3 Vir\u00e1g Bernadett \u00fcgyint\u00e9z\u0151<br \/>\ne-mail: <a href=\"mailto:szabo.virag@semmelweis.hu\">szabo.virag@semmelweis.hu<\/a><br \/>\ntelefon: +36-1-459-1500\/62245<\/p>\n<p>K\u00f6sz\u00f6nj\u00fck oktat\u00f3i munk\u00e1jukat \u00e9s az akkredit\u00e1ci\u00f3hoz sz\u00fcks\u00e9ges adminisztr\u00e1ci\u00f3s feladatok elv\u00e9gz\u00e9s\u00e9t!<\/p>\n<p>\u00dcdv\u00f6zlettel,<br \/>\ndr. Torzsa P\u00e9ter tansz\u00e9kvezet\u0151 egyetemi tan\u00e1r<br \/>\ndr. M\u00e1rkus Bernadett egyetemi tan\u00e1rseg\u00e9d<\/p>\n","protected":false},"excerpt":{"rendered":"<p>Tisztelt oktat\u00f3 Koll\u00e9gan\u0151k, Koll\u00e9g\u00e1k! 2022. szeptember 1-t\u0151l megv\u00e1ltozott a h\u00e1ziorvostan szakorvosk\u00e9pz\u00e9s programja (28\/2022. (VIII.25.) BM rendelet), ennek megfelel\u0151en \u00faj akkredit\u00e1ci\u00f3s p\u00e1ly\u00e1zatok beny\u00fajt\u00e1sa sz\u00fcks\u00e9ges. Az \u00faj k\u00e9pz\u00e9si program hossza maradt 36 h\u00f3nap, de v\u00e1ltoztak a k\u00e9pz\u00e9si elemek. 2022.09.01. ut\u00e1n a rezidensek m\u00e1r csak az \u00faj szakk\u00e9pz\u00e9si tematika szerinti k\u00e9pz\u00e9sbe l\u00e9phetnek be. A 2022.09.01. el\u0151tti bel\u00e9p\u0151k v\u00e1laszthattak, &hellip;<\/p>\n","protected":false},"author":101661,"featured_media":0,"comment_status":"closed","ping_status":"closed","sticky":false,"template":"","format":"standard","meta":{"_acf_changed":false,"footnotes":""},"categories":[3,1,4],"tags":[],"class_list":["post-6466","post","type-post","status-publish","format-standard","hentry","category-egyeb","category-news","category-oktatoknak"],"acf":[],"publishpress_future_action":{"enabled":false,"date":"1970-01-01 01:00:00","action":"","terms":[],"taxonomy":"","browser_timezone_offset":0},"_links":{"self":[{"href":"https:\/\/semmelweis.hu\/csot\/wp-json\/wp\/v2\/posts\/6466","targetHints":{"allow":["GET"]}}],"collection":[{"href":"https:\/\/semmelweis.hu\/csot\/wp-json\/wp\/v2\/posts"}],"about":[{"href":"https:\/\/semmelweis.hu\/csot\/wp-json\/wp\/v2\/types\/post"}],"author":[{"embeddable":true,"href":"https:\/\/semmelweis.hu\/csot\/wp-json\/wp\/v2\/users\/101661"}],"replies":[{"embeddable":true,"href":"https:\/\/semmelweis.hu\/csot\/wp-json\/wp\/v2\/comments?post=6466"}],"version-history":[{"count":5,"href":"https:\/\/semmelweis.hu\/csot\/wp-json\/wp\/v2\/posts\/6466\/revisions"}],"predecessor-version":[{"id":8158,"href":"https:\/\/semmelweis.hu\/csot\/wp-json\/wp\/v2\/posts\/6466\/revisions\/8158"}],"wp:attachment":[{"href":"https:\/\/semmelweis.hu\/csot\/wp-json\/wp\/v2\/media?parent=6466"}],"wp:term":[{"taxonomy":"category","embeddable":true,"href":"https:\/\/semmelweis.hu\/csot\/wp-json\/wp\/v2\/categories?post=6466"},{"taxonomy":"post_tag","embeddable":true,"href":"https:\/\/semmelweis.hu\/csot\/wp-json\/wp\/v2\/tags?post=6466"}],"curies":[{"name":"wp","href":"https:\/\/api.w.org\/{rel}","templated":true}]}}