{"id":6372,"date":"2023-01-11T17:31:12","date_gmt":"2023-01-11T16:31:12","guid":{"rendered":"https:\/\/semmelweis.hu\/csot\/?p=6372"},"modified":"2023-01-11T17:46:04","modified_gmt":"2023-01-11T16:46:04","slug":"veraenderte-verfuegbarkeit","status":"publish","type":"post","link":"https:\/\/semmelweis.hu\/csot\/de\/2023\/01\/11\/veraenderte-verfuegbarkeit\/","title":{"rendered":"Ver\u00e4nderte Verf\u00fcgbarkeit"},"content":{"rendered":"<p>Das Lehrstuhl f\u00fcr Familienmedizin ist aufgrund von Energieeffizienzma\u00dfnahmen vom 9. Januar 2023 bis zum 30. M\u00e4rz 2023 in das B\u00fcrogeb\u00e4ude City Corner (1095 Budapest, \u00dcll\u0151i \u00fat 25.) umgezogen.<\/p>\n<p>W\u00e4hrend des oben genannten Zeitraums ist das Lehrstuhl online ge\u00f6ffnet &#8211; pers\u00f6nlich nur nach vorheriger Anmeldung.<\/p>\n<p>Vielen Dank f\u00fcr Ihr Verst\u00e4ndnis!<\/p>\n","protected":false},"excerpt":{"rendered":"<p>Das Lehrstuhl f\u00fcr Familienmedizin ist aufgrund von Energieeffizienzma\u00dfnahmen vom 9. Januar 2023 bis zum 30. M\u00e4rz 2023 in das B\u00fcrogeb\u00e4ude City Corner (1095 Budapest, \u00dcll\u0151i \u00fat 25.) umgezogen.<br \/>\nW\u00e4hrend des oben genannten Zeitraums ist das Lehrstuhl online ge\u00f6ffnet &#8211; pers\u00f6nlich nur nach vorheriger Anmeldung.<br \/>\nVielen Dank f\u00fcr Ihr Verst\u00e4ndnis!<\/p>\n","protected":false},"author":101661,"featured_media":0,"comment_status":"closed","ping_status":"closed","sticky":false,"template":"","format":"standard","meta":{"_acf_changed":false,"footnotes":""},"categories":[48],"tags":[],"class_list":["post-6372","post","type-post","status-publish","format-standard","hentry","category-deutsch"],"acf":[],"publishpress_future_action":{"enabled":false,"date":"1970-01-01 01:00:00","action":"","terms":[],"taxonomy":"","browser_timezone_offset":0},"_links":{"self":[{"href":"https:\/\/semmelweis.hu\/csot\/wp-json\/wp\/v2\/posts\/6372","targetHints":{"allow":["GET"]}}],"collection":[{"href":"https:\/\/semmelweis.hu\/csot\/wp-json\/wp\/v2\/posts"}],"about":[{"href":"https:\/\/semmelweis.hu\/csot\/wp-json\/wp\/v2\/types\/post"}],"author":[{"embeddable":true,"href":"https:\/\/semmelweis.hu\/csot\/wp-json\/wp\/v2\/users\/101661"}],"replies":[{"embeddable":true,"href":"https:\/\/semmelweis.hu\/csot\/wp-json\/wp\/v2\/comments?post=6372"}],"version-history":[{"count":1,"href":"https:\/\/semmelweis.hu\/csot\/wp-json\/wp\/v2\/posts\/6372\/revisions"}],"predecessor-version":[{"id":6373,"href":"https:\/\/semmelweis.hu\/csot\/wp-json\/wp\/v2\/posts\/6372\/revisions\/6373"}],"wp:attachment":[{"href":"https:\/\/semmelweis.hu\/csot\/wp-json\/wp\/v2\/media?parent=6372"}],"wp:term":[{"taxonomy":"category","embeddable":true,"href":"https:\/\/semmelweis.hu\/csot\/wp-json\/wp\/v2\/categories?post=6372"},{"taxonomy":"post_tag","embeddable":true,"href":"https:\/\/semmelweis.hu\/csot\/wp-json\/wp\/v2\/tags?post=6372"}],"curies":[{"name":"wp","href":"https:\/\/api.w.org\/{rel}","templated":true}]}}