{"id":4192,"date":"2019-05-23T13:28:19","date_gmt":"2019-05-23T11:28:19","guid":{"rendered":"http:\/\/csot.semmelweis.hu\/?p=4192"},"modified":"2025-11-27T11:11:33","modified_gmt":"2025-11-27T10:11:33","slug":"tajekoztato-tutor-akkreditaciohoz","status":"publish","type":"post","link":"https:\/\/semmelweis.hu\/csot\/2019\/05\/23\/tajekoztato-tutor-akkreditaciohoz\/","title":{"rendered":"T\u00e1j\u00e9koztat\u00f3 tutor akkredit\u00e1ci\u00f3hoz"},"content":{"rendered":"<p>Az oktat\u00f3 csal\u00e1dorvosok\/tutorok akkredit\u00e1ci\u00f3j\u00e1nak menete (feln\u0151tt, gyermek \u00e9s vegyes praxisokban egyar\u00e1nt) megv\u00e1ltozott.<br \/>\n2017 k\u00f6zep\u00e9t\u0151l Semmelweis Egyetem, a T\u00e1rsegyetemekkel egy\u00fcttm\u0171k\u00f6dve fokozatosan \u00e1t\u00e1ll<br \/>\na RENY \u2013 Rezidens Akkredit\u00e1lt K\u00e9pz\u0151hely Nyilv\u00e1ntart\u00e1s (<a href=\"http:\/\/www.reny.hu\">www.reny.hu<\/a>) internetes port\u00e1l<br \/>\nhaszn\u00e1lat\u00e1ra, melynek c\u00e9lja a Szakorvosk\u00e9pz\u00e9s n\u00e9gy egyetem \u00e1ltal akkredit\u00e1lt szakk\u00e9pz\u0151<br \/>\nhelyeinek egys\u00e9ges, egy helyen t\u00f6rt\u00e9n\u0151 nyilv\u00e1ntart\u00e1sa.<!--more--><br \/>\nAz online fel\u00fclet a szakk\u00e9pz\u00e9sben r\u00e9sztvev\u0151 \u00f6sszes akkredit\u00e1ci\u00f3val rendelkez\u0151 eg\u00e9szs\u00e9g\u00fcgyi<br \/>\nszolg\u00e1ltat\u00f3 \u00e9s a k\u00e9pz\u00e9sben r\u00e9szvev\u0151 jel\u00f6lt sz\u00e1m\u00e1ra egys\u00e9gesen el\u00e9rhet\u0151 \u00e9s hozz\u00e1f\u00e9rhet\u0151,<br \/>\nk\u00f6nnyebb\u00e9, egyszer\u0171bb\u00e9, gyorsabb\u00e1 t\u00e9ve a szakk\u00e9pz\u00e9ssel kapcsolatos feladatok ell\u00e1t\u00e1s\u00e1t.<br \/>\n<strong>Az akkredit\u00e1ci\u00f3hoz (\u00faj vagy meg\u00faj\u00edt\u00e1s) kit\u00f6ltend\u0151 dokumentumok gyakorlatilag nem<\/strong><br \/>\n<strong>v\u00e1ltoztak, a kit\u00f6lt\u00e9s\u00fck azonban csak online lehets\u00e9ges a <a href=\"http:\/\/www.reny.hu\">www.reny.hu<\/a> oldalon.<\/strong><br \/>\nK\u00e9sz\u00edtett\u00fcnk ehhez egy r\u00e9szletes t\u00e1j\u00e9koztat\u00f3t, melyet a Semmelweis Egyetem hivatalos t\u00e1j\u00e9koztat\u00f3j\u00e1val egy\u00fctt al\u00e1bb olvashatja el:<br \/>\n[wpba-attachment-list]<br \/>\nAmennyiben<strong> tov\u00e1bbi k\u00e9rd\u00e9se van az akkredit\u00e1ci\u00f3val kapcsolatban<\/strong>, k\u00e9rj\u00fck forduljon a<br \/>\n<strong>Szak- \u00e9s Tov\u00e1bbk\u00e9pz\u00e9si K\u00f6zpont &#8211; Akkredit\u00e1ci\u00f3s \u00e9s Rendszerbev\u00e9teli Csoport<\/strong>hoz:<br \/>\n<strong>Szab\u00f3 Ildik\u00f3<\/strong> titk\u00e1rs\u00e1gi szak\u00e9rt\u0151<br \/>\ne-mail: <a id=\"OWA11c7bba9-dd33-c590-3bae-a0d487e8e78d\" class=\"OWAAutoLink\" href=\"mailto:szabo.ildiko2@semmelweis.hu\">szabo.ildiko2@semmelweis.hu<\/a><br \/>\ntelefon: +36-1-459-1500\/ 62385<br \/>\n<strong>Szab\u00f3 Vir\u00e1g Bernadett<\/strong> \u00fcgyint\u00e9z\u0151<br \/>\ne-mail: <a href=\"mailto:szabo.virag@semmelweis.hu\">szabo.virag@semmelweis.hu<\/a><br \/>\ntelefon: +36-1-459-1500\/55267<br \/>\n\u00dcgyf\u00e9lfogad\u00e1s:<br \/>\n1085 Budapest, \u00dcll\u0151i \u00fat 26. Fsz.\/17. szoba.<br \/>\nH\u00e9tf\u0151: 13:30 \u2013 16:00, Szerda: 13:30 \u2013 16:00, P\u00e9ntek: 9:00 \u2013 11:30<br \/>\nTelefonon el\u00e9rhet\u0151k:<br \/>\nH\u00e9tf\u0151-cs\u00fct\u00f6rt\u00f6k: 8:00-15:00, p\u00e9nteken: 8:00-12:00<br \/>\nK\u00f6sz\u00f6nj\u00fck oktat\u00f3i munk\u00e1jukat \u00e9s az akkredit\u00e1ci\u00f3hoz sz\u00fcks\u00e9ges adminisztr\u00e1ci\u00f3s feladatok elv\u00e9gz\u00e9s\u00e9t!<\/p>\n","protected":false},"excerpt":{"rendered":"<p>Az oktat\u00f3 csal\u00e1dorvosok\/tutorok akkredit\u00e1ci\u00f3j\u00e1nak menete (feln\u0151tt, gyermek \u00e9s vegyes praxisokban egyar\u00e1nt) megv\u00e1ltozott.<br \/>\n2017 k\u00f6zep\u00e9t\u0151l Semmelweis Egyetem, a T\u00e1rsegyetemekkel egy\u00fcttm\u0171k\u00f6dve fokozatosan \u00e1t\u00e1ll<br \/>\na RENY \u2013 Rezidens Akkredit\u00e1lt K\u00e9pz\u0151hely Nyilv\u00e1ntart\u00e1s (<a href=\"http:\/\/www.reny.hu\">www.reny.hu<\/a>) internetes port\u00e1l<br \/>\nhaszn\u00e1lat\u00e1ra, melynek c\u00e9lja a Szakorvosk\u00e9pz\u00e9s n\u00e9gy egyetem \u00e1ltal akkredit\u00e1lt szakk\u00e9pz\u0151<br \/>\nhelyeinek egys\u00e9ges, egy helyen t\u00f6rt\u00e9n\u0151 nyilv\u00e1ntart\u00e1sa.<\/p>\n","protected":false},"author":158,"featured_media":0,"comment_status":"closed","ping_status":"closed","sticky":false,"template":"","format":"standard","meta":{"_acf_changed":false,"footnotes":""},"categories":[4],"tags":[],"class_list":["post-4192","post","type-post","status-publish","format-standard","hentry","category-oktatoknak"],"acf":[],"publishpress_future_action":{"enabled":false,"date":"1970-01-01 01:00:00","action":"","terms":[],"taxonomy":"","browser_timezone_offset":0},"_links":{"self":[{"href":"https:\/\/semmelweis.hu\/csot\/wp-json\/wp\/v2\/posts\/4192","targetHints":{"allow":["GET"]}}],"collection":[{"href":"https:\/\/semmelweis.hu\/csot\/wp-json\/wp\/v2\/posts"}],"about":[{"href":"https:\/\/semmelweis.hu\/csot\/wp-json\/wp\/v2\/types\/post"}],"author":[{"embeddable":true,"href":"https:\/\/semmelweis.hu\/csot\/wp-json\/wp\/v2\/users\/158"}],"replies":[{"embeddable":true,"href":"https:\/\/semmelweis.hu\/csot\/wp-json\/wp\/v2\/comments?post=4192"}],"version-history":[{"count":2,"href":"https:\/\/semmelweis.hu\/csot\/wp-json\/wp\/v2\/posts\/4192\/revisions"}],"predecessor-version":[{"id":8063,"href":"https:\/\/semmelweis.hu\/csot\/wp-json\/wp\/v2\/posts\/4192\/revisions\/8063"}],"wp:attachment":[{"href":"https:\/\/semmelweis.hu\/csot\/wp-json\/wp\/v2\/media?parent=4192"}],"wp:term":[{"taxonomy":"category","embeddable":true,"href":"https:\/\/semmelweis.hu\/csot\/wp-json\/wp\/v2\/categories?post=4192"},{"taxonomy":"post_tag","embeddable":true,"href":"https:\/\/semmelweis.hu\/csot\/wp-json\/wp\/v2\/tags?post=4192"}],"curies":[{"name":"wp","href":"https:\/\/api.w.org\/{rel}","templated":true}]}}