{"id":269,"date":"2018-05-03T09:35:47","date_gmt":"2018-05-03T07:35:47","guid":{"rendered":"http:\/\/csot.semmelweis.hu\/?p=269"},"modified":"2019-10-15T14:39:08","modified_gmt":"2019-10-15T12:39:08","slug":"akkreditalt-oktatonak-jelentkezes","status":"publish","type":"post","link":"https:\/\/semmelweis.hu\/csot\/2018\/05\/03\/akkreditalt-oktatonak-jelentkezes\/","title":{"rendered":"Akkredit\u00e1lt oktat\u00f3nak jelentkez\u00e9s"},"content":{"rendered":"<p>A Csal\u00e1dorvosi Tansz\u00e9k <strong>akkredit\u00e1lt oktat\u00f3i c\u00edmre<\/strong> v\u00e1rja olyan koll\u00e9g\u00e1k <strong>jelentkez\u00e9s\u00e9t<\/strong>, akik legal\u00e1bb 3 \u00e9ve szakvizsg\u00e1ztak h\u00e1ziorvostanb\u00f3l.<br \/>\nAz akkredit\u00e1lt oktat\u00f3k ny\u00edlv\u00e1ntart\u00e1sa a Rezidens Akkredit\u00e1lt K\u00e9pz\u0151hely Nyilv\u00e1ntart\u00e1s oldalon t\u00f6rt\u00e9nik, \u00edgy az <strong>akkredit\u00e1ci\u00f3 felt\u00e9tele a <a href=\"http:\/\/www.reny.hu\">reny.hu<\/a> port\u00e1lon t\u00f6rt\u00e9n\u0151 regisztr\u00e1ci\u00f3<\/strong>. Ennek hi\u00e1ny\u00e1ban &#8211; a bek\u00fcld\u00f6tt nyomtatv\u00e1ny \u00e9s \u00f6n\u00e9letrajz ellen\u00e9re sem tudunk senkit akkredit\u00e1lni.<br \/>\nTov\u00e1bbi r\u00e9szletek az <a href=\"https:\/\/semmelweis.hu\/csot\/?page_id=271\">akkredi\u00e1ci\u00f3s oldalon<\/a>.<\/p>\n","protected":false},"excerpt":{"rendered":"<p>A Csal\u00e1dorvosi Tansz\u00e9k akkredit\u00e1lt oktat\u00f3i c\u00edmre v\u00e1rja olyan koll\u00e9g\u00e1k jelentkez\u00e9s\u00e9t, akik legal\u00e1bb 3 \u00e9ve szakvizsg\u00e1ztak h\u00e1ziorvostanb\u00f3l.<br \/>\nAz akkredit\u00e1lt oktat\u00f3k ny\u00edlv\u00e1ntart\u00e1sa a Rezidens Akkredit\u00e1lt K\u00e9pz\u0151hely Nyilv\u00e1ntart\u00e1s oldalon t\u00f6rt\u00e9nik, \u00edgy az akkredit\u00e1ci\u00f3 felt\u00e9tele a <a href=\"http:\/\/www.reny.hu\">reny.hu<\/a> port\u00e1lon t\u00f6rt\u00e9n\u0151 regisztr\u00e1ci\u00f3. Ennek hi\u00e1ny\u00e1ban &#8211; a bek\u00fcld\u00f6tt nyomtatv\u00e1ny \u00e9s \u00f6n\u00e9letrajz ellen\u00e9re sem tudunk senkit akkredit\u00e1lni.<br \/>\nTov\u00e1bbi r\u00e9szletek az <a href=\"https:\/\/semmelweis.hu\/csot\/?page_id=271\">akkredi\u00e1ci\u00f3s oldalon<\/a>.<\/p>\n","protected":false},"author":158,"featured_media":0,"comment_status":"closed","ping_status":"closed","sticky":false,"template":"","format":"standard","meta":{"_acf_changed":false,"footnotes":""},"categories":[4],"tags":[7,8],"class_list":["post-269","post","type-post","status-publish","format-standard","hentry","category-oktatoknak","tag-akkreditalt-oktato","tag-jelentkezes"],"acf":[],"publishpress_future_action":{"enabled":false,"date":"1970-01-01 01:00:00","action":"","terms":[],"taxonomy":"","browser_timezone_offset":0},"_links":{"self":[{"href":"https:\/\/semmelweis.hu\/csot\/wp-json\/wp\/v2\/posts\/269","targetHints":{"allow":["GET"]}}],"collection":[{"href":"https:\/\/semmelweis.hu\/csot\/wp-json\/wp\/v2\/posts"}],"about":[{"href":"https:\/\/semmelweis.hu\/csot\/wp-json\/wp\/v2\/types\/post"}],"author":[{"embeddable":true,"href":"https:\/\/semmelweis.hu\/csot\/wp-json\/wp\/v2\/users\/158"}],"replies":[{"embeddable":true,"href":"https:\/\/semmelweis.hu\/csot\/wp-json\/wp\/v2\/comments?post=269"}],"version-history":[{"count":1,"href":"https:\/\/semmelweis.hu\/csot\/wp-json\/wp\/v2\/posts\/269\/revisions"}],"predecessor-version":[{"id":4783,"href":"https:\/\/semmelweis.hu\/csot\/wp-json\/wp\/v2\/posts\/269\/revisions\/4783"}],"wp:attachment":[{"href":"https:\/\/semmelweis.hu\/csot\/wp-json\/wp\/v2\/media?parent=269"}],"wp:term":[{"taxonomy":"category","embeddable":true,"href":"https:\/\/semmelweis.hu\/csot\/wp-json\/wp\/v2\/categories?post=269"},{"taxonomy":"post_tag","embeddable":true,"href":"https:\/\/semmelweis.hu\/csot\/wp-json\/wp\/v2\/tags?post=269"}],"curies":[{"name":"wp","href":"https:\/\/api.w.org\/{rel}","templated":true}]}}