{"id":7554,"date":"2025-02-19T11:20:12","date_gmt":"2025-02-19T10:20:12","guid":{"rendered":"https:\/\/semmelweis.hu\/csaladbarat\/?p=7554"},"modified":"2025-02-24T13:44:56","modified_gmt":"2025-02-24T12:44:56","slug":"20-kedvezmeny-a-molnar-c-pal-muterem-muzeumban","status":"publish","type":"post","link":"https:\/\/semmelweis.hu\/csaladbarat\/2025\/02\/19\/20-kedvezmeny-a-molnar-c-pal-muterem-muzeumban\/","title":{"rendered":"20% kedvezm\u00e9ny a Moln\u00e1r C. P\u00e1l M\u0171terem &#8211; M\u00fazeumban!"},"content":{"rendered":"<h1 style=\"text-align: center\">20% kedvezm\u00e9ny biztos\u00edt bel\u00e9p\u0151jegyei \u00e1r\u00e1b\u00f3l a Moln\u00e1r C. P\u00e1l M\u0171terem &#8211; M\u00fazeum!<\/h1>\n<hr \/>\n<p style=\"text-align: justify\">Moln\u00e1r-C. P\u00e1l (1894-1981) fest\u0151m\u0171v\u00e9sz a Gell\u00e9rthegy oldal\u00e1ban, egy M\u00e9nesi \u00fati vill\u00e1ban \u00e9lt \u00e9s alkotott 50 \u00e9ven \u00e1t. Hal\u00e1la ut\u00e1n, 1984-ben kisebbik l\u00e1nya, dr. Csillag P\u00e1ln\u00e9 \u00c9va, <strong>csal\u00e1di gondoz\u00e1s\u00fa mag\u00e1nm\u00fazeum<\/strong>ot hozott l\u00e9tre, ahol a m\u0171vek a sz\u00fclet\u00e9s\u00fck hely\u00e9n l\u00e1that\u00f3k, \u00e9s szinte \u00e9rz\u0151dik a fest\u00e9k illata. <strong>A <a href=\"https:\/\/www.mcpmuzeum.hu\/\">Moln\u00e1r-C. P\u00e1l M\u0171terem-M\u00fazeum<\/a> a legr\u00e9gibb,\u00a0csal\u00e1di gondoz\u00e1sban l\u00e9v\u0151 mag\u00e1nm\u00fazeum az orsz\u00e1gban.<\/strong><\/p>\n<p style=\"text-align: justify\">A Moln\u00e1r-C. P\u00e1l M\u0171terem M\u00fazeum 2011 \u00f3ta <strong>k\u00f6z\u00e9rdek\u0171 muze\u00e1lis gy\u0171jtem\u00e9ny<\/strong>. A t\u00e9m\u00e1ban, st\u00edlusban, technikai megold\u00e1sban szokatlanul v\u00e1ltozatos \u00e9letm\u0171 mellett a m\u0171v\u00e9sz szem\u00e9lyes haszn\u00e1lati t\u00e1rgyai \u00e9s a csal\u00e1di eml\u00e9kezet keltik \u00e9letre az alkot\u00f3t. A gazdag m\u0171v\u00e9szeti hagyat\u00e9k keresztmetszet\u00e9t mutatja be az <strong>\u00e1lland\u00f3an v\u00e1ltoz\u00f3 MCP ki\u00e1ll\u00edt\u00e1s<\/strong>, amelynek anyaga id\u0151r\u0151l id\u0151re t\u00e9m\u00e1k szerint v\u00e1ltozik.<img loading=\"lazy\" decoding=\"async\" class=\" wp-image-7566 alignleft\" src=\"https:\/\/semmelweis.hu\/csaladbarat\/files\/2025\/02\/img_2072.780x520-400x267.jpg\" alt=\"\" width=\"359\" height=\"240\" srcset=\"https:\/\/semmelweis.hu\/csaladbarat\/files\/2025\/02\/img_2072.780x520-400x267.jpg 400w, https:\/\/semmelweis.hu\/csaladbarat\/files\/2025\/02\/img_2072.780x520-768x512.jpg 768w, https:\/\/semmelweis.hu\/csaladbarat\/files\/2025\/02\/img_2072.780x520-753x502.jpg 753w, https:\/\/semmelweis.hu\/csaladbarat\/files\/2025\/02\/img_2072.780x520-203x135.jpg 203w, https:\/\/semmelweis.hu\/csaladbarat\/files\/2025\/02\/img_2072.780x520.jpg 780w\" sizes=\"auto, (max-width: 359px) 100vw, 359px\" \/><\/p>\n<p><img loading=\"lazy\" decoding=\"async\" class=\" wp-image-7565 alignright\" style=\"text-align: justify\" src=\"https:\/\/semmelweis.hu\/csaladbarat\/files\/2025\/02\/8d4d4b80a09480e15acdd099b609e41c_f3392.780x520-400x267.jpg\" alt=\"\" width=\"329\" height=\"220\" srcset=\"https:\/\/semmelweis.hu\/csaladbarat\/files\/2025\/02\/8d4d4b80a09480e15acdd099b609e41c_f3392.780x520-400x267.jpg 400w, https:\/\/semmelweis.hu\/csaladbarat\/files\/2025\/02\/8d4d4b80a09480e15acdd099b609e41c_f3392.780x520-768x512.jpg 768w, https:\/\/semmelweis.hu\/csaladbarat\/files\/2025\/02\/8d4d4b80a09480e15acdd099b609e41c_f3392.780x520-753x502.jpg 753w, https:\/\/semmelweis.hu\/csaladbarat\/files\/2025\/02\/8d4d4b80a09480e15acdd099b609e41c_f3392.780x520-203x135.jpg 203w, https:\/\/semmelweis.hu\/csaladbarat\/files\/2025\/02\/8d4d4b80a09480e15acdd099b609e41c_f3392.780x520.jpg 780w\" sizes=\"auto, (max-width: 329px) 100vw, 329px\" \/><\/p>\n<p style=\"text-align: justify\">2008 \u00f3ta k\u00e9t m\u00fazeum m\u0171k\u00f6dik egy helyen, a szomsz\u00e9dos &#8211; Moln\u00e1r-C. P\u00e1l id\u0151sebbik, Magda l\u00e1ny\u00e1nak egykori otthon\u00e1b\u00f3l kialak\u00edtott <strong>lak\u00e1sm\u00fazeum<\/strong>ban, a lak\u00f3k nev\u00e9t is meg\u00f6r\u00f6k\u00edt\u0151 -Tavasz Teremben nagy mesterek, csal\u00e1di gondoz\u00e1sban lev\u0151 gy\u0171jtem\u00e9nyeit mutatjuk be \u201ea m\u0171v\u00e9sz is ember\u201d alapgondolattal egy \u201eM\u0171v\u00e9szt\u00fck\u00f6r\u201d c\u00edm\u0171 kiadv\u00e1nyt k\u00e9zbe adva, amelyr\u0151l az alkot\u00f3 emberi l\u00e9nye, szem\u00e9lyis\u00e9ge pillant vissza r\u00e1nk.<\/p>\n<hr \/>\n<div class=\"w-100 keretes\">\n<p><strong>Kedvezm\u00e9ny:<\/strong><\/p>\n<ul>\n<li style=\"text-align: justify\"><strong>20% kedvezm\u00e9ny<\/strong> az Egyetem munkat\u00e1rsainak, hallgat\u00f3inak \u00e9s csal\u00e1dtagjaiknak<\/li>\n<li style=\"text-align: justify\">A jegyeket el\u0151re egyeztetett id\u0151pontban, a <a href=\"https:\/\/www.mcpmuzeum.hu\/\">M\u0171terem-M\u00fazeum<\/a> helysz\u00edn\u00e9n (1118 Bp. M\u00e9nesi \u00fat 65.) tudj\u00e1k <strong>Semmelweis k\u00e1rtya bemutat\u00e1sa eset\u00e9n<\/strong> kedvezm\u00e9nyes \u00e1ron megv\u00e1s\u00e1rolni.<\/li>\n<li style=\"text-align: justify\">Egy Semmelweis k\u00e1rty\u00e1val egyszerre maximum 10 darab jegy v\u00e1s\u00e1rolhat\u00f3.<\/li>\n<\/ul>\n<\/div>\n<p><strong>Nyitva tart\u00e1s:<\/strong><\/p>\n<ul class=\"alt\">\n<li><strong>Cs\u00fct\u00f6rt\u00f6k<\/strong>:\u00a010:00 &#8211; 13:00 \u00e9s 15:00 &#8211; 18:00 el\u0151zetes bejelentkez\u00e9ssel<\/li>\n<li><strong>P\u00e9ntek<\/strong>:\u00a010:00 &#8211; 13:00 \u00e9s 15:00 &#8211; 18:00 el\u0151zetes bejelentkez\u00e9ssel<\/li>\n<li><strong>Szombat<\/strong>: 10:00 &#8211; 13:00 \u00e9s 15:00 &#8211; 18:00 el\u0151zetes bejelentkez\u00e9ssel<\/li>\n<\/ul>\n<p><strong>Kapcsolat:<\/strong><\/p>\n<ul class=\"alt\">\n<li><strong>E-mail<\/strong>:\u00a0<a href=\"mailto:mcpmuzeum@gmail.com\">mcpmuzeum@gmail.com<\/a><\/li>\n<li><strong>C\u00edm<\/strong>:\u00a0<a href=\"https:\/\/www.google.hu\/maps\/place\/Moln%C3%A1r+C.+P%C3%A1l+M%C5%B1terem-m%C3%BAzeum+Budapest\/@47.4831446,19.033556,17z\/data=!3m1!4b1!4m5!3m4!1s0x4741dc34e8ae0533:0x80a5ab49825633c9!8m2!3d47.483141!4d19.03575?hl=hu\" target=\"_blank\" rel=\"noopener\">1118 Budapest, M\u00e9nesi \u00fat 65.<\/a><\/li>\n<li><strong>Telefonsz\u00e1m<\/strong>: +36 30 201 1073<\/li>\n<\/ul>\n","protected":false},"excerpt":{"rendered":"<p>20% kedvezm\u00e9ny biztos\u00edt bel\u00e9p\u0151jegyei \u00e1r\u00e1b\u00f3l a Moln\u00e1r C. P\u00e1l M\u0171terem &#8211; M\u00fazeum! Moln\u00e1r-C. P\u00e1l (1894-1981) fest\u0151m\u0171v\u00e9sz a Gell\u00e9rthegy oldal\u00e1ban, egy M\u00e9nesi \u00fati vill\u00e1ban \u00e9lt \u00e9s alkotott 50 \u00e9ven \u00e1t. Hal\u00e1la ut\u00e1n, 1984-ben kisebbik l\u00e1nya, dr. Csillag P\u00e1ln\u00e9 \u00c9va, csal\u00e1di gondoz\u00e1s\u00fa mag\u00e1nm\u00fazeumot hozott l\u00e9tre, ahol a m\u0171vek a sz\u00fclet\u00e9s\u00fck hely\u00e9n l\u00e1that\u00f3k, \u00e9s szinte \u00e9rz\u0151dik a fest\u00e9k &hellip;<\/p>\n","protected":false},"author":102441,"featured_media":7567,"comment_status":"closed","ping_status":"closed","sticky":false,"template":"","format":"standard","meta":{"_acf_changed":false,"footnotes":""},"categories":[11,14,13,218],"tags":[],"class_list":["post-7554","post","type-post","status-publish","format-standard","has-post-thumbnail","hentry","category-kedvezmenyek","category-hallgatok","category-munkatarsak","category-se-partnerek"],"acf":[],"publishpress_future_action":{"enabled":false,"date":"1970-01-01 01:00:00","action":"","terms":[],"taxonomy":"","browser_timezone_offset":0},"_links":{"self":[{"href":"https:\/\/semmelweis.hu\/csaladbarat\/wp-json\/wp\/v2\/posts\/7554","targetHints":{"allow":["GET"]}}],"collection":[{"href":"https:\/\/semmelweis.hu\/csaladbarat\/wp-json\/wp\/v2\/posts"}],"about":[{"href":"https:\/\/semmelweis.hu\/csaladbarat\/wp-json\/wp\/v2\/types\/post"}],"author":[{"embeddable":true,"href":"https:\/\/semmelweis.hu\/csaladbarat\/wp-json\/wp\/v2\/users\/102441"}],"replies":[{"embeddable":true,"href":"https:\/\/semmelweis.hu\/csaladbarat\/wp-json\/wp\/v2\/comments?post=7554"}],"version-history":[{"count":1,"href":"https:\/\/semmelweis.hu\/csaladbarat\/wp-json\/wp\/v2\/posts\/7554\/revisions"}],"predecessor-version":[{"id":7568,"href":"https:\/\/semmelweis.hu\/csaladbarat\/wp-json\/wp\/v2\/posts\/7554\/revisions\/7568"}],"wp:featuredmedia":[{"embeddable":true,"href":"https:\/\/semmelweis.hu\/csaladbarat\/wp-json\/wp\/v2\/media\/7567"}],"wp:attachment":[{"href":"https:\/\/semmelweis.hu\/csaladbarat\/wp-json\/wp\/v2\/media?parent=7554"}],"wp:term":[{"taxonomy":"category","embeddable":true,"href":"https:\/\/semmelweis.hu\/csaladbarat\/wp-json\/wp\/v2\/categories?post=7554"},{"taxonomy":"post_tag","embeddable":true,"href":"https:\/\/semmelweis.hu\/csaladbarat\/wp-json\/wp\/v2\/tags?post=7554"}],"curies":[{"name":"wp","href":"https:\/\/api.w.org\/{rel}","templated":true}]}}