{"id":7292,"date":"2025-02-10T14:25:45","date_gmt":"2025-02-10T13:25:45","guid":{"rendered":"https:\/\/semmelweis.hu\/csaladbarat\/?p=7292"},"modified":"2025-05-23T14:01:09","modified_gmt":"2025-05-23T12:01:09","slug":"loyola-cafe","status":"publish","type":"post","link":"https:\/\/semmelweis.hu\/csaladbarat\/2025\/02\/10\/loyola-cafe\/","title":{"rendered":"Loyola Caf\u00e9"},"content":{"rendered":"<h3 style=\"text-align: center\"><span style=\"font-size: 24pt\">A Loyola Caf\u00e9 <\/span><span style=\"font-size: 24pt\">\u00a0eb\u00e9did\u0151ben\u00a0 k\u00fcl\u00f6nb\u00f6z\u0151 b\u00fcf\u00e9asztalos h\u00e1zias fog\u00e1sokkal, <\/span><span style=\"font-size: 24pt\">rendk\u00edv\u00fcl kedvez\u0151 <\/span><span style=\"font-size: 24pt\">\u00e1ron <\/span><span style=\"font-size: 24pt\">v\u00e1rja a Semmelweis Polg\u00e1rokat!<\/span><\/h3>\n<p><strong>Kedvezm\u00e9nyes \u00e1r:<\/strong><\/p>\n<ul>\n<li><strong>Teljes men\u00fc:<\/strong> <del>2.250 Ft<\/del> helyett <strong>2.025 Ft<\/strong><\/li>\n<li><strong>Csak leves:<\/strong> <del>550 Ft<\/del> helyett <strong>495 Ft<\/strong><\/li>\n<li><strong>T\u00e9szta vagy desszert:<\/strong> <del>1.350 Ft<\/del> helyett <strong>1.215 Ft<\/strong><\/li>\n<li><strong>Csak f\u0151\u00e9tel:<\/strong> <del>1850 Ft<\/del> helyett <strong>1.665 Ft<\/strong><\/li>\n<\/ul>\n<div class=\"keretes w-100\">\n<p><strong>Kedvezm\u00e9ny felhaszn\u00e1lhat\u00f3s\u00e1ga:<\/strong><\/p>\n<ul>\n<li><strong>K\u00e9szp\u00e9nzes fizet\u00e9s eset\u00e9n<\/strong>\u00a0<strong>10%<\/strong> az alap\u00e1rb\u00f3l az \u00f6sszes term\u00e9kre.<\/li>\n<li>Fizet\u00e9skor fel kell mutatni a <strong>Semmelweis k\u00e1rty\u00e1t<\/strong>.<\/li>\n<\/ul>\n<\/div>\n<h2 style=\"text-align: justify\"><span style=\"font-size: 24pt\"><strong><img loading=\"lazy\" decoding=\"async\" class=\"wp-image-7293 alignright\" src=\"https:\/\/semmelweis.hu\/csaladbarat\/files\/2025\/02\/images.png\" alt=\"\" width=\"261\" height=\"261\" srcset=\"https:\/\/semmelweis.hu\/csaladbarat\/files\/2025\/02\/images.png 225w, https:\/\/semmelweis.hu\/csaladbarat\/files\/2025\/02\/images-150x150.png 150w\" sizes=\"auto, (max-width: 261px) 100vw, 261px\" \/><\/strong><\/span><\/h2>\n<p>Az aktu\u00e1lis <strong>heti men\u00fcr\u0151l<\/strong> <a href=\"https:\/\/www.facebook.com\/loyolacafe\">Facebook<\/a> oldalukr\u00f3l t\u00e1j\u00e9koz\u00f3dhatnak.<\/p>\n<p><strong>C\u00edm: 1085 Budapest, Hor\u00e1nszky u. 20.<\/strong><\/p>\n<div class=\"wDYxhc\" data-attrid=\"kc:\/location\/location:hours\" data-md=\"1005\" data-hveid=\"CC0QAA\" data-ved=\"2ahUKEwih0Puyi7mLAxXGKBAIHRyFI9oQkCl6BAgtEAA\">\n<div class=\"zloOqf PZPZlf\">\n<div class=\"t-oh\">\n<div class=\"b2JWxc h-n\" role=\"button\" aria-expanded=\"false\" data-ved=\"2ahUKEwih0Puyi7mLAxXGKBAIHRyFI9oQoT56BAgtEAM\"><strong>Nyitvatart\u00e1s:<\/strong><\/div>\n<div role=\"button\" aria-expanded=\"false\" data-ved=\"2ahUKEwih0Puyi7mLAxXGKBAIHRyFI9oQoT56BAgtEAM\"><strong>h\u00e9tf\u0151 &#8211; p\u00e9ntek: 10:00 &#8211; 15:30<\/strong><\/div>\n<div role=\"button\" aria-expanded=\"false\" data-ved=\"2ahUKEwih0Puyi7mLAxXGKBAIHRyFI9oQoT56BAgtEAM\">h\u00e9tv\u00e9ge: z\u00e1rva<\/div>\n<\/div>\n<\/div>\n<\/div>\n","protected":false},"excerpt":{"rendered":"<p>A Loyola Caf\u00e9 \u00a0eb\u00e9did\u0151ben\u00a0 k\u00fcl\u00f6nb\u00f6z\u0151 b\u00fcf\u00e9asztalos h\u00e1zias fog\u00e1sokkal, rendk\u00edv\u00fcl kedvez\u0151 \u00e1ron v\u00e1rja a Semmelweis Polg\u00e1rokat! Kedvezm\u00e9nyes \u00e1r: Teljes men\u00fc: 2.250 Ft helyett 2.025 Ft Csak leves: 550 Ft helyett 495 Ft T\u00e9szta vagy desszert: 1.350 Ft helyett 1.215 Ft Csak f\u0151\u00e9tel: 1850 Ft helyett 1.665 Ft Kedvezm\u00e9ny felhaszn\u00e1lhat\u00f3s\u00e1ga: K\u00e9szp\u00e9nzes fizet\u00e9s eset\u00e9n\u00a010% az alap\u00e1rb\u00f3l az \u00f6sszes &hellip;<\/p>\n","protected":false},"author":102441,"featured_media":7307,"comment_status":"closed","ping_status":"closed","sticky":true,"template":"","format":"standard","meta":{"_acf_changed":false,"footnotes":""},"categories":[312,14,13],"tags":[258],"class_list":["post-7292","post","type-post","status-publish","format-standard","has-post-thumbnail","hentry","category-gasztronomia","category-hallgatok","category-munkatarsak","tag-etterem"],"acf":[],"publishpress_future_action":{"enabled":false,"date":"1970-01-01 01:00:00","action":"","terms":[],"taxonomy":"","browser_timezone_offset":0},"_links":{"self":[{"href":"https:\/\/semmelweis.hu\/csaladbarat\/wp-json\/wp\/v2\/posts\/7292","targetHints":{"allow":["GET"]}}],"collection":[{"href":"https:\/\/semmelweis.hu\/csaladbarat\/wp-json\/wp\/v2\/posts"}],"about":[{"href":"https:\/\/semmelweis.hu\/csaladbarat\/wp-json\/wp\/v2\/types\/post"}],"author":[{"embeddable":true,"href":"https:\/\/semmelweis.hu\/csaladbarat\/wp-json\/wp\/v2\/users\/102441"}],"replies":[{"embeddable":true,"href":"https:\/\/semmelweis.hu\/csaladbarat\/wp-json\/wp\/v2\/comments?post=7292"}],"version-history":[{"count":8,"href":"https:\/\/semmelweis.hu\/csaladbarat\/wp-json\/wp\/v2\/posts\/7292\/revisions"}],"predecessor-version":[{"id":7306,"href":"https:\/\/semmelweis.hu\/csaladbarat\/wp-json\/wp\/v2\/posts\/7292\/revisions\/7306"}],"wp:featuredmedia":[{"embeddable":true,"href":"https:\/\/semmelweis.hu\/csaladbarat\/wp-json\/wp\/v2\/media\/7307"}],"wp:attachment":[{"href":"https:\/\/semmelweis.hu\/csaladbarat\/wp-json\/wp\/v2\/media?parent=7292"}],"wp:term":[{"taxonomy":"category","embeddable":true,"href":"https:\/\/semmelweis.hu\/csaladbarat\/wp-json\/wp\/v2\/categories?post=7292"},{"taxonomy":"post_tag","embeddable":true,"href":"https:\/\/semmelweis.hu\/csaladbarat\/wp-json\/wp\/v2\/tags?post=7292"}],"curies":[{"name":"wp","href":"https:\/\/api.w.org\/{rel}","templated":true}]}}